{"id":193499,"date":"2024-02-27T08:57:37","date_gmt":"2024-02-27T08:57:37","guid":{"rendered":"https:\/\/radiofenix.com.ar\/2023\/recuperaron-la-corona-de-la-rosa-mistica-robada-de-una-iglesia-en-la-plata\/"},"modified":"2024-02-27T08:57:37","modified_gmt":"2024-02-27T08:57:37","slug":"recuperaron-la-corona-de-la-rosa-mistica-robada-de-una-iglesia-en-la-plata","status":"publish","type":"post","link":"https:\/\/radiofenix.com.ar\/2023\/recuperaron-la-corona-de-la-rosa-mistica-robada-de-una-iglesia-en-la-plata\/","title":{"rendered":"Recuperaron la corona de la Rosa M\u00edstica robada de una iglesia en La Plata"},"content":{"rendered":"<div>\n<figure class=\"mb-3\"><img decoding=\"async\" src=\"https:\/\/www.telam.com.ar\/thumbs\/bluesteel\/advf\/imagenes\/2024\/02\/65da2f3935612_1200.jpg\" class=\" lazy \" width=\"100%\" height=\"100%\" alt=\"Corona Dorada de la Rosa Mistica robada el jueves de la iglesia de La Plata \"\/><figcaption> Corona Dorada de la Rosa Mistica robada el jueves de la iglesia de La Plata. <\/figcaption><\/figure>\n<p> La corona dorada de la Rosa M\u00edstica, una imagen de la Virgen Mar\u00eda que <strong>fue robada el jueves \u00faltimo de la parroquia Nuestra Se\u00f1ora de la Victoria <\/strong>de la ciudad bonaerense de La Plata, fue hallada por trabajadores en los jardines de una universidad y devuelta al p\u00e1rroco en ese templo, informaron fuentes policiales.<\/p>\n<p>La devoluci\u00f3n fue confirmada por el sacerdote Henry Zegarra a cargo de la iglesia ubicada en 23 y 54, a trav\u00e9s de un mensaje por redes sociales de la instituci\u00f3n.<\/p>\n<p>\u00abDios lo quiso y la Madre recuper\u00f3 su corona. Gracias a todos los que rezaron y las personas que la hallaron y tuvieron a buen acercarla hasta su Santuario\u00bb, celebr\u00f3 el sacerdote en la publicaci\u00f3n.<\/p>\n<p>Asimismo, las fuentes policiales informaron que el p\u00e1rroco celebr\u00f3 la recuperaci\u00f3n y que luego de una \u00abrestauraci\u00f3n m\u00ednima\u00bb informar\u00e1 cuando \u00abel Arzobispo la volver\u00e1 a coronar\u00bb.<\/p>\n<p><strong>El robo hab\u00eda sido denunciado por el p\u00e1rroco <\/strong>de ese templo, quien pidi\u00f3 que la devuelvan a trav\u00e9s de una serie de mensajes por redes sociales donde indicaba que una persona lo hab\u00eda despojado de su corona.<\/p>\n<p>\u201cNo s\u00e9 qui\u00e9n eres, ni por qu\u00e9 lo has hecho, s\u00f3lo te pido que la retornes!\u201d escribi\u00f3 el padre Henry en su cuenta de la red social Facebook.<\/p>\n<p>Y agreg\u00f3: \u00abSomos testigos de su amor y cercan\u00eda a cada hijo que con confianza se acerca a ella. \u00a1Te invito a que conf\u00edes en ella! \u00bfTrabajo? \u00bfSalud? Comida? \u00bfMedicinas? Ella es para nosotros pura providencia. Te bendigo y espero que le devuelvas a la Virgen, lo que sus hijos le ofrecieron. P. Henry\u00bb.<\/p>\n<p><iframe loading=\"lazy\" src=\"https:\/\/www.facebook.com\/plugins\/post.php?href=https%3A%2F%2Fwww.facebook.com%2Fparroquia.ntrasradelavictoria%2Fposts%2Fpfbid0eapNwgeo6A9Xvk16qbSyyFrEezTsY7MnMJuVU5TuKw54T7zE23urP4LVSnuodfjYl&amp;show_text=true&amp;width=500\" width=\"500\" height=\"706\" style=\"border:none;overflow:hidden\" scrolling=\"no\" frameborder=\"0\" allowfullscreen=\"true\" allow=\"autoplay; clipboard-write; encrypted-media; picture-in-picture; web-share\"><\/iframe><br \/><strong>Creada en 1949, esta iglesia <\/strong>se convirti\u00f3 en la d\u00e9cada del 80 en un lugar de peregrinaci\u00f3n con la llegada de la imagen de Mar\u00eda Rosa M\u00edstica al templo y en julio de<strong>l 2005<\/strong> el Camar\u00edn de la Virgen fue elevado a la categor\u00eda de <strong>Santuario Arquidiocesano.<\/strong><\/p>\n<p>Si bien contiene la imagen de varios santos y santas, en esta parroquia la veneraci\u00f3n de los fieles se centr\u00f3 en la de la Rosa M\u00edstica, que representa a la Virgen Mar\u00eda como la madre de la Iglesia y \u00abla mediadora de todas las gracias\u00bb. <\/p>\n<\/div>\n<p><script async defer crossorigin=\"anonymous\" src=\"https:\/\/connect.facebook.net\/es_LA\/sdk.js#xfbml=1&#038;version=v12.0\" nonce=\"SBlHQzIF\"><\/script><br \/><a href=\"https:\/\/www.telam.com.ar\/notas\/202402\/656216-recuperan-corona-rosa-mistica-robada-iglesia-la-plata.html\">source<\/a><\/p>\n","protected":false},"excerpt":{"rendered":"<p>Corona Dorada de la Rosa Mistica robada el jueves de la iglesia de La Plata&#8230;.<\/p>\n","protected":false},"author":0,"featured_media":193500,"comment_status":"open","ping_status":"open","sticky":false,"template":"","format":"standard","meta":{"footnotes":""},"categories":[64],"tags":[],"class_list":["post-193499","post","type-post","status-publish","format-standard","has-post-thumbnail","hentry","category-policiales"],"featured_image_urls":{"full":["https:\/\/radiofenix.com.ar\/2023\/wp-content\/uploads\/2024\/02\/wp-header-logo-244.png",1200,675,false],"thumbnail":["https:\/\/radiofenix.com.ar\/2023\/wp-content\/uploads\/2024\/02\/wp-header-logo-244-150x150.png",150,150,true],"medium":["https:\/\/radiofenix.com.ar\/2023\/wp-content\/uploads\/2024\/02\/wp-header-logo-244-300x169.png",300,169,true],"medium_large":["https:\/\/radiofenix.com.ar\/2023\/wp-content\/uploads\/2024\/02\/wp-header-logo-244-768x432.png",640,360,true],"large":["https:\/\/radiofenix.com.ar\/2023\/wp-content\/uploads\/2024\/02\/wp-header-logo-244-1024x576.png",640,360,true],"1536x1536":["https:\/\/radiofenix.com.ar\/2023\/wp-content\/uploads\/2024\/02\/wp-header-logo-244.png",1200,675,false],"2048x2048":["https:\/\/radiofenix.com.ar\/2023\/wp-content\/uploads\/2024\/02\/wp-header-logo-244.png",1200,675,false],"newsium-slider-full":["https:\/\/radiofenix.com.ar\/2023\/wp-content\/uploads\/2024\/02\/wp-header-logo-244.png",1200,675,false],"newsium-featured":["https:\/\/radiofenix.com.ar\/2023\/wp-content\/uploads\/2024\/02\/wp-header-logo-244-1024x576.png",1024,576,true],"newsium-medium":["https:\/\/radiofenix.com.ar\/2023\/wp-content\/uploads\/2024\/02\/wp-header-logo-244-720x475.png",720,475,true]},"author_info":{"info":[""]},"category_info":"<a href=\"https:\/\/radiofenix.com.ar\/2023\/category\/policiales\/\" rel=\"category tag\">Policiales<\/a>","tag_info":"Policiales","comment_count":"0","_links":{"self":[{"href":"https:\/\/radiofenix.com.ar\/2023\/wp-json\/wp\/v2\/posts\/193499","targetHints":{"allow":["GET"]}}],"collection":[{"href":"https:\/\/radiofenix.com.ar\/2023\/wp-json\/wp\/v2\/posts"}],"about":[{"href":"https:\/\/radiofenix.com.ar\/2023\/wp-json\/wp\/v2\/types\/post"}],"replies":[{"embeddable":true,"href":"https:\/\/radiofenix.com.ar\/2023\/wp-json\/wp\/v2\/comments?post=193499"}],"version-history":[{"count":0,"href":"https:\/\/radiofenix.com.ar\/2023\/wp-json\/wp\/v2\/posts\/193499\/revisions"}],"wp:featuredmedia":[{"embeddable":true,"href":"https:\/\/radiofenix.com.ar\/2023\/wp-json\/wp\/v2\/media\/193500"}],"wp:attachment":[{"href":"https:\/\/radiofenix.com.ar\/2023\/wp-json\/wp\/v2\/media?parent=193499"}],"wp:term":[{"taxonomy":"category","embeddable":true,"href":"https:\/\/radiofenix.com.ar\/2023\/wp-json\/wp\/v2\/categories?post=193499"},{"taxonomy":"post_tag","embeddable":true,"href":"https:\/\/radiofenix.com.ar\/2023\/wp-json\/wp\/v2\/tags?post=193499"}],"curies":[{"name":"wp","href":"https:\/\/api.w.org\/{rel}","templated":true}]}}