{"id":193521,"date":"2024-02-27T20:05:59","date_gmt":"2024-02-27T20:05:59","guid":{"rendered":"https:\/\/radiofenix.com.ar\/2023\/hallaron-asesinado-y-con-signos-de-defensa-a-un-hombre-de-71-anos-en-un-country-de-pilar\/"},"modified":"2024-02-27T20:05:59","modified_gmt":"2024-02-27T20:05:59","slug":"hallaron-asesinado-y-con-signos-de-defensa-a-un-hombre-de-71-anos-en-un-country-de-pilar","status":"publish","type":"post","link":"https:\/\/radiofenix.com.ar\/2023\/hallaron-asesinado-y-con-signos-de-defensa-a-un-hombre-de-71-anos-en-un-country-de-pilar\/","title":{"rendered":"Hallaron asesinado y con signos de defensa a un hombre de 71 a\u00f1os en un country de Pilar"},"content":{"rendered":"<div>\n<figure class=\"mb-3\"><img decoding=\"async\" src=\"https:\/\/www.telam.com.ar\/thumbs\/bluesteel\/advf\/imagenes\/2024\/02\/65ddb415dbd60_1200.png\" class=\" lazy \" width=\"100%\" height=\"100%\" alt=\"Telam SE\"\/><figcaption\/><\/figure>\n<p> Un jubilado de 71 a\u00f1os fue encontrado ahorcado y con el rostro y sus manos ensangrentadas dentro de su casa de un country del partido de Pilar por un profesor de piano con quien tomaba clases, y los investigadores intentan ahora determinar si se trat\u00f3 de un crimen en ocasi\u00f3n de robo, ya que determinaron como \u00fanico faltante el tel\u00e9fono celular de la v\u00edctima, informaron fuentes policiales y judiciales.<\/p>\n<p>El hecho, que se conoci\u00f3 este lunes, fue descubierto el pasado viernes por la tarde <strong>en una casa del barrio cerrado La Delfina<\/strong>, cuyo ingreso est\u00e1 sobre la <strong>calle Presidente Per\u00f3n al 1300, en la localidad de Presidente Derqui<\/strong>, en el norte del conurbano, y la v\u00edctima fue identificada como Roberto Eduardo Wolfenson Band, un jubilado de 71 a\u00f1os que viv\u00eda en ese country junto a su esposa, quien no estaba en el momento del crimen.<\/p>\n<p>Si bien en un primer momento los investigadores creyeron que se hab\u00eda tratado de una muerte natural, ya que el hombre padec\u00eda problemas card\u00edacos, <strong>el resultado de la autopsia que recibi\u00f3 la Justicia al d\u00eda siguiente determin\u00f3 que el jubilado hab\u00eda sido asesinado<\/strong>.<\/p>\n<p>Seg\u00fan los investigadores, personal de la comisar\u00eda 2a.de Pilar arrib\u00f3 al lugar luego de un llamado por parte de la guardia del barrio, que alertaba sobre una persona fallecida en una casa.<\/p>\n<h2 class=\"\">El hallazgo<\/h2>\n<p> Los pesquisas determinaron que el viernes cerca de las 17,<strong> lleg\u00f3 al barrio un profesor de piano con quien Wolfenson Band tomaba habitualmente clases, pero el jubilado no respondi\u00f3 a los llamados<\/strong>.<\/p>\n<p>Ante esa situaci\u00f3n, el personal de seguridad se comunic\u00f3 con la esposa del jubilado para alertarla por la ausencia, por lo que la mujer autoriz\u00f3 a los custodios del lugar para que ingresen junto al profesor de piano y a un vecino de confianza, quienes encontraron muerto al hombre.<\/p>\n<p>La mujer se encontraba en ese momento en la casa de una de sus hijas en el barrio porte\u00f1o de Villa Devoto, y lleg\u00f3 cerca de las 18, cuando ya los m\u00e9dicos de una empresa de emergencias privada hab\u00edan determinado la muerte de su marido.<\/p>\n<p><strong>Un m\u00e9dico forense que revis\u00f3 el cad\u00e1ver estableci\u00f3, en base a los datos aportados por la esposa de Wolfenson Band acerca de que su marido ten\u00eda problemas card\u00edacos<\/strong>, que la muerte se hab\u00eda producido por un infarto de miocardio porque padec\u00eda arritmias.<\/p>\n<p>Sin embargo y a pesar de la informaci\u00f3n aportada, el fiscal Andr\u00e9s Quintana, quien el viernes subrogaba la Unidad Funcional de Instrucci\u00f3n (UFI) 3 de Pilar, orden\u00f3 el traslado del cad\u00e1ver para la realizaci\u00f3n de una autopsia y el resultado preliminar que recibi\u00f3 el s\u00e1bado por la ma\u00f1ana provoc\u00f3 un vuelco en la investigaci\u00f3n, ya que determin\u00f3 que el hombre hab\u00eda sido asesinado por ahorcamiento.<\/p>\n<p>\u00abLa muerte se produjo por ahorcamiento, pero adem\u00e1s ten\u00eda un corte en la parte posterior del cuello, hematomas internos por el ahorcamiento y signos de defensa en las manos y brazos\u00bb, dijo a T\u00e9lam un investigador.<\/p>\n<p>Los pesquisas realizaron un relevamiento en toda la vivienda y establecieron que no hab\u00eda signos de violencia en ninguno de los accesos a la casa y que todos los ambientes se hallaban en orden y con todos los objetos de valor en su lugar.<\/p>\n<p>\u00abEl \u00fanico faltante que se pudo establecer fue el tel\u00e9fono celular del hombre fallecido. En la casa hab\u00eda una caja de seguridad que ten\u00eda en su interior el dinero intacto\u00bb, explic\u00f3 el investigador, quien agreg\u00f3 que el fiscal Germ\u00e1n Camafreita, titular de la UFI 3, regres\u00f3 el mismo s\u00e1bado y se hizo cargo de la pesquisa.<\/p>\n<p>De hecho, el fiscal Camafreita orden\u00f3 ahora un relevamiento de c\u00e1maras de seguridad de las casas vecinas y de la guardia, como as\u00ed tambi\u00e9n un an\u00e1lisis de los ingresos y egresos del barrio para intentar identificar al homicida.<\/p>\n<p>Tambi\u00e9n se comenz\u00f3 a trabajar sobre las comunicaciones que pudo haber realizado el hombre antes de ser asesinado y se pidieron informes a las empresas de telefon\u00eda. <\/p>\n<\/div>\n<p><script async defer crossorigin=\"anonymous\" src=\"https:\/\/connect.facebook.net\/es_LA\/sdk.js#xfbml=1&#038;version=v12.0\" nonce=\"SBlHQzIF\"><\/script><br \/><a href=\"https:\/\/www.telam.com.ar\/notas\/202402\/656389-asesinado-country-pilar.html\">source<\/a><\/p>\n","protected":false},"excerpt":{"rendered":"<p>Un jubilado de 71 a\u00f1os fue encontrado ahorcado y con el rostro y sus manos&#8230;<\/p>\n","protected":false},"author":0,"featured_media":193522,"comment_status":"open","ping_status":"open","sticky":false,"template":"","format":"standard","meta":{"footnotes":""},"categories":[64],"tags":[],"class_list":["post-193521","post","type-post","status-publish","format-standard","has-post-thumbnail","hentry","category-policiales"],"featured_image_urls":{"full":["https:\/\/radiofenix.com.ar\/2023\/wp-content\/uploads\/2024\/02\/wp-header-logo-255.png",1200,674,false],"thumbnail":["https:\/\/radiofenix.com.ar\/2023\/wp-content\/uploads\/2024\/02\/wp-header-logo-255-150x150.png",150,150,true],"medium":["https:\/\/radiofenix.com.ar\/2023\/wp-content\/uploads\/2024\/02\/wp-header-logo-255-300x169.png",300,169,true],"medium_large":["https:\/\/radiofenix.com.ar\/2023\/wp-content\/uploads\/2024\/02\/wp-header-logo-255-768x431.png",640,359,true],"large":["https:\/\/radiofenix.com.ar\/2023\/wp-content\/uploads\/2024\/02\/wp-header-logo-255-1024x575.png",640,359,true],"1536x1536":["https:\/\/radiofenix.com.ar\/2023\/wp-content\/uploads\/2024\/02\/wp-header-logo-255.png",1200,674,false],"2048x2048":["https:\/\/radiofenix.com.ar\/2023\/wp-content\/uploads\/2024\/02\/wp-header-logo-255.png",1200,674,false],"newsium-slider-full":["https:\/\/radiofenix.com.ar\/2023\/wp-content\/uploads\/2024\/02\/wp-header-logo-255.png",1200,674,false],"newsium-featured":["https:\/\/radiofenix.com.ar\/2023\/wp-content\/uploads\/2024\/02\/wp-header-logo-255-1024x575.png",1024,575,true],"newsium-medium":["https:\/\/radiofenix.com.ar\/2023\/wp-content\/uploads\/2024\/02\/wp-header-logo-255-720x475.png",720,475,true]},"author_info":{"info":[""]},"category_info":"<a href=\"https:\/\/radiofenix.com.ar\/2023\/category\/policiales\/\" rel=\"category tag\">Policiales<\/a>","tag_info":"Policiales","comment_count":"0","_links":{"self":[{"href":"https:\/\/radiofenix.com.ar\/2023\/wp-json\/wp\/v2\/posts\/193521","targetHints":{"allow":["GET"]}}],"collection":[{"href":"https:\/\/radiofenix.com.ar\/2023\/wp-json\/wp\/v2\/posts"}],"about":[{"href":"https:\/\/radiofenix.com.ar\/2023\/wp-json\/wp\/v2\/types\/post"}],"replies":[{"embeddable":true,"href":"https:\/\/radiofenix.com.ar\/2023\/wp-json\/wp\/v2\/comments?post=193521"}],"version-history":[{"count":0,"href":"https:\/\/radiofenix.com.ar\/2023\/wp-json\/wp\/v2\/posts\/193521\/revisions"}],"wp:featuredmedia":[{"embeddable":true,"href":"https:\/\/radiofenix.com.ar\/2023\/wp-json\/wp\/v2\/media\/193522"}],"wp:attachment":[{"href":"https:\/\/radiofenix.com.ar\/2023\/wp-json\/wp\/v2\/media?parent=193521"}],"wp:term":[{"taxonomy":"category","embeddable":true,"href":"https:\/\/radiofenix.com.ar\/2023\/wp-json\/wp\/v2\/categories?post=193521"},{"taxonomy":"post_tag","embeddable":true,"href":"https:\/\/radiofenix.com.ar\/2023\/wp-json\/wp\/v2\/tags?post=193521"}],"curies":[{"name":"wp","href":"https:\/\/api.w.org\/{rel}","templated":true}]}}