{"id":193579,"date":"2024-03-01T08:57:22","date_gmt":"2024-03-01T08:57:22","guid":{"rendered":"https:\/\/radiofenix.com.ar\/2023\/canada-vuelve-a-exigir-visas-a-los-mexicanos\/"},"modified":"2024-03-01T08:57:22","modified_gmt":"2024-03-01T08:57:22","slug":"canada-vuelve-a-exigir-visas-a-los-mexicanos","status":"publish","type":"post","link":"https:\/\/radiofenix.com.ar\/2023\/canada-vuelve-a-exigir-visas-a-los-mexicanos\/","title":{"rendered":"Canad\u00e1 vuelve a exigir visas a los mexicanos"},"content":{"rendered":"<div>\n<figure class=\"mb-3\"><img decoding=\"async\" src=\"https:\/\/www.telam.com.ar\/thumbs\/bluesteel\/advf\/imagenes\/2018\/02\/5a739302df323_1200.jpg\" class=\" lazy \" width=\"100%\" height=\"100%\" alt=\"El presidente de Mxico Andrs Manuel Lpez Obrador le reproch la decisin a su par canadiense\"\/><figcaption> El presidente de M\u00e9xico, Andr\u00e9s Manuel L\u00f3pez Obrador, le reproch\u00f3 la decisi\u00f3n a su par canadiense. <\/figcaption><\/figure>\n<p> Canad\u00e1 anunci\u00f3 este jueves que despu\u00e9s de casi ocho a\u00f1os volver\u00e1 a exigir visas a los mexicanos que quieran ingresar a su territorio, debido a una explosi\u00f3n de pedidos de asilo de ciudadanos provenientes de ese pa\u00eds.<\/p>\n<p>\u00abLos ciudadanos mexicanos deber\u00e1n obtener una visa para venir a Canad\u00e1 a partir de ahora\u00bb, anunci\u00f3 en una conferencia de prensa el ministro de Inmigraci\u00f3n, Marc Miller, quien dijo que la medida busca preservar \u00abla viabilidad del sistema de asilo y de inmigraci\u00f3n\u00bb.<\/p>\n<p>Por su parte, el presidente de M\u00e9xico, Andr\u00e9s Manuel L\u00f3pez Obrador, le reproch\u00f3 a Canad\u00e1 la decisi\u00f3n de volver a imponer visas a mexicanos.<\/p>\n<blockquote class=\"\"><p>Canad\u00e1 hab\u00eda retirado la exigencia de visas para los mexicanos en diciembre de 2016<\/p><\/blockquote>\n<p> \u00abUn peque\u00f1o reproche fraterno, respetuoso al primer ministro\u00bb de Canad\u00e1, Justin Trudeau, expres\u00f3 el mandatario en su habitual conferencia de prensa, seg\u00fan consign\u00f3 la agencia de noticias AFP.<\/p>\n<p>\u00abNosotros vamos a buscar opciones, alternativas, no podemos romper relaciones con Canad\u00e1, ni con otros gobiernos, porque es muy bueno el intercambio econ\u00f3mico\u00bb, prosigui\u00f3, sin dar detalles.<\/p>\n<p>Adem\u00e1s, el presidente mexicano le dijo a Trudeau que su gobierno \u00abconvenci\u00f3\u00bb al del expresidente estadounidense Donald Trump de mantener a Canad\u00e1 en la renegociaci\u00f3n del Tratado de Libre Comercio de Am\u00e9rica del Norte que entr\u00f3 en vigor en 1994 y que se convirti\u00f3 en el T-MEC en julio de 2020.<\/p>\n<p>\u00abNosotros los ayudamos, y \u00e9l (Trudeau) lo sabe, para que se aceptara que Canad\u00e1 participara\u00bb en el T-MEC, sostuvo L\u00f3pez Obrador.<\/p>\n<p><figure class=\"mb-3\"><img decoding=\"async\" src=\"https:\/\/www.telam.com.ar\/thumbs\/bluesteel\/advf\/imagenes\/2013\/04\/51767d1b8e62f_1200.jpg\" class=\" lazy \" width=\"100%\" height=\"100%\" alt=\"Nosotros vamos a buscar opciones alternativas no podemos romper relaciones con Canad dijo Lpez Obrador\"\/><figcaption> \u00abNosotros vamos a buscar opciones, alternativas, no podemos romper relaciones con Canad\u00e1\u00bb dijo L\u00f3pez Obrador. <\/figcaption><\/figure>\n<p>Trump y Trudeau \u00abno se llevaban bien, entonces (el exmandatario estadounidense) no quer\u00eda que se incluyera a Canad\u00e1, quer\u00eda un tratado bilateral M\u00e9xico-Estados Unidos, y yo insist\u00ed (&#8230;) y lo convenc\u00ed\u00bb de mantener a los mismos integrantes en el acuerdo comercial, dijo L\u00f3pez Obrador.<\/p>\n<p>Canad\u00e1 hab\u00eda retirado la exigencia de visas para los mexicanos en diciembre de 2016.<\/p>\n<p>Algunas exenciones ser\u00e1n aplicadas. Los ciudadanos mexicanos que viajen a Canad\u00e1 podr\u00e1n solicitar una autorizaci\u00f3n de viaje electr\u00f3nica simple si han tenido una visa canadiense en la \u00faltima d\u00e9cada o si tienen una visa estadounidense v\u00e1lida.<\/p>\n<blockquote class=\"\"><p>Canad\u00e1 est\u00e1 bajo presi\u00f3n desde hace semanas, en particular por parte del primer ministro de Quebec, Fran\u00e7ois Legault, quien afirm\u00f3 que su provincia ha llegado a un punto cr\u00edtico en materia de inmigraci\u00f3n y est\u00e1 desbordada por las solicitudes de asilo<\/p><\/blockquote>\n<p>\u00a0<br \/> Seg\u00fan el Gobierno canadiense, los mexicanos representaron el 17% de todas las solicitudes de asilo en 2023. La mayor\u00eda fueron rechazadas o retiradas por los solicitantes.<\/p>\n<p>\u00abDamos gran importancia a nuestros estrechos v\u00ednculos con M\u00e9xico. M\u00e9xico es y seguir\u00e1 siendo un socio importante\u00bb, insisti\u00f3 el ministro, admitiendo que el Gobierno de L\u00f3pez Obrador ya hab\u00eda expresado su descontento con este cambio.<\/p>\n<p>Canad\u00e1 est\u00e1 bajo presi\u00f3n desde hace semanas, en particular por parte del primer ministro de Quebec, Fran\u00e7ois Legault, quien afirm\u00f3 que su provincia ha llegado a un punto cr\u00edtico en materia de inmigraci\u00f3n y est\u00e1 desbordada por las solicitudes de asilo. <\/p>\n<\/div>\n<p><script async defer crossorigin=\"anonymous\" src=\"https:\/\/connect.facebook.net\/es_LA\/sdk.js#xfbml=1&#038;version=v12.0\" nonce=\"SBlHQzIF\"><\/script><br \/><a href=\"https:\/\/www.telam.com.ar\/notas\/202402\/656714-canada-pide-visa.html\">source<\/a><\/p>\n","protected":false},"excerpt":{"rendered":"<p>El presidente de M\u00e9xico, Andr\u00e9s Manuel L\u00f3pez Obrador, le reproch\u00f3 la decisi\u00f3n a su par&#8230;<\/p>\n","protected":false},"author":0,"featured_media":193580,"comment_status":"open","ping_status":"open","sticky":false,"template":"","format":"standard","meta":{"footnotes":""},"categories":[60],"tags":[],"class_list":["post-193579","post","type-post","status-publish","format-standard","has-post-thumbnail","hentry","category-internacional"],"featured_image_urls":{"full":["https:\/\/radiofenix.com.ar\/2023\/wp-content\/uploads\/2024\/03\/wp-header-logo-2.png",1004,565,false],"thumbnail":["https:\/\/radiofenix.com.ar\/2023\/wp-content\/uploads\/2024\/03\/wp-header-logo-2-150x150.png",150,150,true],"medium":["https:\/\/radiofenix.com.ar\/2023\/wp-content\/uploads\/2024\/03\/wp-header-logo-2-300x169.png",300,169,true],"medium_large":["https:\/\/radiofenix.com.ar\/2023\/wp-content\/uploads\/2024\/03\/wp-header-logo-2-768x432.png",640,360,true],"large":["https:\/\/radiofenix.com.ar\/2023\/wp-content\/uploads\/2024\/03\/wp-header-logo-2.png",640,360,false],"1536x1536":["https:\/\/radiofenix.com.ar\/2023\/wp-content\/uploads\/2024\/03\/wp-header-logo-2.png",1004,565,false],"2048x2048":["https:\/\/radiofenix.com.ar\/2023\/wp-content\/uploads\/2024\/03\/wp-header-logo-2.png",1004,565,false],"newsium-slider-full":["https:\/\/radiofenix.com.ar\/2023\/wp-content\/uploads\/2024\/03\/wp-header-logo-2.png",1004,565,false],"newsium-featured":["https:\/\/radiofenix.com.ar\/2023\/wp-content\/uploads\/2024\/03\/wp-header-logo-2.png",1004,565,false],"newsium-medium":["https:\/\/radiofenix.com.ar\/2023\/wp-content\/uploads\/2024\/03\/wp-header-logo-2-720x475.png",720,475,true]},"author_info":{"info":[""]},"category_info":"<a href=\"https:\/\/radiofenix.com.ar\/2023\/category\/internacional\/\" rel=\"category tag\">Internacional<\/a>","tag_info":"Internacional","comment_count":"0","_links":{"self":[{"href":"https:\/\/radiofenix.com.ar\/2023\/wp-json\/wp\/v2\/posts\/193579","targetHints":{"allow":["GET"]}}],"collection":[{"href":"https:\/\/radiofenix.com.ar\/2023\/wp-json\/wp\/v2\/posts"}],"about":[{"href":"https:\/\/radiofenix.com.ar\/2023\/wp-json\/wp\/v2\/types\/post"}],"replies":[{"embeddable":true,"href":"https:\/\/radiofenix.com.ar\/2023\/wp-json\/wp\/v2\/comments?post=193579"}],"version-history":[{"count":0,"href":"https:\/\/radiofenix.com.ar\/2023\/wp-json\/wp\/v2\/posts\/193579\/revisions"}],"wp:featuredmedia":[{"embeddable":true,"href":"https:\/\/radiofenix.com.ar\/2023\/wp-json\/wp\/v2\/media\/193580"}],"wp:attachment":[{"href":"https:\/\/radiofenix.com.ar\/2023\/wp-json\/wp\/v2\/media?parent=193579"}],"wp:term":[{"taxonomy":"category","embeddable":true,"href":"https:\/\/radiofenix.com.ar\/2023\/wp-json\/wp\/v2\/categories?post=193579"},{"taxonomy":"post_tag","embeddable":true,"href":"https:\/\/radiofenix.com.ar\/2023\/wp-json\/wp\/v2\/tags?post=193579"}],"curies":[{"name":"wp","href":"https:\/\/api.w.org\/{rel}","templated":true}]}}