{"id":193589,"date":"2024-03-02T08:57:20","date_gmt":"2024-03-02T08:57:20","guid":{"rendered":"https:\/\/radiofenix.com.ar\/2023\/un-cura-fue-condenado-por-abuso-y-debera-pagar-13-millones-de-pesos-a-la-victima\/"},"modified":"2024-03-02T08:57:20","modified_gmt":"2024-03-02T08:57:20","slug":"un-cura-fue-condenado-por-abuso-y-debera-pagar-13-millones-de-pesos-a-la-victima","status":"publish","type":"post","link":"https:\/\/radiofenix.com.ar\/2023\/un-cura-fue-condenado-por-abuso-y-debera-pagar-13-millones-de-pesos-a-la-victima\/","title":{"rendered":"Un cura fue condenado por abuso y deber\u00e1 pagar 13 millones de pesos a la victima"},"content":{"rendered":"<div>\n<figure class=\"mb-3\"><img decoding=\"async\" src=\"https:\/\/www.telam.com.ar\/thumbs\/bluesteel\/advf\/imagenes\/2018\/01\/5a5605b2efd86_1200.jpg\" class=\" lazy \" width=\"100%\" height=\"100%\" alt=\"Los Tribunales estatales hicieron lugar a la demanda contra un sacerdote y el Arzobispado de Mendoza\"\/><figcaption> Los Tribunales estatales hicieron lugar a la demanda contra un sacerdote y el Arzobispado de Mendoza. <\/figcaption><\/figure>\n<p> La justicia de Mendoza encontr\u00f3 culpable de abuso y hostigamiento al sacerdote Alberto Daniel Sard\u00e1 y fue sentenciado por la justicia civil a pagar, junto al Arzobispado de Mendoza, la suma de 13 millones de pesos de indemnizaci\u00f3n en perjuicio de una mujer que fue v\u00edctima cuando era menor, en el departamento mendocino de San Mart\u00edn, informaron fuentes judiciales.<\/p>\n<p>El <strong>Tercer Tribunal de Gesti\u00f3n Asociada <\/strong>de Mendoza, a cargo de Mar\u00eda Ang\u00e9lica Gamboa, \u00abdio lugar a la demanda de da\u00f1os y perjuicios presentada por la v\u00edctima y condenar a los demandados <strong>Alberto Daniel Sard\u00e1 y Arzobispado de Mendoza<\/strong>, a pagar a la demandante, en el <strong>plazo de diez d\u00edas<\/strong>, la suma de $13.000.000&#8243;, se\u00f1ala la resoluci\u00f3n del Tribunal con fecha 28 de febrero de 2024.<\/p>\n<p>\u00abHay que recordar que no es una condena en sede penal, es una condena, si cabe la expresi\u00f3n, en sede civil\u00bb, dijo a T\u00e9lam el abogado de la v\u00edctima, Carlos Lombardi, sobre la resoluci\u00f3n.<\/p>\n<p>Y agreg\u00f3 que \u00ab<strong>los Tribunales estatales hicieron lugar a la demanda por da\u00f1os derivados de violencia de g\u00e9nero contra el cura y contra el Arzobispado de Mendoza. Son da\u00f1os, digamos, un resarcimiento, una indemnizaci\u00f3n<\/strong>\u00ab.<\/p>\n<p>Sobre el expediente, el letrado explic\u00f3 que en \u00abel fuero penal el cura fue sobrese\u00eddo no porque fuese inocente, sino por la prescripci\u00f3n de la acci\u00f3n penal que se aplica restrictivamente pero que indica que el Estado no puede seguir persiguiendo delitos por el paso del tiempo. No es porque la persona -en este caso el cura- sea inocente o no se hayan cometido los hechos\u00bb.<\/p>\n<p>La demanda tiene que ver con abuso sexual que ocurri\u00f3 cuando la v\u00edctima era menor y el demandado era el sacerdote de la parroquia Inmaculada Concepci\u00f3n, en el distrito de Palmira, de la localidad mendocina de San Mart\u00edn.<\/p>\n<\/div>\n<p><script async defer crossorigin=\"anonymous\" src=\"https:\/\/connect.facebook.net\/es_LA\/sdk.js#xfbml=1&#038;version=v12.0\" nonce=\"SBlHQzIF\"><\/script><br \/><a href=\"https:\/\/www.telam.com.ar\/notas\/202403\/656848-cura-condenado-abuso-pagar-13-millonespesos-indemnizacion-victima.html\">source<\/a><\/p>\n","protected":false},"excerpt":{"rendered":"<p>Los Tribunales estatales hicieron lugar a la demanda contra un sacerdote y el Arzobispado de&#8230;<\/p>\n","protected":false},"author":0,"featured_media":193590,"comment_status":"open","ping_status":"open","sticky":false,"template":"","format":"standard","meta":{"footnotes":""},"categories":[7],"tags":[],"class_list":["post-193589","post","type-post","status-publish","format-standard","has-post-thumbnail","hentry","category-sociedad"],"featured_image_urls":{"full":["https:\/\/radiofenix.com.ar\/2023\/wp-content\/uploads\/2024\/03\/wp-header-logo-7.png",1004,565,false],"thumbnail":["https:\/\/radiofenix.com.ar\/2023\/wp-content\/uploads\/2024\/03\/wp-header-logo-7-150x150.png",150,150,true],"medium":["https:\/\/radiofenix.com.ar\/2023\/wp-content\/uploads\/2024\/03\/wp-header-logo-7-300x169.png",300,169,true],"medium_large":["https:\/\/radiofenix.com.ar\/2023\/wp-content\/uploads\/2024\/03\/wp-header-logo-7-768x432.png",640,360,true],"large":["https:\/\/radiofenix.com.ar\/2023\/wp-content\/uploads\/2024\/03\/wp-header-logo-7.png",640,360,false],"1536x1536":["https:\/\/radiofenix.com.ar\/2023\/wp-content\/uploads\/2024\/03\/wp-header-logo-7.png",1004,565,false],"2048x2048":["https:\/\/radiofenix.com.ar\/2023\/wp-content\/uploads\/2024\/03\/wp-header-logo-7.png",1004,565,false],"newsium-slider-full":["https:\/\/radiofenix.com.ar\/2023\/wp-content\/uploads\/2024\/03\/wp-header-logo-7.png",1004,565,false],"newsium-featured":["https:\/\/radiofenix.com.ar\/2023\/wp-content\/uploads\/2024\/03\/wp-header-logo-7.png",1004,565,false],"newsium-medium":["https:\/\/radiofenix.com.ar\/2023\/wp-content\/uploads\/2024\/03\/wp-header-logo-7-720x475.png",720,475,true]},"author_info":{"info":[""]},"category_info":"<a href=\"https:\/\/radiofenix.com.ar\/2023\/category\/sociedad\/\" rel=\"category tag\">Sociedad<\/a>","tag_info":"Sociedad","comment_count":"0","_links":{"self":[{"href":"https:\/\/radiofenix.com.ar\/2023\/wp-json\/wp\/v2\/posts\/193589","targetHints":{"allow":["GET"]}}],"collection":[{"href":"https:\/\/radiofenix.com.ar\/2023\/wp-json\/wp\/v2\/posts"}],"about":[{"href":"https:\/\/radiofenix.com.ar\/2023\/wp-json\/wp\/v2\/types\/post"}],"replies":[{"embeddable":true,"href":"https:\/\/radiofenix.com.ar\/2023\/wp-json\/wp\/v2\/comments?post=193589"}],"version-history":[{"count":0,"href":"https:\/\/radiofenix.com.ar\/2023\/wp-json\/wp\/v2\/posts\/193589\/revisions"}],"wp:featuredmedia":[{"embeddable":true,"href":"https:\/\/radiofenix.com.ar\/2023\/wp-json\/wp\/v2\/media\/193590"}],"wp:attachment":[{"href":"https:\/\/radiofenix.com.ar\/2023\/wp-json\/wp\/v2\/media?parent=193589"}],"wp:term":[{"taxonomy":"category","embeddable":true,"href":"https:\/\/radiofenix.com.ar\/2023\/wp-json\/wp\/v2\/categories?post=193589"},{"taxonomy":"post_tag","embeddable":true,"href":"https:\/\/radiofenix.com.ar\/2023\/wp-json\/wp\/v2\/tags?post=193589"}],"curies":[{"name":"wp","href":"https:\/\/api.w.org\/{rel}","templated":true}]}}