{"id":193611,"date":"2024-03-03T08:57:38","date_gmt":"2024-03-03T08:57:38","guid":{"rendered":"https:\/\/radiofenix.com.ar\/2023\/un-jurado-popular-declaro-culpable-a-un-hombre-que-intento-matar-a-su-expareja-y-a-su-hijo\/"},"modified":"2024-03-03T08:57:38","modified_gmt":"2024-03-03T08:57:38","slug":"un-jurado-popular-declaro-culpable-a-un-hombre-que-intento-matar-a-su-expareja-y-a-su-hijo","status":"publish","type":"post","link":"https:\/\/radiofenix.com.ar\/2023\/un-jurado-popular-declaro-culpable-a-un-hombre-que-intento-matar-a-su-expareja-y-a-su-hijo\/","title":{"rendered":"Un jurado popular declar\u00f3 culpable a un hombre que intent\u00f3 matar a su expareja y a su hijo"},"content":{"rendered":"<div>\n<figure class=\"mb-3\"><img decoding=\"async\" src=\"https:\/\/www.telam.com.ar\/thumbs\/bluesteel\/advf\/imagenes\/2022\/03\/6244d32e7d406_1200.jpg\" class=\" lazy \" width=\"100%\" height=\"100%\" alt=\"Un hombre fue declarado culpable por un jurado popular por el intento de homicidio de su expareja y del hijo de ambos Foto Archivo\"\/><figcaption> Un hombre fue declarado culpable por un jurado popular por el intento de homicidio de su expareja y del hijo de ambos \/ Foto: Archivo. <\/figcaption><\/figure>\n<p> Un hombre <strong>fue declarado culpable del intento de homicidio de su expareja y del hijo de ambos<\/strong>, al cabo de un juicio llevado adelante por un jurado popular en la ciudad de Neuqu\u00e9n, informaron hoy fuentes judiciales.<\/p>\n<p>El veredicto de culpabilidad respald\u00f3 el pedido del fiscal jefe Agust\u00edn Garc\u00eda, quien hab\u00eda solicitado que el imputado, Walter Hugo Zanotti, sea considerado autor del doble intento de asesinato.<\/p>\n<blockquote class=\"\"><p>La v\u00edctima y su agresor se hab\u00edan separado en 2022, aunque continuaron viviendo en la misma casa y \u00e9l ejerc\u00eda violencia de g\u00e9nero hacia ella<\/p><\/blockquote>\n<p> El delito que atribuy\u00f3 el representante del Ministerio P\u00fablico Fiscal (MPF) a Zanotti fue \u00abtentativa de homicidio cu\u00e1druplemente <strong>agravado por el v\u00ednculo, por alevos\u00eda, por haber sido causado con un medio id\u00f3neo para causar un peligro com\u00fan y por haber sido cometido por un hombre a una mujer<\/strong>, mediando violencia de g\u00e9nero; en concurso real con tentativa de homicidio doblemente agravado por el v\u00ednculo, y por haber sido causado mediante un medio id\u00f3neo para causar un peligro com\u00fan.\u00bb<\/p>\n<p>Seg\u00fan inform\u00f3 el MPF, el veredicto fue dictado anoche, por lo que ahora resta resolver la pena que deber\u00e1 cumplir Zanotti, prevista entre los 10 y 30 a\u00f1os de prisi\u00f3n.<\/p>\n<p>La teor\u00eda del caso que acredit\u00f3 el fiscal jefe fue que <strong>el hecho ocurri\u00f3 el 3 de julio de 2023 en la vivienda que el imputado compart\u00eda con su expareja<\/strong> en el barrio Cuenca XV de la capital provincial.<\/p>\n<h2 class=\"\">Violencias<\/h2>\n<p>La v\u00edctima y su agresor se hab\u00edan separado en 2022, aunque continuaron viviendo en la misma casa y \u00e9l ejerc\u00eda violencia de g\u00e9nero hacia ella.<\/p>\n<p>De acuerdo a lo ventilado en el debate, el d\u00eda del hecho, <strong>Zanotti le suministr\u00f3 un inductor del sue\u00f1o a su hijo y lo acost\u00f3 en un sill\u00f3n ubicado en el living<\/strong>.<\/p>\n<p>Luego esper\u00f3 a que llegara su expareja, le ofreci\u00f3 una infusi\u00f3n caliente (que tambi\u00e9n ten\u00eda un inductor del sue\u00f1o), tras lo cual la mujer se acost\u00f3.<\/p>\n<blockquote class=\"\"><p>El fiscal explic\u00f3 que la relaci\u00f3n de pareja se vio atravesada por diferentes episodios de violencia f\u00edsica, psicol\u00f3gica y econ\u00f3mica<\/p><\/blockquote>\n<p> En ese contexto, primero intent\u00f3 asfixiarla y despu\u00e9s, debido a que ella y el ni\u00f1o<strong> se despertaron, abri\u00f3 las perillas de gas de la cocina y prendi\u00f3 fuego el auto de su expareja<\/strong>, con la intenci\u00f3n de incendiar la casa con sus familiares en el interior.<\/p>\n<p>No obstante, la mujer y el ni\u00f1o pudieron escapar a partir de la intervenci\u00f3n de vecinos y de los bomberos.<\/p>\n<p>Durante el desarrollo del juicio, que se extendi\u00f3 durante seis jornadas, el fiscal jefe explic\u00f3 que la relaci\u00f3n de pareja se vio atravesada por diferentes episodios de violencia f\u00edsica, psicol\u00f3gica y econ\u00f3mica.<\/p>\n<\/div>\n<p><script async defer crossorigin=\"anonymous\" src=\"https:\/\/connect.facebook.net\/es_LA\/sdk.js#xfbml=1&#038;version=v12.0\" nonce=\"SBlHQzIF\"><\/script><br \/><a href=\"https:\/\/www.telam.com.ar\/notas\/202402\/656541-jurado-popular-neuquen-tentativa-femicidio.html\">source<\/a><\/p>\n","protected":false},"excerpt":{"rendered":"<p>Un hombre fue declarado culpable por un jurado popular por el intento de homicidio de&#8230;<\/p>\n","protected":false},"author":0,"featured_media":193612,"comment_status":"open","ping_status":"open","sticky":false,"template":"","format":"standard","meta":{"footnotes":""},"categories":[64],"tags":[],"class_list":["post-193611","post","type-post","status-publish","format-standard","has-post-thumbnail","hentry","category-policiales"],"featured_image_urls":{"full":["https:\/\/radiofenix.com.ar\/2023\/wp-content\/uploads\/2024\/03\/wp-header-logo-18.png",1200,675,false],"thumbnail":["https:\/\/radiofenix.com.ar\/2023\/wp-content\/uploads\/2024\/03\/wp-header-logo-18-150x150.png",150,150,true],"medium":["https:\/\/radiofenix.com.ar\/2023\/wp-content\/uploads\/2024\/03\/wp-header-logo-18-300x169.png",300,169,true],"medium_large":["https:\/\/radiofenix.com.ar\/2023\/wp-content\/uploads\/2024\/03\/wp-header-logo-18-768x432.png",640,360,true],"large":["https:\/\/radiofenix.com.ar\/2023\/wp-content\/uploads\/2024\/03\/wp-header-logo-18-1024x576.png",640,360,true],"1536x1536":["https:\/\/radiofenix.com.ar\/2023\/wp-content\/uploads\/2024\/03\/wp-header-logo-18.png",1200,675,false],"2048x2048":["https:\/\/radiofenix.com.ar\/2023\/wp-content\/uploads\/2024\/03\/wp-header-logo-18.png",1200,675,false],"newsium-slider-full":["https:\/\/radiofenix.com.ar\/2023\/wp-content\/uploads\/2024\/03\/wp-header-logo-18.png",1200,675,false],"newsium-featured":["https:\/\/radiofenix.com.ar\/2023\/wp-content\/uploads\/2024\/03\/wp-header-logo-18-1024x576.png",1024,576,true],"newsium-medium":["https:\/\/radiofenix.com.ar\/2023\/wp-content\/uploads\/2024\/03\/wp-header-logo-18-720x475.png",720,475,true]},"author_info":{"info":[""]},"category_info":"<a href=\"https:\/\/radiofenix.com.ar\/2023\/category\/policiales\/\" rel=\"category tag\">Policiales<\/a>","tag_info":"Policiales","comment_count":"0","_links":{"self":[{"href":"https:\/\/radiofenix.com.ar\/2023\/wp-json\/wp\/v2\/posts\/193611","targetHints":{"allow":["GET"]}}],"collection":[{"href":"https:\/\/radiofenix.com.ar\/2023\/wp-json\/wp\/v2\/posts"}],"about":[{"href":"https:\/\/radiofenix.com.ar\/2023\/wp-json\/wp\/v2\/types\/post"}],"replies":[{"embeddable":true,"href":"https:\/\/radiofenix.com.ar\/2023\/wp-json\/wp\/v2\/comments?post=193611"}],"version-history":[{"count":0,"href":"https:\/\/radiofenix.com.ar\/2023\/wp-json\/wp\/v2\/posts\/193611\/revisions"}],"wp:featuredmedia":[{"embeddable":true,"href":"https:\/\/radiofenix.com.ar\/2023\/wp-json\/wp\/v2\/media\/193612"}],"wp:attachment":[{"href":"https:\/\/radiofenix.com.ar\/2023\/wp-json\/wp\/v2\/media?parent=193611"}],"wp:term":[{"taxonomy":"category","embeddable":true,"href":"https:\/\/radiofenix.com.ar\/2023\/wp-json\/wp\/v2\/categories?post=193611"},{"taxonomy":"post_tag","embeddable":true,"href":"https:\/\/radiofenix.com.ar\/2023\/wp-json\/wp\/v2\/tags?post=193611"}],"curies":[{"name":"wp","href":"https:\/\/api.w.org\/{rel}","templated":true}]}}