{"id":193613,"date":"2024-03-03T08:57:40","date_gmt":"2024-03-03T08:57:40","guid":{"rendered":"https:\/\/radiofenix.com.ar\/2023\/milei-afirmo-que-su-gestion-cerrara-la-agencia-nacional-de-noticias-telam\/"},"modified":"2024-03-03T08:57:40","modified_gmt":"2024-03-03T08:57:40","slug":"milei-afirmo-que-su-gestion-cerrara-la-agencia-nacional-de-noticias-telam","status":"publish","type":"post","link":"https:\/\/radiofenix.com.ar\/2023\/milei-afirmo-que-su-gestion-cerrara-la-agencia-nacional-de-noticias-telam\/","title":{"rendered":"Milei afirm\u00f3 que su gesti\u00f3n cerrar\u00e1 la Agencia Nacional de Noticias T\u00e9lam"},"content":{"rendered":"<div>\n<figure class=\"mb-3\"><img decoding=\"async\" src=\"https:\/\/www.telam.com.ar\/thumbs\/bluesteel\/advf\/imagenes\/2024\/02\/65c0c882c4440_1200.jpg\" class=\" lazy \" width=\"100%\" height=\"100%\" alt=\"Tlam es la nica agencia del pas con red de corresponsales en todas las provincias argentinas y tiene mltiples convenios de cooperacin con agencias internacionales\"\/><figcaption> T\u00e9lam es la \u00fanica agencia del pa\u00eds con red de corresponsales en todas las provincias argentinas y tiene m\u00faltiples convenios de cooperaci\u00f3n con agencias internacionales. <\/figcaption><\/figure>\n<p> El presidente Javier Milei dijo este viernes en la Asamblea Legislativa que su gesti\u00f3n \u00abva a cerrar\u00bb la agencia p\u00fablica de noticias T\u00e9lam, creada hace 78 a\u00f1os con el prop\u00f3sito de difundir informaci\u00f3n a todo el pa\u00eds con car\u00e1cter federal y pluralista.<\/p>\n<p>Como \u00fanico argumento para anunciar su cierre,<strong> Milei consider\u00f3 que la agencia \u00abha sido utilizada durante las ultimas d\u00e9cadas como agencia de propaganda kirchnerista\u00bb<\/strong>, el mismo justificativo que utiliz\u00f3 el exsecretario de Medios P\u00fablicos, Hern\u00e1n <strong>Lombardi<\/strong>, cuando <strong>en 2018 se ordenaron 357 despidos en la agencia<\/strong>, muchos de ellos revertidos luego por la justicia.<\/p>\n<p><strong>La agencia cumpli\u00f3 78 a\u00f1os el pasado 14 de abril<\/strong>, cuando <strong>recibi\u00f3 saludos y felicitaciones<\/strong> <strong>por su desempe\u00f1o <\/strong>a lo largo de m\u00e1s de tres cuartos de siglo de parte de pol\u00edticos de diferentes ideolog\u00edas, personalidades del \u00e1mbito empresarial, sindical, acad\u00e9mico y de los derechos humanos, entre otros puntos, incluido un especial y personalizado mensaje del papa Francisco.<\/p>\n<p>T\u00e9lam es la \u00fanica agencia del pa\u00eds con red de corresponsales en todas las provincias argentinas y tiene m\u00faltiples convenios de cooperaci\u00f3n con agencias internacionales que posibilitan producir y proveer informaci\u00f3n de primera mano de los sucesos acontecidos en el mundo para diversos medios de comunicaci\u00f3n, empresas, organismos e instituciones.<\/p>\n<blockquote class=\"\"><p>T\u00e9lam es la \u00fanica agencia del pa\u00eds con red de corresponsales en todas las provincias argentinas y tiene m\u00faltiples convenios de cooperaci\u00f3n con agencias internacionales.<\/p><\/blockquote>\n<p>Cuenta con m\u00e1s de 700 empleados y afront\u00f3 en el pasado intentos de liquidaci\u00f3n, cierre, despidos o achiques en los gobiernos de Carlos Menem, Fernando de la R\u00faa y Mauricio Macri.<\/p>\n<p>Emite m\u00e1s de 500 cables por d\u00eda con informaci\u00f3n de todo el pa\u00eds, al menos 200 fotograf\u00edas y cuenta con departamentos de video, radio, un portal de noticias y redes sociales.<\/p>\n<p>En sus inicios, hace 78 a\u00f1os, la agencia T\u00e9lam fue creada como una compa\u00f1\u00eda mixta, formada por capitales privados y estatales, con el objetivo romper el duopolio existente en materia informativa de las dos agencias estadounidenses que acaparaban el mercado: United Press International y Associated Press.<\/p>\n<p><strong>Su primer director fue el periodista Jer\u00f3nimo Jutronich y el 12 de octubre de 1945<\/strong> <strong>comenz\u00f3 a emitir informaci\u00f3n<\/strong>. Tres a\u00f1os despu\u00e9s pudo contar con una red de cobertura nacional, tras firmar los primeros contratos con periodistas del interior del pa\u00eds, que comenzaron a enviar notas a la redacci\u00f3n por telegrama, tel\u00e9fono o teletipo, sistemas ahora totalmente superados por los avances de la tecnolog\u00eda.<\/p>\n<blockquote class=\"\"><p>La Agencia T\u00e9lam afront\u00f3 en el pasado intentos de liquidaci\u00f3n, cierre, despidos o achiques en los gobiernos de Carlos Menem, Fernando de la R\u00faa y Mauricio Macri.<\/p><\/blockquote>\n<p> \u00abT\u00e9lam no se cierra. La vamos a defender no solo los trabajadores y trabajadoras de la Agencia sino todo el pueblo argentino, como con todas las empresas del estado, el patrimonio p\u00fablico y la soberan\u00eda de nuestra patria\u00bb, public\u00f3 en X la secrataria general de la Federaci\u00f3n Argentina de Trabajadores de Prenda, Carla Gaudensi, apenas termin\u00f3 el discurso de Milei en el Congreso.<\/p>\n<blockquote class=\"twitter-tweet\">\n<p lang=\"es\" dir=\"ltr\">T\u00e9lam no se cierra. <\/p>\n<p>La vamos a defender no solo los trabajadores y trabajadoras de la Agencia sino todo el pueblo argentino, como con todas las empresas del estado, el patrimonio p\u00fablico y la soberan\u00eda de nuestra patria. <a href=\"https:\/\/t.co\/wu35y5yxBq\">pic.twitter.com\/wu35y5yxBq<\/a><\/p>\n<p>\u2014 Carla Gaudensi (@CarlaGaudensi) <a href=\"https:\/\/twitter.com\/CarlaGaudensi\/status\/1763732467037483155?ref_src=twsrc%5Etfw\">March 2, 2024<\/a><\/p><\/blockquote>\n<p> Mart\u00edn Becerra, acad\u00e9mico y experto en medios tambi\u00e9n advirti\u00f3 que \u00abT\u00e9lam y Radio Nacional son los \u00fanicos medios con corresponsales en todas las provincias del pa\u00eds\u00bb.<\/p>\n<blockquote class=\"twitter-tweet\">\n<p lang=\"es\" dir=\"ltr\">T\u00e9lam y Radio Nacional son los \u00fanicos medios con corresponsales en todas las provincias del pa\u00eds <a href=\"https:\/\/t.co\/SxQJlr8xT6\">https:\/\/t.co\/SxQJlr8xT6<\/a><\/p>\n<p>\u2014 Mart\u00edn Becerra (@aracalacana) <a href=\"https:\/\/twitter.com\/aracalacana\/status\/1763728690309963951?ref_src=twsrc%5Etfw\">March 2, 2024<\/a><\/p><\/blockquote>\n<p> Desde la izquierda, la diputada Myriam Bregman consider\u00f3 el anuncio como \u00abun ataque m\u00e1s a los trabajadores y trabajadoras\u00bb.<\/p>\n<blockquote class=\"twitter-tweet\">\n<p lang=\"es\" dir=\"ltr\">Milei anuncia el cierre de Telam. Un ataque m\u00e1s a los trabajadores y trabajadoras. Plan de lucha y paro nacional, basta de pasividad de las centrales sindicales.<\/p>\n<p>\u2014 Myriam Bregman (@myriambregman) <a href=\"https:\/\/twitter.com\/myriambregman\/status\/1763724803704254475?ref_src=twsrc%5Etfw\">March 2, 2024<\/a><\/p><\/blockquote>\n<p> El contenido generado diariamente por la agencia de noticias T\u00e9lam resulta vital para el flujo informativo, dado que sirve de base para la informaci\u00f3n que publican los grandes medios y, tambi\u00e9n, permite llegar informaci\u00f3n de primera mano a medios de cada rinc\u00f3n del pa\u00eds.<\/p>\n<p>Su car\u00e1cter federal y pluralista permite dar voz a los sectores muchas veces ignorados por los grandes medios de comunicaci\u00f3n\u00bb.<\/p>\n<h2 class=\"\">Fotos hist\u00f3ricas de la agencia<\/h2>\n<p><\/p>\n<figure class=\"mb-3\"><img decoding=\"async\" src=\"https:\/\/www.telam.com.ar\/thumbs\/bluesteel\/advf\/imagenes\/2024\/03\/65e287e4d1513_1200.jpg\" class=\" lazy \" width=\"100%\" height=\"100%\" alt=\"Foto Archivo Leo Zavattaro\"\/><figcaption> Foto: Archivo, Leo Zavattaro. <\/figcaption><\/figure>\n<p><\/p>\n<figure class=\"mb-3\"><img decoding=\"async\" src=\"https:\/\/www.telam.com.ar\/thumbs\/bluesteel\/advf\/imagenes\/2024\/03\/65e287e4eba0a_1200.jpg\" class=\" lazy \" width=\"100%\" height=\"100%\" alt=\"Foto Archivo\"\/><figcaption> Foto: Archivo. <\/figcaption><\/figure>\n<p><\/p>\n<figure class=\"mb-3\"><img decoding=\"async\" src=\"https:\/\/www.telam.com.ar\/thumbs\/bluesteel\/advf\/imagenes\/2024\/03\/65e287e49a1f8_1200.jpg\" class=\" lazy \" width=\"100%\" height=\"100%\" alt=\"Foto Archivo Romn von Eckstein\"\/><figcaption> Foto: Archivo, Romn von Eckstein. <\/figcaption><\/figure>\n<p><\/p>\n<figure class=\"mb-3\"><img decoding=\"async\" src=\"https:\/\/www.telam.com.ar\/thumbs\/bluesteel\/advf\/imagenes\/2024\/03\/65e287e4b597e_1200.jpg\" class=\" lazy \" width=\"100%\" height=\"100%\" alt=\"Foto Archivo\"\/><figcaption> Foto: Archivo. <\/figcaption><\/figure>\n<p><\/p>\n<figure class=\"mb-3\"><img decoding=\"async\" src=\"https:\/\/www.telam.com.ar\/thumbs\/bluesteel\/advf\/imagenes\/2024\/03\/65e287fc3d696_1200.jpg\" class=\" lazy \" width=\"100%\" height=\"100%\" alt=\"Foto Archivo\"\/><figcaption> Foto: Archivo. <\/figcaption><\/figure>\n<\/div>\n<p><script async src=\"\/\/platform.twitter.com\/widgets.js\" charset=\"utf-8\"><\/script><script async defer crossorigin=\"anonymous\" src=\"https:\/\/connect.facebook.net\/es_LA\/sdk.js#xfbml=1&#038;version=v12.0\" nonce=\"SBlHQzIF\"><\/script><br \/><a href=\"https:\/\/www.telam.com.ar\/notas\/202403\/656864-milei-telam-cierre.html\">source<\/a><\/p>\n","protected":false},"excerpt":{"rendered":"<p>T\u00e9lam es la \u00fanica agencia del pa\u00eds con red de corresponsales en todas las provincias&#8230;<\/p>\n","protected":false},"author":0,"featured_media":193614,"comment_status":"open","ping_status":"open","sticky":false,"template":"","format":"standard","meta":{"footnotes":""},"categories":[2],"tags":[],"class_list":["post-193613","post","type-post","status-publish","format-standard","has-post-thumbnail","hentry","category-politica"],"featured_image_urls":{"full":["https:\/\/radiofenix.com.ar\/2023\/wp-content\/uploads\/2024\/03\/wp-header-logo-19.png",1200,675,false],"thumbnail":["https:\/\/radiofenix.com.ar\/2023\/wp-content\/uploads\/2024\/03\/wp-header-logo-19-150x150.png",150,150,true],"medium":["https:\/\/radiofenix.com.ar\/2023\/wp-content\/uploads\/2024\/03\/wp-header-logo-19-300x169.png",300,169,true],"medium_large":["https:\/\/radiofenix.com.ar\/2023\/wp-content\/uploads\/2024\/03\/wp-header-logo-19-768x432.png",640,360,true],"large":["https:\/\/radiofenix.com.ar\/2023\/wp-content\/uploads\/2024\/03\/wp-header-logo-19-1024x576.png",640,360,true],"1536x1536":["https:\/\/radiofenix.com.ar\/2023\/wp-content\/uploads\/2024\/03\/wp-header-logo-19.png",1200,675,false],"2048x2048":["https:\/\/radiofenix.com.ar\/2023\/wp-content\/uploads\/2024\/03\/wp-header-logo-19.png",1200,675,false],"newsium-slider-full":["https:\/\/radiofenix.com.ar\/2023\/wp-content\/uploads\/2024\/03\/wp-header-logo-19.png",1200,675,false],"newsium-featured":["https:\/\/radiofenix.com.ar\/2023\/wp-content\/uploads\/2024\/03\/wp-header-logo-19-1024x576.png",1024,576,true],"newsium-medium":["https:\/\/radiofenix.com.ar\/2023\/wp-content\/uploads\/2024\/03\/wp-header-logo-19-720x475.png",720,475,true]},"author_info":{"info":[""]},"category_info":"<a href=\"https:\/\/radiofenix.com.ar\/2023\/category\/politica\/\" rel=\"category tag\">Pol\u00edtica<\/a>","tag_info":"Pol\u00edtica","comment_count":"0","_links":{"self":[{"href":"https:\/\/radiofenix.com.ar\/2023\/wp-json\/wp\/v2\/posts\/193613","targetHints":{"allow":["GET"]}}],"collection":[{"href":"https:\/\/radiofenix.com.ar\/2023\/wp-json\/wp\/v2\/posts"}],"about":[{"href":"https:\/\/radiofenix.com.ar\/2023\/wp-json\/wp\/v2\/types\/post"}],"replies":[{"embeddable":true,"href":"https:\/\/radiofenix.com.ar\/2023\/wp-json\/wp\/v2\/comments?post=193613"}],"version-history":[{"count":0,"href":"https:\/\/radiofenix.com.ar\/2023\/wp-json\/wp\/v2\/posts\/193613\/revisions"}],"wp:featuredmedia":[{"embeddable":true,"href":"https:\/\/radiofenix.com.ar\/2023\/wp-json\/wp\/v2\/media\/193614"}],"wp:attachment":[{"href":"https:\/\/radiofenix.com.ar\/2023\/wp-json\/wp\/v2\/media?parent=193613"}],"wp:term":[{"taxonomy":"category","embeddable":true,"href":"https:\/\/radiofenix.com.ar\/2023\/wp-json\/wp\/v2\/categories?post=193613"},{"taxonomy":"post_tag","embeddable":true,"href":"https:\/\/radiofenix.com.ar\/2023\/wp-json\/wp\/v2\/tags?post=193613"}],"curies":[{"name":"wp","href":"https:\/\/api.w.org\/{rel}","templated":true}]}}