{"id":193615,"date":"2024-03-03T08:57:42","date_gmt":"2024-03-03T08:57:42","guid":{"rendered":"https:\/\/radiofenix.com.ar\/2023\/se-estrena-ricardo-iii-shakespeare-otra-vez-sobre-los-seres-humanos-y-el-poder\/"},"modified":"2024-03-03T08:57:42","modified_gmt":"2024-03-03T08:57:42","slug":"se-estrena-ricardo-iii-shakespeare-otra-vez-sobre-los-seres-humanos-y-el-poder","status":"publish","type":"post","link":"https:\/\/radiofenix.com.ar\/2023\/se-estrena-ricardo-iii-shakespeare-otra-vez-sobre-los-seres-humanos-y-el-poder\/","title":{"rendered":"Se estrena &quot;Ricardo III, Shakespeare otra vez&quot;, sobre los seres humanos y el poder"},"content":{"rendered":"<div>\n<figure class=\"mb-3\"><img decoding=\"async\" src=\"https:\/\/www.telam.com.ar\/thumbs\/bluesteel\/advf\/imagenes\/2024\/02\/65dfbd0b2d91a_1200.jpg\" class=\" lazy \" width=\"100%\" height=\"100%\" alt=\"El clsico la literatura universal tendr funciones los viernes de marzo a las 21\"\/><figcaption> El cl\u00e1sico la literatura universal tendr\u00e1 funciones los viernes de marzo a las 21. <\/figcaption><\/figure>\n<p><strong>\u00abRicardo III, Shakespeare otra vez\u00bb<\/strong>, una versi\u00f3n de <strong>Anal\u00eda Mayta<\/strong> del cl\u00e1sico del escritor ingl\u00e9s, se estrenar\u00e1 este viernes a las 21 en Itaca Complejo Teatral, y propone indagar en la sociedad actual y las estructuras de poder.<\/p>\n<p><strong>\u00abRicardo es un monstruo que har\u00e1 lo que sea para conseguir el trono de Inglaterra. Sin embargo, para m\u00ed toda la obra es una llave para reflexionar sobre el ser humano y su relaci\u00f3n, de diferentes maneras, con el poder\u00bb<\/strong>, expres\u00f3 a T\u00e9lam Mayta<\/p>\n<p>La directora traduce y retoma este cl\u00e1sico la literatura universal que tendr\u00e1 funciones los viernes de marzo a las 21 en la sala porte\u00f1a ubicada en Humahuaca 4027.<\/p>\n<p>La obra apunta a exponer una pintura esc\u00e9nica que pone en el centro de la escena a los vencedores y vencidos del sistema en un paralelismo con la capacidad humana de adaptaci\u00f3n, supervivencia y manipulaci\u00f3n.<\/p>\n<p><figure class=\"mb-3\"><img decoding=\"async\" src=\"https:\/\/www.telam.com.ar\/thumbs\/bluesteel\/advf\/imagenes\/2024\/02\/65dfbd0b4eb8b_1200.jpg\" class=\" lazy \" width=\"100%\" height=\"100%\" alt=\"El drama de Ricardo III que se supone escrito a finales del siglo XVI y es el ms extenso del Bardo\"\/><figcaption> El drama de Ricardo III que se supone escrito a finales del siglo XVI, y es el m\u00e1s extenso del Bardo. <\/figcaption><\/figure>\n<p><br open=\"\"\/> La trama transcurre despu\u00e9s de 30 a\u00f1os de guerra civil entre los Lancaster y los York, finalmente los York ganan el trono. Los que perdieron quieren venganza y los que ganaron quieren mantenerse en el poder.<\/p>\n<p>En \u00abRicardo III. Shakespeare otra vez\u00bb, cinco actores intentan contar su historia descubriendo cu\u00e1nto de tragedia y de comedia pueden convivir en este cl\u00e1sico universal. <strong>\u00abLa propuesta esc\u00e9nica de la pieza es volver a la entra\u00f1a del teatro, a su esp\u00edritu l\u00fadico y artesanal. Shakespeare no tiene que ser solemne, ni acartonado<\/strong> -agreg\u00f3 Mayta-. <strong>Al contrario, Shakespeare es un artista popular e irreverente y mi intenci\u00f3n con esta puesta es devolverlo a ese lugar propio del autor.\u00bb<\/strong><\/p>\n<p>El elenco est\u00e1 integrado por <strong>Luciana Cervera Novo, Pablo Goldberg, Mauricio Chazarreta, Ema Mires, Ezequiel Olazar y Natalia Pascale.<\/strong> <\/p>\n<\/div>\n<p><script async defer crossorigin=\"anonymous\" src=\"https:\/\/connect.facebook.net\/es_LA\/sdk.js#xfbml=1&#038;version=v12.0\" nonce=\"SBlHQzIF\"><\/script><br \/><a href=\"https:\/\/www.telam.com.ar\/notas\/202402\/656636-se-estrena-ricardo-iii-shakespeare-otra-vez-sobre-los-seres-humanos-y-el-poder.html\">source<\/a><\/p>\n","protected":false},"excerpt":{"rendered":"<p>El cl\u00e1sico la literatura universal tendr\u00e1 funciones los viernes de marzo a las 21. \u00abRicardo&#8230;<\/p>\n","protected":false},"author":0,"featured_media":193616,"comment_status":"open","ping_status":"open","sticky":false,"template":"","format":"standard","meta":{"footnotes":""},"categories":[4],"tags":[],"class_list":["post-193615","post","type-post","status-publish","format-standard","has-post-thumbnail","hentry","category-espectaculos"],"featured_image_urls":{"full":["https:\/\/radiofenix.com.ar\/2023\/wp-content\/uploads\/2024\/03\/wp-header-logo-20.png",1200,675,false],"thumbnail":["https:\/\/radiofenix.com.ar\/2023\/wp-content\/uploads\/2024\/03\/wp-header-logo-20-150x150.png",150,150,true],"medium":["https:\/\/radiofenix.com.ar\/2023\/wp-content\/uploads\/2024\/03\/wp-header-logo-20-300x169.png",300,169,true],"medium_large":["https:\/\/radiofenix.com.ar\/2023\/wp-content\/uploads\/2024\/03\/wp-header-logo-20-768x432.png",640,360,true],"large":["https:\/\/radiofenix.com.ar\/2023\/wp-content\/uploads\/2024\/03\/wp-header-logo-20-1024x576.png",640,360,true],"1536x1536":["https:\/\/radiofenix.com.ar\/2023\/wp-content\/uploads\/2024\/03\/wp-header-logo-20.png",1200,675,false],"2048x2048":["https:\/\/radiofenix.com.ar\/2023\/wp-content\/uploads\/2024\/03\/wp-header-logo-20.png",1200,675,false],"newsium-slider-full":["https:\/\/radiofenix.com.ar\/2023\/wp-content\/uploads\/2024\/03\/wp-header-logo-20.png",1200,675,false],"newsium-featured":["https:\/\/radiofenix.com.ar\/2023\/wp-content\/uploads\/2024\/03\/wp-header-logo-20-1024x576.png",1024,576,true],"newsium-medium":["https:\/\/radiofenix.com.ar\/2023\/wp-content\/uploads\/2024\/03\/wp-header-logo-20-720x475.png",720,475,true]},"author_info":{"info":[""]},"category_info":"<a href=\"https:\/\/radiofenix.com.ar\/2023\/category\/espectaculos\/\" rel=\"category tag\">Espectaculos<\/a>","tag_info":"Espectaculos","comment_count":"0","_links":{"self":[{"href":"https:\/\/radiofenix.com.ar\/2023\/wp-json\/wp\/v2\/posts\/193615","targetHints":{"allow":["GET"]}}],"collection":[{"href":"https:\/\/radiofenix.com.ar\/2023\/wp-json\/wp\/v2\/posts"}],"about":[{"href":"https:\/\/radiofenix.com.ar\/2023\/wp-json\/wp\/v2\/types\/post"}],"replies":[{"embeddable":true,"href":"https:\/\/radiofenix.com.ar\/2023\/wp-json\/wp\/v2\/comments?post=193615"}],"version-history":[{"count":0,"href":"https:\/\/radiofenix.com.ar\/2023\/wp-json\/wp\/v2\/posts\/193615\/revisions"}],"wp:featuredmedia":[{"embeddable":true,"href":"https:\/\/radiofenix.com.ar\/2023\/wp-json\/wp\/v2\/media\/193616"}],"wp:attachment":[{"href":"https:\/\/radiofenix.com.ar\/2023\/wp-json\/wp\/v2\/media?parent=193615"}],"wp:term":[{"taxonomy":"category","embeddable":true,"href":"https:\/\/radiofenix.com.ar\/2023\/wp-json\/wp\/v2\/categories?post=193615"},{"taxonomy":"post_tag","embeddable":true,"href":"https:\/\/radiofenix.com.ar\/2023\/wp-json\/wp\/v2\/tags?post=193615"}],"curies":[{"name":"wp","href":"https:\/\/api.w.org\/{rel}","templated":true}]}}