{"id":193646,"date":"2024-06-24T19:53:04","date_gmt":"2024-06-24T19:53:04","guid":{"rendered":"https:\/\/radiofenix.com.ar\/2023\/?p=193646"},"modified":"2024-06-24T19:53:05","modified_gmt":"2024-06-24T19:53:05","slug":"veni-a-disfrutar-una-noche-de-humor-y-musica-en-el-cet-atilra","status":"publish","type":"post","link":"https:\/\/radiofenix.com.ar\/2023\/veni-a-disfrutar-una-noche-de-humor-y-musica-en-el-cet-atilra\/","title":{"rendered":"Ven\u00ed a disfrutar una noche de Humor y M\u00fasica en el CET Atilra"},"content":{"rendered":"\n<p>&#x1f5d3;&#xfe0f; Este mi\u00e9rcoles 26 de junio, desde las &#x23f0;20.30hs, se presenta TURR\u00d3N JU\u00c1REZ en el escenario del Auditorio, quien llega desde Tucum\u00e1n, para hacernos re\u00edr con su show de humor, m\u00fasica e imitaciones &#x1f5e3;&#xfe0f;&#x1f3b8;&#x1f3bc;<\/p>\n\n\n\n<p>&#x1f3a4; Y como si esto fuera poco, Memoria Nacional nos deleitar\u00e1 con un show a puro rock nacional que incluir\u00e1 un repertorio con todos los hits y cl\u00e1sicos de los 80\u00b4 y 90\u00b4 &#x1f3b6;&#x1f3b7;&#x26a1;<\/p>\n\n\n\n<figure class=\"wp-block-video\"><video autoplay controls src=\"blob:https:\/\/radiofenix.com.ar\/4a169ca4-9c0e-43c0-ba18-68b79ea987f2\"><\/video><\/figure>\n\n\n\n<p>Adquir\u00ed tu entrada &#x1f4cc; en la Sede Sindical &#x1f449; Jos\u00e9 Ingenieros 268, Sunchales<br>&#x1f39f;&#xfe0f; $5.000 | ENTRADA + PLATEA<br>&#x26a0;&#xfe0f; CUPOS LIMITADOS<br>.<br>L@s esperamos para compartir una noche de risas, recuerdos y buena m\u00fasica &#x263a;&#xfe0f;&#x1f3b9;&#x2764;&#xfe0f;<br>.<br>\u00a1No te lo pierdas! &#x1f609;&#x1f64c;<\/p>\n\n\n\n<p>Turr\u00f3nJu\u00e1rez #MemoriaNacional #Show #Humor #Imitador #RockNacional #M\u00fasica #ShowMusical #Atilra #Fundaci\u00f3nAtilra #CETAtilra<\/p>\n","protected":false},"excerpt":{"rendered":"<p>&#x1f5d3;&#xfe0f; Este mi\u00e9rcoles 26 de junio, desde las &#x23f0;20.30hs, se presenta TURR\u00d3N JU\u00c1REZ en el&#8230;<\/p>\n","protected":false},"author":3,"featured_media":0,"comment_status":"open","ping_status":"open","sticky":true,"template":"","format":"standard","meta":{"footnotes":""},"categories":[12,4,6],"tags":[8,67,15,187,188,185,190,189,186,191,184],"class_list":["post-193646","post","type-post","status-publish","format-standard","hentry","category-destacado","category-espectaculos","category-ultimasnoticias","tag-atilra","tag-cet-atilra","tag-fundacion-atilra","tag-humor","tag-imitador","tag-memoria-nacional","tag-musica","tag-rock-nacional","tag-show","tag-show-musical","tag-turron-juarez"],"featured_image_urls":{"full":"","thumbnail":"","medium":"","medium_large":"","large":"","1536x1536":"","2048x2048":"","newsium-slider-full":"","newsium-featured":"","newsium-medium":""},"author_info":{"info":["Radio Fenix"]},"category_info":"<a href=\"https:\/\/radiofenix.com.ar\/2023\/category\/destacado\/\" rel=\"category tag\">Destacado<\/a> <a href=\"https:\/\/radiofenix.com.ar\/2023\/category\/espectaculos\/\" rel=\"category tag\">Espectaculos<\/a> <a href=\"https:\/\/radiofenix.com.ar\/2023\/category\/ultimasnoticias\/\" rel=\"category tag\">Ultimas Noticias<\/a>","tag_info":"Ultimas Noticias","comment_count":"0","_links":{"self":[{"href":"https:\/\/radiofenix.com.ar\/2023\/wp-json\/wp\/v2\/posts\/193646","targetHints":{"allow":["GET"]}}],"collection":[{"href":"https:\/\/radiofenix.com.ar\/2023\/wp-json\/wp\/v2\/posts"}],"about":[{"href":"https:\/\/radiofenix.com.ar\/2023\/wp-json\/wp\/v2\/types\/post"}],"author":[{"embeddable":true,"href":"https:\/\/radiofenix.com.ar\/2023\/wp-json\/wp\/v2\/users\/3"}],"replies":[{"embeddable":true,"href":"https:\/\/radiofenix.com.ar\/2023\/wp-json\/wp\/v2\/comments?post=193646"}],"version-history":[{"count":1,"href":"https:\/\/radiofenix.com.ar\/2023\/wp-json\/wp\/v2\/posts\/193646\/revisions"}],"predecessor-version":[{"id":193647,"href":"https:\/\/radiofenix.com.ar\/2023\/wp-json\/wp\/v2\/posts\/193646\/revisions\/193647"}],"wp:attachment":[{"href":"https:\/\/radiofenix.com.ar\/2023\/wp-json\/wp\/v2\/media?parent=193646"}],"wp:term":[{"taxonomy":"category","embeddable":true,"href":"https:\/\/radiofenix.com.ar\/2023\/wp-json\/wp\/v2\/categories?post=193646"},{"taxonomy":"post_tag","embeddable":true,"href":"https:\/\/radiofenix.com.ar\/2023\/wp-json\/wp\/v2\/tags?post=193646"}],"curies":[{"name":"wp","href":"https:\/\/api.w.org\/{rel}","templated":true}]}}