{"id":193659,"date":"2024-06-26T02:04:32","date_gmt":"2024-06-26T02:04:32","guid":{"rendered":"https:\/\/radiofenix.com.ar\/2023\/la-justicia-confirmo-la-prision-preventiva-para-la-toretto\/"},"modified":"2024-06-26T02:04:32","modified_gmt":"2024-06-26T02:04:32","slug":"la-justicia-confirmo-la-prision-preventiva-para-la-toretto","status":"publish","type":"post","link":"https:\/\/radiofenix.com.ar\/2023\/la-justicia-confirmo-la-prision-preventiva-para-la-toretto\/","title":{"rendered":"La Justicia confirm\u00f3 la prisi\u00f3n preventiva para &quot;La Toretto&quot;"},"content":{"rendered":"<div>\n<p><strong>La C\u00e1mara Penal bonaerense confirm\u00f3 por amplia mayor\u00eda la prisi\u00f3n preventiva contra Felicitas Alvite<\/strong>, <a href=\"https:\/\/noticiasargentinas.com\/sociedad\/el-insolito-lugar-donde-coincidieron-los-rugbiers-condenados-por-el-crimen-de-baez-sosa-con--la-toretto-_a66719d0ba64db20c8e9af5fd\" target=\"_blank\" rel=\"noopener\">m\u00e1s conocida como \u00abLa Toretto\u201d<\/a>, por atropellar a alta velocidad y matar a un motociclista en La Plata. Asimismo, <strong>consideraron la posibilidad de que la jueza Marcela Garmendia le otorgue la prisi\u00f3n domiciliaria.<\/strong><\/p>\n<p>Este martes el Tribunal <strong>rechaz\u00f3 el recurso de apelaci\u00f3n impuesto por los abogados de Alvite<\/strong>, Flavio Gliemmo, Luisina Gliemmo y Santiago Irisarri, por lo que de esta manera l<strong>a imputada continuar\u00e1 con prisi\u00f3n preventiva.<\/strong><\/p>\n<p>El fallo al que accedi\u00f3 <i>Noticias Argentinas <\/i>informa que se<strong> \u201crechaza el recurso de apelaci\u00f3n interpuesto por los defensores particulares y se confirma, en cuanto ha sido materia de agravio, que el auto convierte en prisi\u00f3n preventiva la detenci\u00f3n que viene cumpliendo Felicitas Alvite por el delito de homicidio simple\u201d.<\/strong><\/p>\n<figure\/>\n<p>Otro de los detalles que se desprenden del fallo es que <strong>los jueces de la C\u00e1mara dan lugar al beneficio de la prisi\u00f3n domiciliaria para la joven detenida.<\/strong><\/p>\n<p><strong>\u201cUno de ellos entiende que por c\u00f3mo est\u00e1 la situaci\u00f3n procesal de mi clienta deber\u00edan darle domiciliaria, mientras que los otros dos jueces dicen que en definitiva hay que esperar a los informes de la jueza\u201d<\/strong>, explic\u00f3 el abogado Gliemmo.<\/p>\n<p><strong>\u201cCreemos que los tres van a por la domiciliaria. Se entiende que uno pide ahora el beneficio y los otros aguardan a los informes\u201d<\/strong>, manifest\u00f3.<\/p>\n<p>A su vez, el abogado expres\u00f3 que est\u00e1n <strong>\u201coptimistas\u201d<\/strong> con la resoluci\u00f3n pr\u00f3xima que tome la Justicia sobre la situaci\u00f3n de Alvite.\u00a0<\/p>\n<\/div>\n<p><a href=\"https:\/\/www.pagina12.com.ar\/747169-la-justicia-confirmo-la-prision-preventiva-para-la-toretto\">source<\/a><\/p>\n","protected":false},"excerpt":{"rendered":"<p>La C\u00e1mara Penal bonaerense confirm\u00f3 por amplia mayor\u00eda la prisi\u00f3n preventiva contra Felicitas Alvite, m\u00e1s&#8230;<\/p>\n","protected":false},"author":3,"featured_media":193660,"comment_status":"open","ping_status":"open","sticky":false,"template":"","format":"standard","meta":{"footnotes":""},"categories":[7],"tags":[],"class_list":["post-193659","post","type-post","status-publish","format-standard","has-post-thumbnail","hentry","category-sociedad"],"featured_image_urls":{"full":["https:\/\/radiofenix.com.ar\/2023\/wp-content\/uploads\/2024\/06\/wp-header-logo-5.png",960,540,false],"thumbnail":["https:\/\/radiofenix.com.ar\/2023\/wp-content\/uploads\/2024\/06\/wp-header-logo-5-150x150.png",150,150,true],"medium":["https:\/\/radiofenix.com.ar\/2023\/wp-content\/uploads\/2024\/06\/wp-header-logo-5-300x169.png",300,169,true],"medium_large":["https:\/\/radiofenix.com.ar\/2023\/wp-content\/uploads\/2024\/06\/wp-header-logo-5-768x432.png",640,360,true],"large":["https:\/\/radiofenix.com.ar\/2023\/wp-content\/uploads\/2024\/06\/wp-header-logo-5.png",640,360,false],"1536x1536":["https:\/\/radiofenix.com.ar\/2023\/wp-content\/uploads\/2024\/06\/wp-header-logo-5.png",960,540,false],"2048x2048":["https:\/\/radiofenix.com.ar\/2023\/wp-content\/uploads\/2024\/06\/wp-header-logo-5.png",960,540,false],"newsium-slider-full":["https:\/\/radiofenix.com.ar\/2023\/wp-content\/uploads\/2024\/06\/wp-header-logo-5.png",960,540,false],"newsium-featured":["https:\/\/radiofenix.com.ar\/2023\/wp-content\/uploads\/2024\/06\/wp-header-logo-5.png",960,540,false],"newsium-medium":["https:\/\/radiofenix.com.ar\/2023\/wp-content\/uploads\/2024\/06\/wp-header-logo-5-720x475.png",720,475,true]},"author_info":{"info":["Radio Fenix"]},"category_info":"<a href=\"https:\/\/radiofenix.com.ar\/2023\/category\/sociedad\/\" rel=\"category tag\">Sociedad<\/a>","tag_info":"Sociedad","comment_count":"0","_links":{"self":[{"href":"https:\/\/radiofenix.com.ar\/2023\/wp-json\/wp\/v2\/posts\/193659","targetHints":{"allow":["GET"]}}],"collection":[{"href":"https:\/\/radiofenix.com.ar\/2023\/wp-json\/wp\/v2\/posts"}],"about":[{"href":"https:\/\/radiofenix.com.ar\/2023\/wp-json\/wp\/v2\/types\/post"}],"author":[{"embeddable":true,"href":"https:\/\/radiofenix.com.ar\/2023\/wp-json\/wp\/v2\/users\/3"}],"replies":[{"embeddable":true,"href":"https:\/\/radiofenix.com.ar\/2023\/wp-json\/wp\/v2\/comments?post=193659"}],"version-history":[{"count":0,"href":"https:\/\/radiofenix.com.ar\/2023\/wp-json\/wp\/v2\/posts\/193659\/revisions"}],"wp:featuredmedia":[{"embeddable":true,"href":"https:\/\/radiofenix.com.ar\/2023\/wp-json\/wp\/v2\/media\/193660"}],"wp:attachment":[{"href":"https:\/\/radiofenix.com.ar\/2023\/wp-json\/wp\/v2\/media?parent=193659"}],"wp:term":[{"taxonomy":"category","embeddable":true,"href":"https:\/\/radiofenix.com.ar\/2023\/wp-json\/wp\/v2\/categories?post=193659"},{"taxonomy":"post_tag","embeddable":true,"href":"https:\/\/radiofenix.com.ar\/2023\/wp-json\/wp\/v2\/tags?post=193659"}],"curies":[{"name":"wp","href":"https:\/\/api.w.org\/{rel}","templated":true}]}}