{"id":193669,"date":"2024-06-26T08:57:07","date_gmt":"2024-06-26T08:57:07","guid":{"rendered":"https:\/\/radiofenix.com.ar\/2023\/la-corte-penal-internacional-ordeno-la-detencion-del-exministro-de-defensa-ruso\/"},"modified":"2024-06-26T08:57:07","modified_gmt":"2024-06-26T08:57:07","slug":"la-corte-penal-internacional-ordeno-la-detencion-del-exministro-de-defensa-ruso","status":"publish","type":"post","link":"https:\/\/radiofenix.com.ar\/2023\/la-corte-penal-internacional-ordeno-la-detencion-del-exministro-de-defensa-ruso\/","title":{"rendered":"La Corte Penal Internacional orden\u00f3 la detenci\u00f3n del exministro de Defensa ruso"},"content":{"rendered":"<div>\n<p><b><a href=\"https:\/\/www.pagina12.com.ar\/532879-que-es-la-corte-penal-internacional-y-como-puede-juzgar-a-pu\">La Corte Penal Internacional (CPI)<\/a> anunci\u00f3 este martes \u00f3rdenes de arresto contra el exministro ruso de Defensa Sergu\u00e9i Shoig\u00fa y el jefe del Estado Mayor, Valeri Guer\u00e1simov<\/b>, por cr\u00edmenes de guerra y lesa humanidad entre octubre de 2022 y marzo de 2023 durante la invasi\u00f3n de Ucrania. De esta forma <b>aumentan a seis las \u00f3rdenes de detenci\u00f3n<\/b> emitidas por la corte con sede en La Haya contra l\u00edderes rusos, <b>incluido <a href=\"https:\/\/www.pagina12.com.ar\/532607-la-corte-penal-internacional-pidio-la-detencion-de-vladimir-\">el presidente Vladimir Putin<\/a><\/b>. El Kremlin dijo varias veces que la infraestructura energ\u00e9tica ucraniana es un objetivo militar leg\u00edtimo y niega que el ataque a civiles est\u00e9 dentro de sus planes.<\/p>\n<div class=\"iframely-embed medium-embedded-content\" data-html=\"Jmx0O2Jsb2NrcXVvdGUgY2xhc3M9InR3aXR0ZXItdHdlZXQiIGRhdGEtZG50PSJ0cnVlIiBhbGlnbj0iY2VudGVyIiZndDsmbHQ7cCBsYW5nPSJlbiIgZGlyPSJsdHIiJmd0O1NpdHVhdGlvbiBpbiAmbHQ7YSBocmVmPSJodHRwczovL3R3aXR0ZXIuY29tL2hhc2h0YWcvVWtyYWluZT9zcmM9aGFzaCZhbXA7YW1wO3JlZl9zcmM9dHdzcmMlNUV0ZnciJmd0OyNVa3JhaW5lJmx0Oy9hJmd0OzogJmx0O2EgaHJlZj0iaHR0cHM6Ly90d2l0dGVyLmNvbS9oYXNodGFnL0lDQz9zcmM9aGFzaCZhbXA7YW1wO3JlZl9zcmM9dHdzcmMlNUV0ZnciJmd0OyNJQ0MmbHQ7L2EmZ3Q7IGp1ZGdlcyBpc3N1ZSBhcnJlc3Qgd2FycmFudHMgYWdhaW5zdCBTZXJnZWkgS3V6aHVnZXRvdmljaCBTaG9pZ3UgYW5kIFZhbGVyeSBWYXNpbHlldmljaCBHZXJhc2ltb3YuIExlYXJuIG1vcmUg4qS177iPICZsdDthIGhyZWY9Imh0dHBzOi8vdC5jby9mRWJXeU9uVHNDIiZndDtodHRwczovL3QuY28vZkViV3lPblRzQyZsdDsvYSZndDsmbHQ7L3AmZ3Q7JmFtcDttZGFzaDsgSW50JmFtcDsjMzk7bCBDcmltaW5hbCBDb3VydCAoQEludGxDcmltQ291cnQpICZsdDthIGhyZWY9Imh0dHBzOi8vdHdpdHRlci5jb20vSW50bENyaW1Db3VydC9zdGF0dXMvMTgwNTU1MjUyODU0MjYyNTk1OT9yZWZfc3JjPXR3c3JjJTVFdGZ3IiZndDtKdW5lIDI1LCAyMDI0Jmx0Oy9hJmd0OyZsdDsvYmxvY2txdW90ZSZndDsKJmx0O3NjcmlwdCBhc3luYyBzcmM9Imh0dHBzOi8vcGxhdGZvcm0udHdpdHRlci5jb20vd2lkZ2V0cy5qcyIgY2hhcnNldD0idXRmLTgiJmd0OyZsdDsvc2NyaXB0Jmd0OwoKJmx0O2RpdiBjbGFzcz0ibWVkaXVtLWluc2VydC1lbWJlZHMtbWV0YSImZ3Q7Jmx0O3NjcmlwdCB0eXBlPSJ0ZXh0L2pzb24iJmd0O3sidXJsIjoiaHR0cHM6Ly90d2l0dGVyLmNvbS9JbnRsQ3JpbUNvdXJ0L3N0YXR1cy8xODA1NTUyNTI4NTQyNjI1OTU5IiwidHlwZSI6InJpY2giLCJ2ZXJzaW9uIjoiMS4wIiwidGl0bGUiOiJJbnQnbCBDcmltaW5hbCBDb3VydCBvbiBUd2l0dGVyIC8gWCIsImF1dGhvciI6IkludCdsIENyaW1pbmFsIENvdXJ0IiwiYXV0aG9yX3VybCI6Imh0dHBzOi8vdHdpdHRlci5jb20vSW50bENyaW1Db3VydCIsInByb3ZpZGVyX25hbWUiOiJUd2l0dGVyIiwiZGVzY3JpcHRpb24iOiJTaXR1YXRpb24gaW4gI1VrcmFpbmU6ICNJQ0MganVkZ2VzIGlzc3VlIGFycmVzdCB3YXJyYW50cyBhZ2FpbnN0IFNlcmdlaSBLdXpodWdldG92aWNoIFNob2lndSBhbmQgVmFsZXJ5IFZhc2lseWV2aWNoIEdlcmFzaW1vdi4gTGVhcm4gbW9yZSDipLXvuI8gaHR0cHM6Ly90LmNvL2ZFYld5T25Uc0PigJQgSW50J2wgQ3JpbWluYWwgQ291cnQgKEBJbnRsQ3JpbUNvdXJ0KSBKdW5lIDI1LCAyMDI0XG5cblxuIiwiY2FjaGVfYWdlIjo4NjQwMCwib3B0aW9ucyI6eyJfaGlkZV9tZWRpYSI6eyJsYWJlbCI6IkhpZGUgcGhvdG9zLCB2aWRlb3MsIGFuZCBjYXJkcyIsInZhbHVlIjpmYWxzZX0sIl90aGVtZSI6eyJ2YWx1ZSI6IiIsInZhbHVlcyI6eyJkYXJrIjoiVXNlIGRhcmsgdGhlbWUifX0sIl9tYXh3aWR0aCI6eyJ2YWx1ZSI6IiIsImxhYmVsIjoiQWRqdXN0IHdpZHRoIiwicGxhY2Vob2xkZXIiOiIyMjAtNTUwLCBpbiBweCJ9fX0mbHQ7L3NjcmlwdCZndDsmbHQ7L2RpdiZndDs=\">\n<a data-iframely-url=\"\" href=\"https:\/\/twitter.com\/IntlCrimCourt\/status\/1805552528542625959\">https:\/\/twitter.com\/IntlCrimCourt\/status\/1805552528542625959<\/a>\n<\/div>\n<h2>\u00abAtaques contra objetivos civiles\u00bb<\/h2>\n<p><b>La CPI considera a Shoig\u00fa (69 a\u00f1os) y Guer\u00e1simov (68 a\u00f1os)<\/b>, que en el momento de la presunta conducta criminal eran, respectivamente, ministro de Defensa y jefe del Estado Mayor General,<b> \u00abresponsables a nivel penal de ataques con misiles llevados a cabo por las fuerzas armadas rusas contra la infraestructura el\u00e9ctrica ucraniana\u00bb<\/b> desde el 10 de octubre de 2022 hasta al menos el 9 de marzo de 2023.<\/p>\n<p>En ese per\u00edodo el Ej\u00e9rcito ruso llev\u00f3 a cabo varios ataques a plantas de energ\u00eda el\u00e9ctrica y subestaciones en varias localidades de Ucrania. El tribunal de justicia internacional cree que el da\u00f1o colateral previsto a civiles y sus bienes era \u00abclaramente excesivo en comparaci\u00f3n con la ventaja militar anticipada\u00bb a la hora de atacar esas instalaciones, incluso si estas fueron consideradas objetivos militares.<\/p>\n<p>La Sala de Cuestiones Preliminares II autoriz\u00f3 las \u00f3rdenes de arresto solicitadas por el fiscal <b>Karim Khan<\/b>, que sospecha que ambos altos cargos son culpables de <b>cr\u00edmenes de guerra<\/b> por <b>\u00abdirigir ataques contra objetivos civiles\u00bb y por \u00abcausar da\u00f1os colaterales excesivos\u00bb a civiles<\/b>, as\u00ed como de cr\u00edmenes de lesa humanidad por \u00abactos inhumanos\u00bb. Uno de los objetivos principales del derecho internacional humanitario es la protecci\u00f3n de los civiles en conflictos armados, record\u00f3 la CPI, que advirti\u00f3 que el \u00abprincipio de distinci\u00f3n\u00bb proh\u00edbe el uso de la fuerza armada contra personas protegidas durante las hostilidades.<\/p>\n<p>\u00abTodos los involucrados en conflictos armados deben seguir las reglas b\u00e1sicas de conducta reflejadas en el derecho internacional humanitario.<b> Ning\u00fan individuo, en ninguna parte del mundo, deber\u00eda sentir que puede actuar con impunidad.<\/b> Y ninguna persona, en ninguna parte del mundo, deber\u00eda sentir que merece menos protecci\u00f3n que otras\u00bb, advirti\u00f3 <b>Khan<\/b>. Aunque la sala autoriz\u00f3 a hacer p\u00fablicas estas \u00f3rdenes de arresto, su contenido permanece secreto para proteger a los testigos y salvaguardar las investigaciones.\u00a0<\/p>\n<p>Shoig\u00fa, confidente del presidente Vladimir Putin, fue ministro de Situaciones de Emergencia de 1991 hasta 2012, cuando ascendi\u00f3 a ministro de Defensa, cargo del que fue destituido el mes pasado. Ahora es secretario del Consejo de Seguridad de Rusia. El general Guer\u00e1simov es jefe del Estado Mayor desde 2012, y, desde enero de 2023, comandante de lo que se conoce como Grupo de Fuerzas Conjuntas en la Zona de Operaciones Militares Especiales.<\/p>\n<h2>Seis \u00f3rdenes de detenci\u00f3n<\/h2>\n<p>La CPI no dispone de fuerzas de seguridad propias para ejecutar sus \u00f3rdenes de arresto, y se apoya en el sistema judicial de sus 124 pa\u00edses miembros para llevarlas a cabo. En teor\u00eda, <b>cualquier persona que sea objeto de una orden de este tipo tendr\u00eda que ser detenida si viaja a un territorio de un Estado miembro<\/b>.<\/p>\n<p>Putin, acusado de\u00a0una presunta deportaci\u00f3n ilegal de ni\u00f1os ucranianos en zonas ocupadas por la Federaci\u00f3n Rusa, viaj\u00f3 a pa\u00edses como\u00a0Kirguist\u00e1n, Arabia Saudita, Emiratos \u00c1rabes Unidos y Corea del Norte, que no son miembros de la CPI. En cambio evit\u00f3 participar en un encuentro de los Brics (Brasil Rusia, India, China y Sud\u00e1frica) en Sud\u00e1frica, un pa\u00eds que se habr\u00eda visto obligado a ejecutar la decisi\u00f3n del tribunal internacional.<\/p>\n<p>La CPI, creada en 2002 para investigar cr\u00edmenes de guerra y contra la humanidad en todo el mundo, abri\u00f3 en septiembre una oficina en Kiev como parte de los esfuerzos para pedir cuentas a las fuerzas rusas por posibles cr\u00edmenes de guerra. Esto ocurri\u00f3 despu\u00e9s de la creaci\u00f3n de un centro internacional para investigar a Rusia por posibles cr\u00edmenes de guerra en La Haya en marzo de 2023.<\/p>\n<p><b>Adem\u00e1s de Putin, la CPI tambi\u00e9n emiti\u00f3 una orden de arresto contra Maria Lvova-Belova, comisionada rusa para la infancia<\/b>, por cargos similares, es decir la presunta deportaci\u00f3n de miles de ni\u00f1os ucranianos a Rusia. Otros responsables rusos que son objeto de \u00f3rdenes de arresto por parte de la Corte Penal Internacional son <b>Sergu\u00e9i Kobylash<\/b>, jefe de la aviaci\u00f3n estrat\u00e9gica, y <b>Viktor Sokolov<\/b>, jefe de la flota en el mar Negro.<\/p>\n<p>Rusia reaccion\u00f3 r\u00e1pidamente y minimiz\u00f3 la \u00faltima decisi\u00f3n contra Shoig\u00fa\u00a0tach\u00e1ndola de \u00abinsignificante\u00bb, seg\u00fan el servicio de prensa del Kremlin que fue\u00a0citado por la agencia de noticias Tass. El Consejo de Seguridad ruso subray\u00f3 en un comunicado que la orden de arresto es nula ya que Rusia no reconoce su jurisdicci\u00f3n, adem\u00e1s de advertir que esa medida forma parte de la \u00abguerra h\u00edbrida de Occidente contra Rusia\u00bb.<\/p>\n<p>En cambio el presidente de Ucrania, <b>Volodimir Zelenski<\/b>, celebr\u00f3 las medidas dictadas por la CPI. <b>\u00abLa decisi\u00f3n es una indicaci\u00f3n clara de que la justicia para los cr\u00edmenes rusos contra la humanidad es inevitable\u00bb<\/b>, escribi\u00f3 Zelenski en sus redes sociales. El jefe de Estado ucraniano agreg\u00f3 que las \u00f3rdenes de arresto demuestran que ni el rango militar ni la posici\u00f3n pol\u00edtica que ocupen \u00abpueden proteger a los criminales rusos\u00bb de la justicia.<\/p>\n<\/div>\n<p><script async src=\"\/\/platform.twitter.com\/widgets.js\" charset=\"utf-8\"><\/script><br \/><a href=\"https:\/\/www.pagina12.com.ar\/747122-la-corte-penal-internacional-ordeno-la-detencion-del-exminis\">source<\/a><\/p>\n","protected":false},"excerpt":{"rendered":"<p>La Corte Penal Internacional (CPI) anunci\u00f3 este martes \u00f3rdenes de arresto contra el exministro ruso&#8230;<\/p>\n","protected":false},"author":0,"featured_media":193670,"comment_status":"open","ping_status":"open","sticky":false,"template":"","format":"standard","meta":{"footnotes":""},"categories":[60],"tags":[],"class_list":["post-193669","post","type-post","status-publish","format-standard","has-post-thumbnail","hentry","category-internacional"],"featured_image_urls":{"full":["https:\/\/radiofenix.com.ar\/2023\/wp-content\/uploads\/2024\/06\/wp-header-logo-10.png",960,540,false],"thumbnail":["https:\/\/radiofenix.com.ar\/2023\/wp-content\/uploads\/2024\/06\/wp-header-logo-10-150x150.png",150,150,true],"medium":["https:\/\/radiofenix.com.ar\/2023\/wp-content\/uploads\/2024\/06\/wp-header-logo-10-300x169.png",300,169,true],"medium_large":["https:\/\/radiofenix.com.ar\/2023\/wp-content\/uploads\/2024\/06\/wp-header-logo-10-768x432.png",640,360,true],"large":["https:\/\/radiofenix.com.ar\/2023\/wp-content\/uploads\/2024\/06\/wp-header-logo-10.png",640,360,false],"1536x1536":["https:\/\/radiofenix.com.ar\/2023\/wp-content\/uploads\/2024\/06\/wp-header-logo-10.png",960,540,false],"2048x2048":["https:\/\/radiofenix.com.ar\/2023\/wp-content\/uploads\/2024\/06\/wp-header-logo-10.png",960,540,false],"newsium-slider-full":["https:\/\/radiofenix.com.ar\/2023\/wp-content\/uploads\/2024\/06\/wp-header-logo-10.png",960,540,false],"newsium-featured":["https:\/\/radiofenix.com.ar\/2023\/wp-content\/uploads\/2024\/06\/wp-header-logo-10.png",960,540,false],"newsium-medium":["https:\/\/radiofenix.com.ar\/2023\/wp-content\/uploads\/2024\/06\/wp-header-logo-10-720x475.png",720,475,true]},"author_info":{"info":[""]},"category_info":"<a href=\"https:\/\/radiofenix.com.ar\/2023\/category\/internacional\/\" rel=\"category tag\">Internacional<\/a>","tag_info":"Internacional","comment_count":"0","_links":{"self":[{"href":"https:\/\/radiofenix.com.ar\/2023\/wp-json\/wp\/v2\/posts\/193669","targetHints":{"allow":["GET"]}}],"collection":[{"href":"https:\/\/radiofenix.com.ar\/2023\/wp-json\/wp\/v2\/posts"}],"about":[{"href":"https:\/\/radiofenix.com.ar\/2023\/wp-json\/wp\/v2\/types\/post"}],"replies":[{"embeddable":true,"href":"https:\/\/radiofenix.com.ar\/2023\/wp-json\/wp\/v2\/comments?post=193669"}],"version-history":[{"count":0,"href":"https:\/\/radiofenix.com.ar\/2023\/wp-json\/wp\/v2\/posts\/193669\/revisions"}],"wp:featuredmedia":[{"embeddable":true,"href":"https:\/\/radiofenix.com.ar\/2023\/wp-json\/wp\/v2\/media\/193670"}],"wp:attachment":[{"href":"https:\/\/radiofenix.com.ar\/2023\/wp-json\/wp\/v2\/media?parent=193669"}],"wp:term":[{"taxonomy":"category","embeddable":true,"href":"https:\/\/radiofenix.com.ar\/2023\/wp-json\/wp\/v2\/categories?post=193669"},{"taxonomy":"post_tag","embeddable":true,"href":"https:\/\/radiofenix.com.ar\/2023\/wp-json\/wp\/v2\/tags?post=193669"}],"curies":[{"name":"wp","href":"https:\/\/api.w.org\/{rel}","templated":true}]}}