{"id":193729,"date":"2024-07-01T08:57:56","date_gmt":"2024-07-01T08:57:56","guid":{"rendered":"https:\/\/radiofenix.com.ar\/2023\/uruguay-celebra-elecciones-internas-con-tres-candidatos-en-el-frente-amplio\/"},"modified":"2024-07-01T08:57:56","modified_gmt":"2024-07-01T08:57:56","slug":"uruguay-celebra-elecciones-internas-con-tres-candidatos-en-el-frente-amplio","status":"publish","type":"post","link":"https:\/\/radiofenix.com.ar\/2023\/uruguay-celebra-elecciones-internas-con-tres-candidatos-en-el-frente-amplio\/","title":{"rendered":"Uruguay celebra elecciones internas con tres candidatos en el Frente Amplio"},"content":{"rendered":"<div>\n<p><b>Uruguay celebra este domingo elecciones internas<\/b> para elegir a los candidatos que buscar\u00e1n la Presidencia en los comicios de octubre pr\u00f3ximo, donde <b>los miembros del opositor Frente Amplio (FA), <a href=\"https:\/\/www.pagina12.com.ar\/tags\/61336-yamandu-orsi\">Yamand\u00fa Orsi<\/a>, <a href=\"https:\/\/www.pagina12.com.ar\/tags\/49620-carolina-cosse\">Carolina Cosse<\/a> y Andr\u00e9s Lima, disputan la candidatura<\/b>.\u00a0Seg\u00fan las encuestas, Orsi lidera la intenci\u00f3n de voto, aunque los tres candidatos mostraron unidad durante el acto de cierre de campa\u00f1a.<\/p>\n<h2>Los sondeos<\/h2>\n<p>Seg\u00fan la \u00faltima encuesta presentada el jueves por la <b>consultora Cifra<\/b>, recogida por el diario uruguayo <i>El Observador<\/i>, <b>Orsi cuenta con un 58% de las preferencias, mientras que Cosse tiene el 37% y Lima el 2<\/b>% en un escenario de votaci\u00f3n m\u00e1xima donde el 66% de los frenteamplistas dice que ir\u00e1 a votar. La diferencia se reduce en un escenario de votaci\u00f3n m\u00ednima, donde votar\u00edan los m\u00e1s interesados en pol\u00edtica, m\u00e1s militantes. En ese marco, Orsi tiene un 51% de intenci\u00f3n, Cosse asciende al 43% y Lima queda en 2%.<\/p>\n<p>\u00abEn la interna del Frente Amplio Orsi tiene ventaja sobre Cosse, y <b>esa ventaja ser\u00e1 m\u00e1s amplia cuanta m\u00e1s gente vote en la interna del Frente<\/b>. Si la votaci\u00f3n es escasa, Cosse se puede acercar mucho a Orsi, pero con la informaci\u00f3n de esta encuesta parece improbable que lo pudiera superar\u00bb, describi\u00f3 la consultora en su informe.<\/p>\n<p>En otra encuesta presentada el jueves por la consultora <b>Opci\u00f3n<\/b>, recogida por el medio <i>la diaria<\/i>, se presentan cifras similares: en un escenario m\u00e1ximo, el exintendente de Canelones recibir\u00eda la adhesi\u00f3n del 56% de los simpatizantes frenteamplistas, la intendenta de Montevideo el 43%, y el intendente de Salto el 1%, mientras que en un escenario m\u00ednimo tienen una intenci\u00f3n de voto del 52%, 46% y un 1%, respectivamente.<\/p>\n<p>El an\u00e1lisis indic\u00f3 que si bien Orsi mantiene ventaja sobre Cosse, <b>dada la posibilidad de que haya un bajo nivel de participaci\u00f3n, la distancia entre ambos no es concluyente<\/b>. \u201cLa concurrencia final al interior de la interna frenteamplista, tanto en volumen como en perfil de votantes, ser\u00e1 clave para el resultado final\u201d, apunt\u00f3 la consultora en los resultados de su encuesta.<\/p>\n<h2>Unidad pol\u00edtica<\/h2>\n<p>Aunque los tres precandidatos compiten por la representaci\u00f3n de su espacio, el jueves mostraron su unidad present\u00e1ndose juntos en el cierre de campa\u00f1a a sala llena en el Palacio Pe\u00f1arol. Por determinaci\u00f3n de un sorteo previo, habl\u00f3 <b>Cosse<\/b>. \u201cCuando alguien quiere hablar de temas profundos, aparece todo un ej\u00e9rcito conservador a disciplinar, castigar a los que somos distintos\u201d, se\u00f1al\u00f3 en declaraciones recogidas por <i>la diaria<\/i>. <b>\u00abLa derecha pretende instalar que no hay que hacer nada para que no haya cr\u00edticas. Yo prefiero toda la vida que me critiquen por lo que hago, a que me critiquen por lo que no hago\u201d<\/b>, manifest\u00f3.<\/p>\n<p>Despu\u00e9s de Cosse fue el turno de <b>Lima<\/b>, quien en la misma l\u00ednea <b>dijo que la econom\u00eda crece, aunque para unos pocos<\/b>. \u201cHoy en este pa\u00eds tenemos 160.000 uruguayos desempleados y otros 160.000 uruguayos que tienen que arreglarse con 15.000 pesos al mes; hoy vivimos en un pa\u00eds donde 150.000 jubilados y pensionistas ganan 18.800 pesos; ese es el Uruguay que nos est\u00e1 dejando esta coalici\u00f3n. No estaban preparados para gobernar\u201d, apunt\u00f3.<\/p>\n<p><b>Orsi <\/b>culmin\u00f3\u00a0el acto del FA, tambi\u00e9n con cr\u00edticas al gobierno. \u00abNo da lo mismo que mientras nos dicen que tenemos que mejorar la seguridad, se descubre una asociaci\u00f3n para delinquir en un piso entero de la Torre Ejecutiva, pero con un solo integrante\u201d, en referencia al exjefe de seguridad presidencial<a href=\"https:\/\/www.pagina12.com.ar\/486058-uruguay-imputaron-con-prision-preventivaal-jefe-de-la-custod\"><b> Alejandro Astesiano<\/b><\/a>, acusado de participar en una red de falsificaci\u00f3n de pasaportes para ciudadanos rusos. <b>\u201cNo nos da lo mismo reconocer que vivimos en un pa\u00eds que ha sido ejemplo en el mundo por sus reglas claras de juego y, mientras tanto, las noticias que van saliendo de ac\u00e1 para afuera son un esc\u00e1ndalo tras otro\u201d<\/b>, subray\u00f3, en referencia a otros casos como la <a href=\"https:\/\/www.pagina12.com.ar\/615618-lacalle-pou-en-la-peor-semana-de-su-gobierno\"><b>entrega del pasaporte al narcotraficante Sebast\u00edan Marset<\/b><\/a>.<\/p>\n<div class=\"iframely-embed medium-embedded-content\" data-html=\"Jmx0O2Jsb2NrcXVvdGUgY2xhc3M9InR3aXR0ZXItdHdlZXQiIGRhdGEtZG50PSJ0cnVlIiBhbGlnbj0iY2VudGVyIiZndDsmbHQ7cCBsYW5nPSJlcyIgZGlyPSJsdHIiJmd0O051ZXN0cm8gYWN0byBkZSBjaWVycmUgZXMgZWwgY29taWVuem8gZGUgdW4gZnV0dXJvIG1lam9yLiBEZSBlc28gbm8gcXVlZGFuIGR1ZGFz8J+ZjCZsdDticiZndDtBc8OtIGxvIHZpdmltb3MgbWlsZXMgcXVlIGNvbG1hbW9zIGVsIFBhbGFjaW8gUGXDsWFyb2zwn6SpJmx0O2JyJmd0O0VzdGUgMzAgZGUgSnVuaW8gZW1wZXphbW9zIGEgZ2FuYXIgJmx0O2EgaHJlZj0iaHR0cHM6Ly90d2l0dGVyLmNvbS9oYXNodGFnL1BvclVydWd1YXk\/c3JjPWhhc2gmYW1wO2FtcDtyZWZfc3JjPXR3c3JjJTVFdGZ3IiZndDsjUG9yVXJ1Z3VheSZsdDsvYSZndDvwn4e68J+HviAmbHQ7YSBocmVmPSJodHRwczovL3QuY28vSzV1ODhGYXJlVSImZ3Q7cGljLnR3aXR0ZXIuY29tL0s1dTg4RmFyZVUmbHQ7L2EmZ3Q7Jmx0Oy9wJmd0OyZhbXA7bWRhc2g7IEZyZW50ZSBBbXBsaW8gKEBGcmVudGVfQW1wbGlvKSAmbHQ7YSBocmVmPSJodHRwczovL3R3aXR0ZXIuY29tL0ZyZW50ZV9BbXBsaW8vc3RhdHVzLzE4MDYxMDQ2NTMwNjAyNDM5NTA\/cmVmX3NyYz10d3NyYyU1RXRmdyImZ3Q7SnVuZSAyNiwgMjAyNCZsdDsvYSZndDsmbHQ7L2Jsb2NrcXVvdGUmZ3Q7CiZsdDtzY3JpcHQgYXN5bmMgc3JjPSJodHRwczovL3BsYXRmb3JtLnR3aXR0ZXIuY29tL3dpZGdldHMuanMiIGNoYXJzZXQ9InV0Zi04IiZndDsmbHQ7L3NjcmlwdCZndDsKCiZsdDtkaXYgY2xhc3M9Im1lZGl1bS1pbnNlcnQtZW1iZWRzLW1ldGEiJmd0OyZsdDtzY3JpcHQgdHlwZT0idGV4dC9qc29uIiZndDt7InVybCI6Imh0dHBzOi8vdHdpdHRlci5jb20vRnJlbnRlX0FtcGxpby9zdGF0dXMvMTgwNjEwNDY1MzA2MDI0Mzk1MCIsInR5cGUiOiJyaWNoIiwidmVyc2lvbiI6IjEuMCIsInRpdGxlIjoiRnJlbnRlIEFtcGxpbyBvbiBUd2l0dGVyIC8gWCIsImF1dGhvciI6IkZyZW50ZSBBbXBsaW8iLCJhdXRob3JfdXJsIjoiaHR0cHM6Ly90d2l0dGVyLmNvbS9GcmVudGVfQW1wbGlvIiwicHJvdmlkZXJfbmFtZSI6IlR3aXR0ZXIiLCJkZXNjcmlwdGlvbiI6Ik51ZXN0cm8gYWN0byBkZSBjaWVycmUgZXMgZWwgY29taWVuem8gZGUgdW4gZnV0dXJvIG1lam9yLiBEZSBlc28gbm8gcXVlZGFuIGR1ZGFz8J+ZjEFzw60gbG8gdml2aW1vcyBtaWxlcyBxdWUgY29sbWFtb3MgZWwgUGFsYWNpbyBQZcOxYXJvbPCfpKlFc3RlIDMwIGRlIEp1bmlvIGVtcGV6YW1vcyBhIGdhbmFyICNQb3JVcnVndWF58J+HuvCfh74gcGljLnR3aXR0ZXIuY29tL0s1dTg4RmFyZVXigJQgRnJlbnRlIEFtcGxpbyAoQEZyZW50ZV9BbXBsaW8pIEp1bmUgMjYsIDIwMjRcblxuXG4iLCJjYWNoZV9hZ2UiOjg2NDAwLCJvcHRpb25zIjp7Il9oaWRlX21lZGlhIjp7ImxhYmVsIjoiSGlkZSBwaG90b3MsIHZpZGVvcywgYW5kIGNhcmRzIiwidmFsdWUiOmZhbHNlfSwiX3RoZW1lIjp7InZhbHVlIjoiIiwidmFsdWVzIjp7ImRhcmsiOiJVc2UgZGFyayB0aGVtZSJ9fSwiX21heHdpZHRoIjp7InZhbHVlIjoiIiwibGFiZWwiOiJBZGp1c3Qgd2lkdGgiLCJwbGFjZWhvbGRlciI6IjIyMC01NTAsIGluIHB4In19fSZsdDsvc2NyaXB0Jmd0OyZsdDsvZGl2Jmd0Ow==\">\n<a data-iframely-url=\"\" href=\"https:\/\/twitter.com\/Frente_Amplio\/status\/1806104653060243950\">https:\/\/twitter.com\/Frente_Amplio\/status\/1806104653060243950<\/a>\n<\/div>\n<h2>De cara a las generales<\/h2>\n<p><b>Gabriel Delacoste<\/b>, licenciado en Ciencias Pol\u00edticas por la Universidad de la Rep\u00fablica (UDELAR) de Uruguay, explic\u00f3 a\u00a0<b>P\u00e1ginaI12<\/b>\u00a0que la candidatura de Yamand\u00fa Orsi es apoyada por el Movimiento de Participaci\u00f3n Popular (MPP), liderado por el expresidente\u00a0Jos\u00e9 Mujica, mientras que Carolina Cosse cuenta con el respaldo del Partido Socialista y el Partido Comunista.<\/p>\n<p>El polit\u00f3logo uruguayo y profesor de ciencias pol\u00edticas de la UDELAR, <b>Daniel Buquet<\/b>, agreg\u00f3 a este medio que como matiz ideol\u00f3gico la candidatura de Orsi es m\u00e1s moderada y la de Cosse m\u00e1s radical en t\u00e9rminos de izquierda. <b>\u00abEl discurso de Yamand\u00fa Orsi es un discurso ideologista, contemplativo, mientras que el discurso de Cosse es un discurso m\u00e1s cr\u00edtico y m\u00e1s confrontativo<\/b>. Esto es referencia al gobierno, no entre ellos, porque no se atacaron en la campa\u00f1a\u00bb, enfatiz\u00f3.<\/p>\n<p>En su an\u00e1lisis, Buquet dijo que se estima que el Partido Nacional sea el m\u00e1s votado en las elecciones<br \/>\ninternas, pero en que <b>en las generales tiene chances de ganar el FA, con una intenci\u00f3n de voto s\u00f3lida, por arriba del 40%<\/b>. Sin embargo, aclar\u00f3 que la aprobaci\u00f3n del gobierno tiene un potencial equivalente, parejo, que solo baj\u00f3 significativamente cuando surgieron esc\u00e1ndalos de corrupci\u00f3n como el caso Asteciano en 2022. A\u00fan as\u00ed, considera que asuntos de esa \u00edndole no tendr\u00e1n mayores variaciones en la intenci\u00f3n de voto.<\/p>\n<p>Por su parte, <b>Delacoste si piensa que los esc\u00e1ndalos pueden repercutir electoralmente en el oficialismo. \u00abLa oposici\u00f3n es prolija, mantiene la unidad, entonces parece capaz de capitalizar esa situaci\u00f3n <\/b>en cuanto a lo que tienen en cuenta los uruguayos a la hora de votar como en cualquier otro lugar del mundo: la econom\u00eda, la estabilidad, lo competente que son o no los candidatos y la corrupci\u00f3n\u00bb, remarc\u00f3.<\/p>\n<p>Con 2.766.342 de electores habilitados, seg\u00fan los datos oficiales de la Corte Electoral, las urnas uruguayas estar\u00e1n listas para recibir, entre las 8:00 y las 19:30 hora local, los votos en los 7.105 circuitos de votaci\u00f3n dispuestos a lo largo de un pa\u00eds de tres millones y medio de habitantes.<\/p>\n<p>Informe: <b>Axel Schwarzfeld<\/b><\/p>\n<\/div>\n<p><script async src=\"\/\/platform.twitter.com\/widgets.js\" charset=\"utf-8\"><\/script><br \/><a href=\"https:\/\/www.pagina12.com.ar\/748301-uruguay-celebra-elecciones-internas-con-tres-candidatos-en-e\">source<\/a><\/p>\n","protected":false},"excerpt":{"rendered":"<p>Uruguay celebra este domingo elecciones internas para elegir a los candidatos que buscar\u00e1n la Presidencia&#8230;<\/p>\n","protected":false},"author":0,"featured_media":193730,"comment_status":"open","ping_status":"open","sticky":false,"template":"","format":"standard","meta":{"footnotes":""},"categories":[60],"tags":[],"class_list":["post-193729","post","type-post","status-publish","format-standard","has-post-thumbnail","hentry","category-internacional"],"featured_image_urls":{"full":["https:\/\/radiofenix.com.ar\/2023\/wp-content\/uploads\/2024\/07\/wp-header-logo-3.png",960,540,false],"thumbnail":["https:\/\/radiofenix.com.ar\/2023\/wp-content\/uploads\/2024\/07\/wp-header-logo-3-150x150.png",150,150,true],"medium":["https:\/\/radiofenix.com.ar\/2023\/wp-content\/uploads\/2024\/07\/wp-header-logo-3-300x169.png",300,169,true],"medium_large":["https:\/\/radiofenix.com.ar\/2023\/wp-content\/uploads\/2024\/07\/wp-header-logo-3-768x432.png",640,360,true],"large":["https:\/\/radiofenix.com.ar\/2023\/wp-content\/uploads\/2024\/07\/wp-header-logo-3.png",640,360,false],"1536x1536":["https:\/\/radiofenix.com.ar\/2023\/wp-content\/uploads\/2024\/07\/wp-header-logo-3.png",960,540,false],"2048x2048":["https:\/\/radiofenix.com.ar\/2023\/wp-content\/uploads\/2024\/07\/wp-header-logo-3.png",960,540,false],"newsium-slider-full":["https:\/\/radiofenix.com.ar\/2023\/wp-content\/uploads\/2024\/07\/wp-header-logo-3.png",960,540,false],"newsium-featured":["https:\/\/radiofenix.com.ar\/2023\/wp-content\/uploads\/2024\/07\/wp-header-logo-3.png",960,540,false],"newsium-medium":["https:\/\/radiofenix.com.ar\/2023\/wp-content\/uploads\/2024\/07\/wp-header-logo-3-720x475.png",720,475,true]},"author_info":{"info":[""]},"category_info":"<a href=\"https:\/\/radiofenix.com.ar\/2023\/category\/internacional\/\" rel=\"category tag\">Internacional<\/a>","tag_info":"Internacional","comment_count":"0","_links":{"self":[{"href":"https:\/\/radiofenix.com.ar\/2023\/wp-json\/wp\/v2\/posts\/193729","targetHints":{"allow":["GET"]}}],"collection":[{"href":"https:\/\/radiofenix.com.ar\/2023\/wp-json\/wp\/v2\/posts"}],"about":[{"href":"https:\/\/radiofenix.com.ar\/2023\/wp-json\/wp\/v2\/types\/post"}],"replies":[{"embeddable":true,"href":"https:\/\/radiofenix.com.ar\/2023\/wp-json\/wp\/v2\/comments?post=193729"}],"version-history":[{"count":0,"href":"https:\/\/radiofenix.com.ar\/2023\/wp-json\/wp\/v2\/posts\/193729\/revisions"}],"wp:featuredmedia":[{"embeddable":true,"href":"https:\/\/radiofenix.com.ar\/2023\/wp-json\/wp\/v2\/media\/193730"}],"wp:attachment":[{"href":"https:\/\/radiofenix.com.ar\/2023\/wp-json\/wp\/v2\/media?parent=193729"}],"wp:term":[{"taxonomy":"category","embeddable":true,"href":"https:\/\/radiofenix.com.ar\/2023\/wp-json\/wp\/v2\/categories?post=193729"},{"taxonomy":"post_tag","embeddable":true,"href":"https:\/\/radiofenix.com.ar\/2023\/wp-json\/wp\/v2\/tags?post=193729"}],"curies":[{"name":"wp","href":"https:\/\/api.w.org\/{rel}","templated":true}]}}