{"id":193731,"date":"2024-07-01T08:57:58","date_gmt":"2024-07-01T08:57:58","guid":{"rendered":"https:\/\/radiofenix.com.ar\/2023\/siguen-las-bajas-temperaturas-en-buenos-aires-cual-sera-el-dia-mas-frio-de-la-semana-y-que-chances-hay-de-nieve\/"},"modified":"2024-07-01T08:57:58","modified_gmt":"2024-07-01T08:57:58","slug":"siguen-las-bajas-temperaturas-en-buenos-aires-cual-sera-el-dia-mas-frio-de-la-semana-y-que-chances-hay-de-nieve","status":"publish","type":"post","link":"https:\/\/radiofenix.com.ar\/2023\/siguen-las-bajas-temperaturas-en-buenos-aires-cual-sera-el-dia-mas-frio-de-la-semana-y-que-chances-hay-de-nieve\/","title":{"rendered":"Siguen las bajas temperaturas en Buenos Aires: cu\u00e1l ser\u00e1 el d\u00eda m\u00e1s fr\u00edo de la semana y qu\u00e9 chances hay de nieve"},"content":{"rendered":"<div id=\"\">\n<p>En este marco, para la semana que arranca <strong>este lunes se espera en el AMBA temperaturas m\u00ednimas que rondar\u00e1n entre 4 y 8 grados, y m\u00e1ximas que ascender\u00e1n entre 11 y 17 grados<\/strong>.<\/p>\n<h2>C\u00f3mo estar\u00e1n las temperaturas en el AMBA<\/h2>\n<p>La semana comienza este lunes con cielo parcialmente nublado en la madrugada y ma\u00f1ana, y ligeramente nublado en la tarde y noche; junto con una temperatura m\u00ednima de 6 grados y una m\u00e1xima de 16, seg\u00fan el SMN. El viernes podr\u00eda ser el d\u00eda m\u00e1s fr\u00edo de la semana.<\/p>\n<h4>Las temperaturas para esta semana:<\/h4>\n<ul>\n<li>Lunes: m\u00ednima de 6 grados, m\u00e1xima de 16<\/li>\n<li>Martes: m\u00ednima de 8 grados, m\u00e1xima de 17<\/li>\n<li>Mi\u00e9rcoles: m\u00ednima de 8 grados, m\u00e1xima de 14<\/li>\n<li>Jueves: m\u00ednima de 5 grados, m\u00e1xima de 14<\/li>\n<li>Viernes: m\u00ednima de 4 grados, m\u00e1xima de 11<\/li>\n<\/ul>\n<h2>C\u00f3mo sigue el clima en el AMBA<\/h2>\n<p>Se espera una jornada de <strong>martes<\/strong> con cielo ligeramente nublado en la madrugada y en la noche, y cielo algo nublado en la ma\u00f1ana y tarde; con temperaturas que ir\u00e1n desde 8 hacia 17 grados.<\/p>\n<p>El <strong>mi\u00e9rcoles<\/strong>, en tanto, se prev\u00e9 cielo algo nublado durante toda la jornada, acompa\u00f1ado de marcas t\u00e9rmicas que ir\u00e1n desde 8 gradps de m\u00ednima hacia 14 de m\u00e1xima.<\/p>\n<h2>Qu\u00e9 tiene que pasar para que caiga nieve en Buenos Aires<\/h2>\n<p><strong>Para que se produzca una nevada:<\/strong><\/p>\n<ul>\n<li> <strong>Aire fr\u00edo:<\/strong> No solo en la superficie, sino tambi\u00e9n en las capas altas de la atm\u00f3sfera. La temperatura debe ser igual o inferior a 0\u00b0C en toda la columna de aire por la que desciendan las precipitaciones.<\/li>\n<li><strong>Humedad<\/strong>: La presencia de vapor de agua en la atm\u00f3sfera es fundamental para la formaci\u00f3n de nubes y, posteriormente, de nieve.<\/li>\n<li><strong>Precipitaci\u00f3n<\/strong>: Es necesario que se produzcan precipitaciones en forma de nieve, lo que implica que las nubes deben encontrarse a una temperatura lo suficientemente baja como para que los cristales de hielo no se derritan antes de llegar al suelo.<\/li>\n<\/ul>\n<div contenteditable=\"false\" class=\"embed_cont type_freetext\" rel=\"freetext\" id=\"embed54_wrap\">\n<p> Embed <span onclick=\"parent.parent.TinyMCETdcuerpo.preview_embed('embed54')\" class=\"embed_colapse less\" id=\"embed54_colapse\"\/> <span onclick=\"parent.parent.TinyMCETdcuerpo.delete_embed('embed54')\" class=\"embed_delete less\" id=\"embed54_delete\"\/><\/p>\n<div id=\"embed54_content\" class=\"embed_content\">\n<div id=\"embed54_embed\">\n<figure class=\"figure\"><a href=\"https:\/\/t.me\/minutounocom\" target=\"_blank\" rel=\"noopener\"><img decoding=\"async\" src=\"https:\/\/media.minutouno.com\/adjuntos\/150\/banners\/039\/099\/0039099175.jpg\" class=\"figure-img img-fluid\" style=\"width:100%;height:auto;\"\/><\/a><\/figure>\n<\/div>\n<\/div><\/div>\n<\/p><\/div>\n<p><a href=\"https:\/\/www.minutouno.com\/sociedad\/frio\/siguen-las-bajas-temperaturas-buenos-aires-cual-sera-el-dia-mas-la-semana-y-que-chances-hay-nieve-n6023570\">source<\/a><\/p>\n","protected":false},"excerpt":{"rendered":"<p>En este marco, para la semana que arranca este lunes se espera en el AMBA&#8230;<\/p>\n","protected":false},"author":0,"featured_media":193732,"comment_status":"open","ping_status":"open","sticky":false,"template":"","format":"standard","meta":{"footnotes":""},"categories":[2],"tags":[],"class_list":["post-193731","post","type-post","status-publish","format-standard","has-post-thumbnail","hentry","category-politica"],"featured_image_urls":{"full":["https:\/\/radiofenix.com.ar\/2023\/wp-content\/uploads\/2024\/07\/wp-header-logo-4.png",730,100,false],"thumbnail":["https:\/\/radiofenix.com.ar\/2023\/wp-content\/uploads\/2024\/07\/wp-header-logo-4-150x100.png",150,100,true],"medium":["https:\/\/radiofenix.com.ar\/2023\/wp-content\/uploads\/2024\/07\/wp-header-logo-4-300x41.png",300,41,true],"medium_large":["https:\/\/radiofenix.com.ar\/2023\/wp-content\/uploads\/2024\/07\/wp-header-logo-4.png",640,88,false],"large":["https:\/\/radiofenix.com.ar\/2023\/wp-content\/uploads\/2024\/07\/wp-header-logo-4.png",640,88,false],"1536x1536":["https:\/\/radiofenix.com.ar\/2023\/wp-content\/uploads\/2024\/07\/wp-header-logo-4.png",730,100,false],"2048x2048":["https:\/\/radiofenix.com.ar\/2023\/wp-content\/uploads\/2024\/07\/wp-header-logo-4.png",730,100,false],"newsium-slider-full":["https:\/\/radiofenix.com.ar\/2023\/wp-content\/uploads\/2024\/07\/wp-header-logo-4.png",730,100,false],"newsium-featured":["https:\/\/radiofenix.com.ar\/2023\/wp-content\/uploads\/2024\/07\/wp-header-logo-4.png",730,100,false],"newsium-medium":["https:\/\/radiofenix.com.ar\/2023\/wp-content\/uploads\/2024\/07\/wp-header-logo-4-720x100.png",720,100,true]},"author_info":{"info":[""]},"category_info":"<a href=\"https:\/\/radiofenix.com.ar\/2023\/category\/politica\/\" rel=\"category tag\">Pol\u00edtica<\/a>","tag_info":"Pol\u00edtica","comment_count":"0","_links":{"self":[{"href":"https:\/\/radiofenix.com.ar\/2023\/wp-json\/wp\/v2\/posts\/193731","targetHints":{"allow":["GET"]}}],"collection":[{"href":"https:\/\/radiofenix.com.ar\/2023\/wp-json\/wp\/v2\/posts"}],"about":[{"href":"https:\/\/radiofenix.com.ar\/2023\/wp-json\/wp\/v2\/types\/post"}],"replies":[{"embeddable":true,"href":"https:\/\/radiofenix.com.ar\/2023\/wp-json\/wp\/v2\/comments?post=193731"}],"version-history":[{"count":0,"href":"https:\/\/radiofenix.com.ar\/2023\/wp-json\/wp\/v2\/posts\/193731\/revisions"}],"wp:featuredmedia":[{"embeddable":true,"href":"https:\/\/radiofenix.com.ar\/2023\/wp-json\/wp\/v2\/media\/193732"}],"wp:attachment":[{"href":"https:\/\/radiofenix.com.ar\/2023\/wp-json\/wp\/v2\/media?parent=193731"}],"wp:term":[{"taxonomy":"category","embeddable":true,"href":"https:\/\/radiofenix.com.ar\/2023\/wp-json\/wp\/v2\/categories?post=193731"},{"taxonomy":"post_tag","embeddable":true,"href":"https:\/\/radiofenix.com.ar\/2023\/wp-json\/wp\/v2\/tags?post=193731"}],"curies":[{"name":"wp","href":"https:\/\/api.w.org\/{rel}","templated":true}]}}