{"id":193735,"date":"2024-07-01T11:00:42","date_gmt":"2024-07-01T11:00:42","guid":{"rendered":"https:\/\/radiofenix.com.ar\/2023\/el-fmi-esta-contento-con-la-aprobacion-de-la-ley-bases-y-el-paquete-fiscal\/"},"modified":"2024-07-01T11:00:42","modified_gmt":"2024-07-01T11:00:42","slug":"el-fmi-esta-contento-con-la-aprobacion-de-la-ley-bases-y-el-paquete-fiscal","status":"publish","type":"post","link":"https:\/\/radiofenix.com.ar\/2023\/el-fmi-esta-contento-con-la-aprobacion-de-la-ley-bases-y-el-paquete-fiscal\/","title":{"rendered":"El FMI est\u00e1 contento con la aprobaci\u00f3n de la Ley Bases y el paquete fiscal"},"content":{"rendered":"<div>\n<p>El <b>Fondo Monetario Internacional (FMI)<\/b> y c\u00e1maras empresariales locales felicitaron al Gobierno luego de la aprobaci\u00f3n definitiva de la Ley Bases y el paquete fiscal. El Fondo destac\u00f3 -una vez m\u00e1s- la capacidad para \u201cmejorar la calidad de la consolidaci\u00f3n fiscal\u201d que tendr\u00eda esta ley. Mientras desde el Consejo Agroindustrial Argentino (CAA) adelantaron que esperan el tratamiento de leyes espec\u00edficas por haber quedado fuera del RIGI. Desde la C\u00e1mara Argentina de Comercio y Servicios (CAC) alentaron la \u201cpronta y satisfactoria\u201d implementaci\u00f3n de las flamantes normas.<\/p>\n<p>\u00abDamos la bienvenida a la aprobaci\u00f3n por parte del Congreso de legislaci\u00f3n fiscal y estructural clave, as\u00ed como de medidas para <b>fortalecer el marco de pol\u00edtica monetaria<\/b>. Su objetivo es mejorar la calidad de la consolidaci\u00f3n fiscal, reducir a\u00fan m\u00e1s la inflaci\u00f3n y apoyar la recuperaci\u00f3n econ\u00f3mica\u00bb, sostuvo la portavoz del FMI <b>Julie Kozack <\/b><b>e<\/b>n un mensaje publicado en la red social X. \u00abSeguimos colaborando constructivamente con el equipo econ\u00f3mico en pol\u00edticas para crear una Argentina m\u00e1s pr\u00f3spera y estable\u00bb, cerr\u00f3 la publicaci\u00f3n.<\/p>\n<p>A <a href=\"https:\/\/www.pagina12.com.ar\/742616-el-fmi-le-baja-linea-a-javier-milei\">principios de mes<\/a>, en una conferencia de prensa el organismo hab\u00eda planteado la necesidad de \u201campliar el apoyo pol\u00edtico para aplicar reformas y mejorar la calidad de la consolidaci\u00f3n fiscal\u201d, en un mensaje que cay\u00f3 mal en el Gobierno en las v\u00edsperas del segundo tratamiento legislativo de la Ley Bases en el Congreso. El Gobierno sali\u00f3 aireoso y ahora anticipan cambios en la pol\u00edtica p\u00fablica: una \u201c<b>fase 2<\/b> que implica empezar a terminar definitivamente con el problema de la inflaci\u00f3n\u00bb, vaticin\u00f3 el presidente Milei a pocas horas de culminar el debate en la C\u00e1mara de Diputados, adelantando un \u00ab<a href=\"https:\/\/www.clarin.com\/politica\/javier-milei-dijo-aprobacion-ley-bases-hito-historico-monumental-historia-argentina_0_ttYQI5h8S3.html\" target=\"_blank\" rel=\"noopener\">cambio del r\u00e9gimen monetario<\/a>\u00ab, que prefiri\u00f3 no especificar.<\/p>\n<p>Javier Milei se limit\u00f3 a repostear el mensaje de la portavoz Kozack en su cuenta de X. D\u00edas atr\u00e1s se hab\u00eda mostrado muy molesto, especialmente con el director del Hemisferio Occidental, Rodrigo Vald\u00e9s, tras la publicaci\u00f3n del <i>staff report<\/i> del organismo que hab\u00eda sido cr\u00edtico sobre la pol\u00edtica del Gobierno. El Fondo expuso reparos sobre los manejos monetarios y cambiarios (le baj\u00f3 el precio a la dolarizaci\u00f3n, pidi\u00f3 una flotaci\u00f3n administrada y unificaci\u00f3n cambiaria, tasas reales altas). El Presidente acus\u00f3 de c\u00f3mplice del gobierno de Alberto Fern\u00e1ndez a quien tuvo fuertes enfrentamientos con el anterior ministro Sergio Massa.<\/p>\n<p>Tras la sanci\u00f3n de la Ley Bases, blanqueo de capitales y paquete fiscal mediante, algunos economistas especulan con que el Gobierno podr\u00e1 eliminar prontamente el cepo, pero los fondos del FMI todav\u00eda son cruciales para hacer eso.<\/p>\n<p>El <b>Consejo Agroindustrial Argentino (CAA)<\/b>, emiti\u00f3 el viernes tambi\u00e9n un comunicado donde consider\u00f3 como \u201cun avance muy positivo\u201d la aprobaci\u00f3n en la C\u00e1mara de Diputados de la Ley de Bases y el paquete fiscal. \u201cAmbas leyes constituyen piezas claves para estabilizar la macroeconom\u00eda, promover inversiones y empleo y orientar el pa\u00eds hacia un sendero de desarrollo sostenido\u201d, dijeron. Pero adem\u00e1s plantearon que la agroindustria qued\u00f3 excluida del RIGI, de modo que \u201cel CAA avanzar\u00e1 con los bloques legislativos para dar pronto tratamiento al Proyecto de Ley de Inversi\u00f3n Agroindustrial que fue dise\u00f1ado por este Consejo y que ya se encuentra en manos de los Diputados para ser tratado\u201d.<\/p>\n<p>Por su parte, la <b>C\u00e1mara Argentina de Comercio y Servicios (CAC) <\/b>expres\u00f3 tambi\u00e9n su satisfacci\u00f3n ante la aprobaci\u00f3n definitiva luego de \u201cun extenso tratamiento legislativo\u201d y tambi\u00e9n se dio espacio para lamentar que \u201clas normas tienen un alcance m\u00e1s limitado que en su redacci\u00f3n original\u201d.<\/p>\n<p>\u201cLa sanci\u00f3n de las leyes por parte del Congreso representa una se\u00f1al de confianza a los inversores locales y del exterior, toda vez que implica que una porci\u00f3n mayoritaria de las fuerzas pol\u00edticas coincide en la necesidad de encarar las transformaciones de fondo que el pa\u00eds requiere\u201d, evaluaron. Y expresaron su colaboraci\u00f3n para \u201cuna pronta y satisfactoria\u201d implementaci\u00f3n de las medidas comprendidas en las flamantes normas.<\/p>\n<p>Expresaron: \u201cTal como lo ha expresado en m\u00e1s de una oportunidad, la Entidad considera positivas las iniciativas mencionadas, de modo que valora que, tras un extenso tratamiento legislativo, finalmente hayan recibido el aval de la C\u00e1mara Baja\u201d. \u201cAunque las normas tienen un alcance m\u00e1s limitado que en su redacci\u00f3n original, constituyen un paso importante en la direcci\u00f3n correcta, al favorecer el ordenamiento del sector p\u00fablico, el crecimiento de la actividad privada y el progreso general de la econom\u00eda\u201d, completaron.<\/p>\n<\/div>\n<p><a href=\"https:\/\/www.pagina12.com.ar\/748070-el-fmi-esta-contento-con-la-aprobacion-de-la-ley-bases-y-el-\">source<\/a><\/p>\n","protected":false},"excerpt":{"rendered":"<p>El Fondo Monetario Internacional (FMI) y c\u00e1maras empresariales locales felicitaron al Gobierno luego de la&#8230;<\/p>\n","protected":false},"author":0,"featured_media":193736,"comment_status":"open","ping_status":"open","sticky":false,"template":"","format":"standard","meta":{"footnotes":""},"categories":[5],"tags":[],"class_list":["post-193735","post","type-post","status-publish","format-standard","has-post-thumbnail","hentry","category-economia"],"featured_image_urls":{"full":["https:\/\/radiofenix.com.ar\/2023\/wp-content\/uploads\/2024\/07\/wp-header-logo-6.png",960,540,false],"thumbnail":["https:\/\/radiofenix.com.ar\/2023\/wp-content\/uploads\/2024\/07\/wp-header-logo-6-150x150.png",150,150,true],"medium":["https:\/\/radiofenix.com.ar\/2023\/wp-content\/uploads\/2024\/07\/wp-header-logo-6-300x169.png",300,169,true],"medium_large":["https:\/\/radiofenix.com.ar\/2023\/wp-content\/uploads\/2024\/07\/wp-header-logo-6-768x432.png",640,360,true],"large":["https:\/\/radiofenix.com.ar\/2023\/wp-content\/uploads\/2024\/07\/wp-header-logo-6.png",640,360,false],"1536x1536":["https:\/\/radiofenix.com.ar\/2023\/wp-content\/uploads\/2024\/07\/wp-header-logo-6.png",960,540,false],"2048x2048":["https:\/\/radiofenix.com.ar\/2023\/wp-content\/uploads\/2024\/07\/wp-header-logo-6.png",960,540,false],"newsium-slider-full":["https:\/\/radiofenix.com.ar\/2023\/wp-content\/uploads\/2024\/07\/wp-header-logo-6.png",960,540,false],"newsium-featured":["https:\/\/radiofenix.com.ar\/2023\/wp-content\/uploads\/2024\/07\/wp-header-logo-6.png",960,540,false],"newsium-medium":["https:\/\/radiofenix.com.ar\/2023\/wp-content\/uploads\/2024\/07\/wp-header-logo-6-720x475.png",720,475,true]},"author_info":{"info":[""]},"category_info":"<a href=\"https:\/\/radiofenix.com.ar\/2023\/category\/economia\/\" rel=\"category tag\">Economia<\/a>","tag_info":"Economia","comment_count":"0","_links":{"self":[{"href":"https:\/\/radiofenix.com.ar\/2023\/wp-json\/wp\/v2\/posts\/193735","targetHints":{"allow":["GET"]}}],"collection":[{"href":"https:\/\/radiofenix.com.ar\/2023\/wp-json\/wp\/v2\/posts"}],"about":[{"href":"https:\/\/radiofenix.com.ar\/2023\/wp-json\/wp\/v2\/types\/post"}],"replies":[{"embeddable":true,"href":"https:\/\/radiofenix.com.ar\/2023\/wp-json\/wp\/v2\/comments?post=193735"}],"version-history":[{"count":0,"href":"https:\/\/radiofenix.com.ar\/2023\/wp-json\/wp\/v2\/posts\/193735\/revisions"}],"wp:featuredmedia":[{"embeddable":true,"href":"https:\/\/radiofenix.com.ar\/2023\/wp-json\/wp\/v2\/media\/193736"}],"wp:attachment":[{"href":"https:\/\/radiofenix.com.ar\/2023\/wp-json\/wp\/v2\/media?parent=193735"}],"wp:term":[{"taxonomy":"category","embeddable":true,"href":"https:\/\/radiofenix.com.ar\/2023\/wp-json\/wp\/v2\/categories?post=193735"},{"taxonomy":"post_tag","embeddable":true,"href":"https:\/\/radiofenix.com.ar\/2023\/wp-json\/wp\/v2\/tags?post=193735"}],"curies":[{"name":"wp","href":"https:\/\/api.w.org\/{rel}","templated":true}]}}