{"id":193737,"date":"2024-07-01T11:00:44","date_gmt":"2024-07-01T11:00:44","guid":{"rendered":"https:\/\/radiofenix.com.ar\/2023\/efemerides-de-hoy-que-paso-un-1o-de-julio\/"},"modified":"2024-07-01T11:00:44","modified_gmt":"2024-07-01T11:00:44","slug":"efemerides-de-hoy-que-paso-un-1o-de-julio","status":"publish","type":"post","link":"https:\/\/radiofenix.com.ar\/2023\/efemerides-de-hoy-que-paso-un-1o-de-julio\/","title":{"rendered":"Efem\u00e9rides de hoy: qu\u00e9 pas\u00f3 un 1\u00ba de julio"},"content":{"rendered":"<div>\n<p>En las<b> efem\u00e9rides del 1\u00ba de julio <\/b>sobresalen estos hechos que ocurrieron un d\u00eda como hoy en la Argentina y el mundo:<\/p>\n<h2>1896.<br \/>\nEl suicidio de Leandro Alem<\/h2>\n<p><b>Leandro Alem se suicida a los 54 a\u00f1os de edad<\/b>. <a href=\"https:\/\/www.pagina12.com.ar\/diario\/elpais\/1-290546-2016-01-18.html\">El fundador de la Uni\u00f3n C\u00edvica Radical <\/a>se descerraja un tiro en la sien, deprimido por la deriva de su partido. <b>Deja su c\u00e9lebre testamento pol\u00edtico, en el que el proclama para su partido \u201cque se rompa pero que no se doble\u201d<\/b>. Hijo de un mazorquero ejecutado tras la ca\u00edda de Rosas, Alem (cuyo verdadero apellido era Al\u00e9n, y que cambi\u00f3 tras la muerte del padre) milit\u00f3 en el Partido Autonomista y luego en el Republicano. Retirado de la pol\u00edtica, volvi\u00f3 para oponerse a la pol\u00edtica de Miguel Ju\u00e1rez Celman. Lider\u00f3 la Revoluci\u00f3n del Parque, de la cual nacer\u00eda la Uni\u00f3n C\u00edvica. La disputa posterior con Bartolom\u00e9 Mitre llev\u00f3 a una divisi\u00f3n: mientras Mitre formaba la Uni\u00f3n C\u00edvica Nacional, Alem creaba la UCR, el partido m\u00e1s antiguo del pa\u00eds. <b>En 1893 condujo la fallida Revoluci\u00f3n Radical y luego comenzar\u00edan las disputas con su sobrino Hip\u00f3lito Yrigoyen<\/b>.<\/p>\n<p><iframe style=\"border: 0px; position: absolute; top: 0px; left: 0px; height: 100%;\" allowfullscreen=\"\" frameborder=\"0\" src=\"https:\/\/www.youtube.com\/embed\/Su1twFwfnxk\"><\/iframe><\/p>\n<h2>1909.<br \/>\nNace Juan Carlos Onetti<\/h2>\n<p>En Montevideo nace uno de los m\u00e1s grandes escritores en castellano de todo el siglo XX: <b><a href=\"https:\/\/www.pagina12.com.ar\/200572-dejemos-hablar-a-onetti\">Juan Carlos Onetti<\/a><\/b>. <i>El pozo<\/i>, su primera novela, es de 1939. E<b>n 1950 apareci\u00f3 <i>La vida breve<\/i>, libro en el que dio forma a la imaginaria ciudad de Santa Mar\u00eda, escenario de novelas mayores como <i>El astillero<\/i> y <i>Juntacad\u00e1veres<\/i><\/b>. Otras obras importantes son la novela corta <i>Los adioses<\/i>, <i>Dejemos hablar al viento<\/i> y <i>Cuando ya no importe<\/i>. Se exili\u00f3 en Espa\u00f1a por la dictadura uruguaya, que lo detuvo durante tres meses. Obtuvo el <b>Premio Cervantes en 1980 <\/b>y falleci\u00f3 en la capital espa\u00f1ola el 30 de mayo de 1994.<\/p>\n<p><iframe style=\"border: 0px; position: absolute; top: 0px; left: 0px; height: 100%;\" allowfullscreen=\"\" frameborder=\"0\" src=\"https:\/\/www.youtube.com\/embed\/n9pWeMD0xa8\"><\/iframe><\/p>\n<h2>1926.<br \/>\nEl nacimiento de Atilio Stampone<\/h2>\n<p>Nace el pianista <b>Atilio Stampone<\/b>, una de las grandes figuras del tango. Integr\u00f3 el revolucionario Octeto Buenos Aires de Astor Piazzolla.<b> Junto a Homero Exp\u00f3sito, escribi\u00f3 el cl\u00e1sico \u00abAfiches\u00bb<\/b>. Tambi\u00e9n <b>fue autor de la banda sonora de <i>La historia oficial<\/i>, la primera pel\u00edcula argentina en obtener el Oscar<\/b>. Tuvo una larga actuaci\u00f3n en Sadaic y<a href=\"https:\/\/www.pagina12.com.ar\/diario\/suplementos\/espectaculos\/3-18103-2010-05-28.html\"> desde 2000 estuvo al frente de la Orquesta Nacional de M\u00fasica Argentina \u00abJuan de Dios Filiberto\u00bb<\/a>. Falleci\u00f3 en <a href=\"https:\/\/www.pagina12.com.ar\/494742-murio-atilio-stampone-el-gran-hombre-orquesta-del-tango\">2022<\/a>.<\/p>\n<p><iframe style=\"border: 0px; position: absolute; top: 0px; left: 0px; height: 100%;\" allowfullscreen=\"\" frameborder=\"0\" src=\"https:\/\/www.youtube.com\/embed\/tS43gjnAlWQ\"><\/iframe><\/p>\n<h2>1974.<br \/>\nMuere Juan Domingo Per\u00f3n<\/h2>\n<p><a href=\"https:\/\/www.pagina12.com.ar\/diario\/elpais\/1-249816-2014-07-01.html\">Juan Domingo Per\u00f3n fallece a los 78 a\u00f1os<\/a>. Hab\u00eda asumido su tercera presidencia el 12 de octubre de 1973.<b> Nacido en 1895, fue vicepresidente, ministro de Guerra y secretario de Trabajo de la dictadura militar iniciada en 1943<\/b>. La manifestaci\u00f3n del 17 de octubre de 1945 lo catapult\u00f3 a un primer\u00edsimo plano. Gan\u00f3 la presidencia en 1946 y, previa reforma constitucional en 1949, logr\u00f3 la reelecci\u00f3n inmediata, algo in\u00e9dito en la historia argentina.<b> La clase obrera ingres\u00f3 a la arena pol\u00edtica de su mano, acompa\u00f1ado por su esposa Eva, en medio de una profunda transformaci\u00f3n econ\u00f3mica y social del pa\u00eds<\/b>. Derrocado en 1955<b>, pas\u00f3 18 a\u00f1os exiliado hasta su regreso definitivo en 1973<\/b>, para ser elegido presidente con el 62 por ciento de los votos. <a href=\"https:\/\/www.pagina12.com.ar\/diario\/elpais\/1-79362-2007-01-21.html\">Al morir, lo sucede su vicepresidente y esposa, Mar\u00eda Estela Mart\u00ednez<\/a>.<\/p>\n<p><iframe style=\"border: 0px; position: absolute; top: 0px; left: 0px; height: 100%;\" allowfullscreen=\"\" frameborder=\"0\" src=\"https:\/\/www.youtube.com\/embed\/qatq8zFwTGU\"><\/iframe><\/p>\n<h2>1982.<br \/>\nReynaldo Bignone asume como presidente de facto<\/h2>\n<p><b>Reynaldo Bignone<\/b> asume la presidencia de facto. Ser\u00e1 <b>el \u00faltimo dictador de la historia argentina<\/b>. Su ascenso se produce tras la derrota militar en Malvinas y la ca\u00edda de Leopoldo Galtieri. Bignone, involucrado en la represi\u00f3n en el Hospital Posadas y en Campo de Mayo, <b>dictar\u00e1 la ley de autoamnist\u00eda en septiembre de 1983, un mes antes de las elecciones convocadas<\/b>. Entreg\u00f3 la banda y el bast\u00f3n a Ra\u00fal Alfons\u00edn el 10 de diciembre de 1983. <a href=\"https:\/\/www.pagina12.com.ar\/100017-el-dictador-que-escribio-sus-memorias\">En 1992 public\u00f3 su libro <i>El \u00faltimo de facto<\/i><\/a>. La inconstitucionalidad de las leyes de Punto Final y Obediencia Debida lo llev\u00f3 a los estrados judiciales. <a href=\"https:\/\/www.pagina12.com.ar\/100142-la-muerte-del-ultimo-dictador\">Muri\u00f3 en 2018 a los 90 a\u00f1os<\/a>, <a href=\"https:\/\/www.pagina12.com.ar\/99997-las-condenas-del-genocida-que-sono-con-la-impunidad\">condenado en diez causas por delitos de lesa humanidad <\/a>(en tres casos a perpetua), que incluyen los hechos del Posadas, Campo de Mayo, el Plan C\u00f3ndor y el robo de beb\u00e9s.<\/p>\n<p><iframe style=\"border: 0px; position: absolute; top: 0px; left: 0px; height: 100%;\" allowfullscreen=\"\" frameborder=\"0\" src=\"https:\/\/www.youtube.com\/embed\/8qsqQIO0L_U\"><\/iframe><\/p>\n<h2>1997.<br \/>\nFallece Robert Mitchum<\/h2>\n<p><b>Robert Mitchum, emblema del actor duro y recio de Hollywood, deja de existir a los 79 a\u00f1os<\/b>. Fue nominado al Oscar como actor secundario en 1945 (su \u00fanica candidatura a la estatuilla) por <i>The Story of G. I. Joe<\/i>. En 1947 protagoniz\u00f3 <i>Out of the past<\/i>, una de las cumbres del cine negro. <b>Fue el reverendo Harry Powell de <i><a href=\"https:\/\/www.pagina12.com.ar\/523141-la-noche-del-cazador-un-estudio-sobre-el-mal-absoluto\">La noche del cazador<\/a><\/i>, un film de culto<\/b>, y el villano de <i>Cabo de miedo<\/i>. <a href=\"https:\/\/www.pagina12.com.ar\/diario\/suplementos\/espectaculos\/5-14900-2009-08-12.html\">M\u00e1s tarde personific\u00f3 al detective Philip Marlowe de Raymond Chandler en <i>Adi\u00f3s, mu\u00f1eca<\/i><\/a>.<\/p>\n<p><iframe style=\"border: 0px; position: absolute; top: 0px; left: 0px; height: 100%;\" allowfullscreen=\"\" frameborder=\"0\" src=\"https:\/\/www.youtube.com\/embed\/wn8t1xEkONA\"><\/iframe><\/p>\n<h2>1997.<br \/>\nEl traspaso de Hong Kong a China<\/h2>\n<p><b>Se concreta el traspaso de Hong Kong a China por parte de Gran Breta\u00f1a<\/b>. Londres y Pek\u00edn hab\u00edan acordado en 1984 la devoluci\u00f3n del territorio de algo m\u00e1s de mil kil\u00f3metros cuadrados. Hong Kong se hab\u00eda convertido en colonia brit\u00e1nica en 1842, tras la Guerra del Opio. <b>La cesi\u00f3n definitiva coincide con el fin del arrendamiento firmado por los ingleses en 1898 por 99 a\u00f1os<\/b>. Los chinos se comprometen a respetar el sistema capitalista de Hong Kong, y as\u00ed rige el lema <a href=\"https:\/\/www.pagina12.com.ar\/212109-diez-semanas-y-la-protesta-en-hong-kong-no-cede\">\u201cun pa\u00eds, dos sistemas\u201d<\/a>.<\/p>\n<p><iframe style=\"border: 0px; position: absolute; top: 0px; left: 0px; height: 100%;\" allowfullscreen=\"\" frameborder=\"0\" src=\"https:\/\/www.youtube.com\/embed\/OA-3MuEEYzc\"><\/iframe><\/p>\n<h2>2000.<br \/>\nMuere Walter Matthau<\/h2>\n<p><a href=\"https:\/\/www.pagina12.com.ar\/2000\/00-07\/00-07-02\/pag37.htm\">A los 79 a\u00f1os fallece Walter Matthau<\/a>. La fama como actor le lleg\u00f3 en los 60, a partir de su participaci\u00f3n en <i>Charada<\/i>.<b> En 1966 gan\u00f3 el Oscar como actor secundario por <i>The Fortune Cookie<\/i><\/b>, su primera pel\u00edcula en dupla con Jack Lemmon. El d\u00fao repetir\u00eda dos a\u00f1os m\u00e1s tarde con la exitosa<i> La extra\u00f1a pareja<\/i>. <b>Matthau fue dirigido por Lemmon en <i>Kotch<\/i> y m\u00e1s tarde se lo vio en<i> The Sunshine Boys<\/i><\/b>. Por ambos papeles fue nominado al Oscar. Tambi\u00e9n fue el protagonista de <i>Charley Varrick<\/i> y <i>La captura del Pelham 123<\/i>, y se lo vio en <i>Daniel el Terrible<\/i>, entre otros films.<\/p>\n<p><iframe style=\"border: 0px; position: absolute; top: 0px; left: 0px; height: 100%;\" allowfullscreen=\"\" frameborder=\"0\" src=\"https:\/\/www.youtube.com\/embed\/K1-q8YzxEys\"><\/iframe><\/p>\n<h2>2004.<br \/>\nAdi\u00f3s a Marlon Brando<\/h2>\n<p><a href=\"https:\/\/www.pagina12.com.ar\/diario\/espectaculos\/6-37540-2004-07-03.html\">Marlon Brando<\/a> muere a los 80 a\u00f1os. De formaci\u00f3n teatral, <a href=\"https:\/\/www.pagina12.com.ar\/diario\/suplementos\/radar\/9-1572-2004-08-01.html\">salt\u00f3 al cine a comienzos de los 50<\/a>.<b> Fue aclamado en pel\u00edculas como <i>Un tranv\u00eda llamado deseo<\/i>, <i>\u00a1Viva Zapata!<\/i>, <i>Julio C\u00e9sar<\/i> y <i>Nido de ratas<\/i>, que le vali\u00f3 su primer Oscar<\/b>. M\u00e1s tarde llegaron <i>Sayonara<\/i>, el western <i>El rostro impenetrable <\/i>(que signific\u00f3 su debut como director), la remake de <i>El mot\u00edn del Bounty<\/i> (que casi funde a la MGM), <i>La jaur\u00eda humana<\/i>, <i>La condesa<\/i> <i>de Hong Kong <\/i>y <i>Queimada<\/i>, antes de resurgir con <i>El Padrino<\/i>.<b> Por su retrato de Vito Corleone gan\u00f3 un segundo Oscar, que no pas\u00f3 a retirar: una joven india hizo saber en el escenario que rechazaba el galard\u00f3n por el trato de Hollywood a los pueblos originarios<\/b>. Al a\u00f1o impact\u00f3 con<i> \u00daltimo tango en Par\u00eds.<\/i><b> Cobr\u00f3 cuatro millones de d\u00f3lares por diez minutos en pantalla en <i>Superman<\/i>, a raz\u00f3n de 250 mil d\u00f3lares por jornada de trabajo<\/b>. Su hijo Christian mat\u00f3 al novio de Chayenne, hija de otro matrimonio del actor. Brando Jr. fue a la c\u00e1rcel y Chayenne se suicid\u00f3 en 1995.<\/p>\n<p><iframe style=\"border: 0px; position: absolute; top: 0px; left: 0px; height: 100%;\" allowfullscreen=\"\" frameborder=\"0\" src=\"https:\/\/www.youtube.com\/embed\/3w0NwNa4HD0\"><\/iframe><\/p>\n<p>Adem\u00e1s, en la Argentina se celebran el <b>D\u00eda del Arquitecto, del Historiador y del Ingeniero Qu\u00edmico<\/b>. Y es el <b>D\u00eda Internacional del Reggae<\/b>.<\/p>\n<\/div>\n<p><a href=\"https:\/\/www.pagina12.com.ar\/748448-efemerides-de-hoy-que-paso-un-1-o-de-julio\">source<\/a><\/p>\n","protected":false},"excerpt":{"rendered":"<p>En las efem\u00e9rides del 1\u00ba de julio sobresalen estos hechos que ocurrieron un d\u00eda como&#8230;<\/p>\n","protected":false},"author":0,"featured_media":193738,"comment_status":"open","ping_status":"open","sticky":false,"template":"","format":"standard","meta":{"footnotes":""},"categories":[7],"tags":[],"class_list":["post-193737","post","type-post","status-publish","format-standard","has-post-thumbnail","hentry","category-sociedad"],"featured_image_urls":{"full":["https:\/\/radiofenix.com.ar\/2023\/wp-content\/uploads\/2024\/07\/wp-header-logo-7.png",960,540,false],"thumbnail":["https:\/\/radiofenix.com.ar\/2023\/wp-content\/uploads\/2024\/07\/wp-header-logo-7-150x150.png",150,150,true],"medium":["https:\/\/radiofenix.com.ar\/2023\/wp-content\/uploads\/2024\/07\/wp-header-logo-7-300x169.png",300,169,true],"medium_large":["https:\/\/radiofenix.com.ar\/2023\/wp-content\/uploads\/2024\/07\/wp-header-logo-7-768x432.png",640,360,true],"large":["https:\/\/radiofenix.com.ar\/2023\/wp-content\/uploads\/2024\/07\/wp-header-logo-7.png",640,360,false],"1536x1536":["https:\/\/radiofenix.com.ar\/2023\/wp-content\/uploads\/2024\/07\/wp-header-logo-7.png",960,540,false],"2048x2048":["https:\/\/radiofenix.com.ar\/2023\/wp-content\/uploads\/2024\/07\/wp-header-logo-7.png",960,540,false],"newsium-slider-full":["https:\/\/radiofenix.com.ar\/2023\/wp-content\/uploads\/2024\/07\/wp-header-logo-7.png",960,540,false],"newsium-featured":["https:\/\/radiofenix.com.ar\/2023\/wp-content\/uploads\/2024\/07\/wp-header-logo-7.png",960,540,false],"newsium-medium":["https:\/\/radiofenix.com.ar\/2023\/wp-content\/uploads\/2024\/07\/wp-header-logo-7-720x475.png",720,475,true]},"author_info":{"info":[""]},"category_info":"<a href=\"https:\/\/radiofenix.com.ar\/2023\/category\/sociedad\/\" rel=\"category tag\">Sociedad<\/a>","tag_info":"Sociedad","comment_count":"0","_links":{"self":[{"href":"https:\/\/radiofenix.com.ar\/2023\/wp-json\/wp\/v2\/posts\/193737","targetHints":{"allow":["GET"]}}],"collection":[{"href":"https:\/\/radiofenix.com.ar\/2023\/wp-json\/wp\/v2\/posts"}],"about":[{"href":"https:\/\/radiofenix.com.ar\/2023\/wp-json\/wp\/v2\/types\/post"}],"replies":[{"embeddable":true,"href":"https:\/\/radiofenix.com.ar\/2023\/wp-json\/wp\/v2\/comments?post=193737"}],"version-history":[{"count":0,"href":"https:\/\/radiofenix.com.ar\/2023\/wp-json\/wp\/v2\/posts\/193737\/revisions"}],"wp:featuredmedia":[{"embeddable":true,"href":"https:\/\/radiofenix.com.ar\/2023\/wp-json\/wp\/v2\/media\/193738"}],"wp:attachment":[{"href":"https:\/\/radiofenix.com.ar\/2023\/wp-json\/wp\/v2\/media?parent=193737"}],"wp:term":[{"taxonomy":"category","embeddable":true,"href":"https:\/\/radiofenix.com.ar\/2023\/wp-json\/wp\/v2\/categories?post=193737"},{"taxonomy":"post_tag","embeddable":true,"href":"https:\/\/radiofenix.com.ar\/2023\/wp-json\/wp\/v2\/tags?post=193737"}],"curies":[{"name":"wp","href":"https:\/\/api.w.org\/{rel}","templated":true}]}}