{"id":193739,"date":"2024-07-01T11:00:45","date_gmt":"2024-07-01T11:00:45","guid":{"rendered":"https:\/\/radiofenix.com.ar\/2023\/river-plate-inicia-la-pretemporada-en-el-predio-de-ezeiza\/"},"modified":"2024-07-01T11:00:45","modified_gmt":"2024-07-01T11:00:45","slug":"river-plate-inicia-la-pretemporada-en-el-predio-de-ezeiza","status":"publish","type":"post","link":"https:\/\/radiofenix.com.ar\/2023\/river-plate-inicia-la-pretemporada-en-el-predio-de-ezeiza\/","title":{"rendered":"River Plate inicia la pretemporada en el predio de Ezeiza"},"content":{"rendered":"<div>\n<p>El plantel conducido por <b>Mart\u00edn Demichelis <\/b>pondr\u00e1 en marcha la pretemporada este lunes, pero D\u00edaz no estar\u00e1 en el inicio de los trabajos y reci\u00e9n se incorporar\u00e1 la semana que viene al ser licenciado.<\/p>\n<p>D\u00edaz es pieza clave para Demichelis y en River estar\u00e1n muy atentos a ver qu\u00e9 puede suceder en este <b>mercado de pases,<\/b> debido a que hace unos d\u00edas ya son\u00f3 la primera alarma por un inter\u00e9s desde Arabia Saudita.<\/p>\n<p><b>Al-Qadsiah,<\/b> recientemente ascendido a la Saudi Pro League, tiene en la mira al chileno para reforzar el plantel de cara al segundo semestre y ya se habr\u00eda contactado con el entorno del jugador para ofrecerle un <b>contrato millonario.<\/b><\/p>\n<p>D\u00edaz tiene contrato con el conjunto de N\u00fa\u00f1ez hasta <b>diciembre de 2026<\/b> y River no tiene ninguna intenci\u00f3n de negociarlo, por lo que el club que lo quiera deber\u00e1 pagar la cl\u00e1usula (ocho millones de d\u00f3lares netos), siempre y cuando el defensor est\u00e9 de acuerdo.<\/p>\n<h3><b>La situaci\u00f3n por el pase de Adam Bareiro<\/b><\/h3>\n<p><b>El ex San Lorenzo, de 29 a\u00f1os,<\/b> asegur\u00f3 durante su estad\u00eda en la Copa Am\u00e9rica que si bien est\u00e1 c\u00f3modo en River su sue\u00f1o siempre fue jugar en Europa, aunque por el momento nadie vino a comprarlo.\u00a0<\/p>\n<p>Al igual que Chile, Paraguay tambi\u00e9n se qued\u00f3 afuera de la competencia en la fase de grupos y as\u00ed qued\u00f3 liberado <b>Adam Bareiro, de quien River tambi\u00e9n est\u00e1 expectante.<\/b><\/p>\n<p>La negociaci\u00f3n entre San Lorenzo y el Millonario por el delantero volvi\u00f3 a trabarse, debido a que <b>el Cicl\u00f3n volvi\u00f3 a cambiar las condiciones para que se realice la venta al no estar satisfechos con el plan de pagos<\/b> que desea el Millonario: U$S 2.5M brutos a la firma y otros U$S 2M brutos en objetivos. <\/p>\n<p>Esta semana ser\u00e1 clave y, seguramente, River avanzar\u00e1 hacia una definici\u00f3n: se pone de acuerdo con San Lorenzo en un monto o <b>ejecuta la cl\u00e1usula de salida para quedarse con el futbolista, que es de 3,5 millones.<\/b><\/p>\n<\/div>\n<p><a href=\"https:\/\/www.pagina12.com.ar\/748551-river-plate-inicia-la-pretemporada-en-el-predio-de-ezeiza\">source<\/a><\/p>\n","protected":false},"excerpt":{"rendered":"<p>El plantel conducido por Mart\u00edn Demichelis pondr\u00e1 en marcha la pretemporada este lunes, pero D\u00edaz&#8230;<\/p>\n","protected":false},"author":0,"featured_media":193740,"comment_status":"open","ping_status":"open","sticky":false,"template":"","format":"standard","meta":{"footnotes":""},"categories":[3],"tags":[],"class_list":["post-193739","post","type-post","status-publish","format-standard","has-post-thumbnail","hentry","category-deportes"],"featured_image_urls":{"full":["https:\/\/radiofenix.com.ar\/2023\/wp-content\/uploads\/2024\/07\/wp-header-logo-8.png",960,540,false],"thumbnail":["https:\/\/radiofenix.com.ar\/2023\/wp-content\/uploads\/2024\/07\/wp-header-logo-8-150x150.png",150,150,true],"medium":["https:\/\/radiofenix.com.ar\/2023\/wp-content\/uploads\/2024\/07\/wp-header-logo-8-300x169.png",300,169,true],"medium_large":["https:\/\/radiofenix.com.ar\/2023\/wp-content\/uploads\/2024\/07\/wp-header-logo-8-768x432.png",640,360,true],"large":["https:\/\/radiofenix.com.ar\/2023\/wp-content\/uploads\/2024\/07\/wp-header-logo-8.png",640,360,false],"1536x1536":["https:\/\/radiofenix.com.ar\/2023\/wp-content\/uploads\/2024\/07\/wp-header-logo-8.png",960,540,false],"2048x2048":["https:\/\/radiofenix.com.ar\/2023\/wp-content\/uploads\/2024\/07\/wp-header-logo-8.png",960,540,false],"newsium-slider-full":["https:\/\/radiofenix.com.ar\/2023\/wp-content\/uploads\/2024\/07\/wp-header-logo-8.png",960,540,false],"newsium-featured":["https:\/\/radiofenix.com.ar\/2023\/wp-content\/uploads\/2024\/07\/wp-header-logo-8.png",960,540,false],"newsium-medium":["https:\/\/radiofenix.com.ar\/2023\/wp-content\/uploads\/2024\/07\/wp-header-logo-8-720x475.png",720,475,true]},"author_info":{"info":[""]},"category_info":"<a href=\"https:\/\/radiofenix.com.ar\/2023\/category\/deportes\/\" rel=\"category tag\">Deportes<\/a>","tag_info":"Deportes","comment_count":"0","_links":{"self":[{"href":"https:\/\/radiofenix.com.ar\/2023\/wp-json\/wp\/v2\/posts\/193739","targetHints":{"allow":["GET"]}}],"collection":[{"href":"https:\/\/radiofenix.com.ar\/2023\/wp-json\/wp\/v2\/posts"}],"about":[{"href":"https:\/\/radiofenix.com.ar\/2023\/wp-json\/wp\/v2\/types\/post"}],"replies":[{"embeddable":true,"href":"https:\/\/radiofenix.com.ar\/2023\/wp-json\/wp\/v2\/comments?post=193739"}],"version-history":[{"count":0,"href":"https:\/\/radiofenix.com.ar\/2023\/wp-json\/wp\/v2\/posts\/193739\/revisions"}],"wp:featuredmedia":[{"embeddable":true,"href":"https:\/\/radiofenix.com.ar\/2023\/wp-json\/wp\/v2\/media\/193740"}],"wp:attachment":[{"href":"https:\/\/radiofenix.com.ar\/2023\/wp-json\/wp\/v2\/media?parent=193739"}],"wp:term":[{"taxonomy":"category","embeddable":true,"href":"https:\/\/radiofenix.com.ar\/2023\/wp-json\/wp\/v2\/categories?post=193739"},{"taxonomy":"post_tag","embeddable":true,"href":"https:\/\/radiofenix.com.ar\/2023\/wp-json\/wp\/v2\/tags?post=193739"}],"curies":[{"name":"wp","href":"https:\/\/api.w.org\/{rel}","templated":true}]}}