{"id":193743,"date":"2024-07-02T08:57:08","date_gmt":"2024-07-02T08:57:08","guid":{"rendered":"https:\/\/radiofenix.com.ar\/2023\/otro-aumento-de-combustibles-cuanto-cuesta-el-litro-de-nafta-desde-este-lunes\/"},"modified":"2024-07-02T08:57:08","modified_gmt":"2024-07-02T08:57:08","slug":"otro-aumento-de-combustibles-cuanto-cuesta-el-litro-de-nafta-desde-este-lunes","status":"publish","type":"post","link":"https:\/\/radiofenix.com.ar\/2023\/otro-aumento-de-combustibles-cuanto-cuesta-el-litro-de-nafta-desde-este-lunes\/","title":{"rendered":"Otro aumento de combustibles: cu\u00e1nto cuesta el litro de nafta desde este lunes"},"content":{"rendered":"<div>\n<p>El Gobierno nacional autoriz\u00f3 un <b>nuevo aumento de las naftas y el gasoil<\/b> a pesar de que hace solo d\u00edas atr\u00e1s hab\u00eda asegurado que no tomar\u00eda una decisi\u00f3n de ese tipo. <b>La suba es del 4 por ciento<\/b> y deja a esos combustibles al borde de los mil pesos por litro.<\/p>\n<h3\/>\n<p>El incremento fue explicado por dos razones: una nueva suba en el <b>impuesto a los combustible l\u00edquidos<\/b>, que justifica el 1 por ciento del encarecimiento; otra del mismo porcentaje del <b>impuesto al carbono<\/b> y el 2 por ciento restante se debe a la <b>devaluaci\u00f3n<\/b> del d\u00f3lar.<\/p>\n<p>De esta manera, la estatal YPF elev\u00f3 el litro de <b>nafta s\u00faper de 905 a 941 pesos y el gasoil de 941 a 980 pesos<\/b>. Lo m\u00e1s probable es que las petroleras privadas apliquen un aumento que tome esos valores como piso, es decir que podr\u00edan ser m\u00e1s altos.<\/p>\n<h2>Falsas promesas del gobierno<\/h2>\n<p><b>El viernes pasado, el Gobierno hab\u00eda dicho que pospondr\u00eda un aumento\u00a0<\/b>mayor de los tributos que pesan sobre los combustibles. La idea del Ministerio de Econom\u00eda era no sumar un factor m\u00e1s a la inevitable suba de la inflaci\u00f3n de este mes.<\/p>\n<p>La <b>excusa<\/b> ahora es que con la suba del 4 por ciento se estar\u00eda evitando un ajuste del 115 por ciento en la carga impositiva sobre la nafta y el gasoil, lo que hubiera derivado en una suba del 18 en los surtidores, de acuerdo a las estimaciones privadas.<\/p>\n<p>Con el mismo argumento hab\u00eda suspendido el ajuste de mayo, que finalmente se termin\u00f3 aplicando parcialmente en junio.<\/p>\n<h2>Seis meses de suba de los combustibles<\/h2>\n<p>As\u00ed, el cronograma de actualizaci\u00f3n de impuestos fijado a principios de a\u00f1o registra que <b>hubo subas en febrero, marzo, abril y junio<\/b>, para ponerse al d\u00eda con los aumentos postergados desde el primer trimestre de 2021.<\/p>\n<p>Las subas en los seis meses que lleva este Gobierno <b>deriv\u00f3 en una ca\u00edda de las ventas de combustibles<\/b>. La consultora Politikon Chaco revel\u00f3 en base a datos de Energ\u00eda que \u201cdurante el mes de mayo de 2024 se ratifica el escenario de baja en las ventas de combustible al p\u00fablico en todo el pa\u00eds\u201d.<\/p>\n<p>\u201cEn la comparaci\u00f3n contra mayo de 2023, las ventas de combustible mostraron <b>un retroceso del 8 por ciento<\/b>, siendo el sexto mes consecutivo con descensos; sin embargo, respecto al mes previo (abril 2024) las ventas mostraron cierto repunte (+8,5%)\u201d, indic\u00f3 el informe privado.<\/p>\n<h3>Segu\u00ed leyendo<\/h3>\n<\/div>\n<p><a href=\"https:\/\/www.pagina12.com.ar\/748659-otro-aumento-de-combustibles-cuanto-cuesta-el-litro-de-nafta\">source<\/a><\/p>\n","protected":false},"excerpt":{"rendered":"<p>El Gobierno nacional autoriz\u00f3 un nuevo aumento de las naftas y el gasoil a pesar&#8230;<\/p>\n","protected":false},"author":0,"featured_media":193744,"comment_status":"open","ping_status":"open","sticky":false,"template":"","format":"standard","meta":{"footnotes":""},"categories":[5],"tags":[],"class_list":["post-193743","post","type-post","status-publish","format-standard","has-post-thumbnail","hentry","category-economia"],"featured_image_urls":{"full":["https:\/\/radiofenix.com.ar\/2023\/wp-content\/uploads\/2024\/07\/wp-header-logo-10.png",960,540,false],"thumbnail":["https:\/\/radiofenix.com.ar\/2023\/wp-content\/uploads\/2024\/07\/wp-header-logo-10-150x150.png",150,150,true],"medium":["https:\/\/radiofenix.com.ar\/2023\/wp-content\/uploads\/2024\/07\/wp-header-logo-10-300x169.png",300,169,true],"medium_large":["https:\/\/radiofenix.com.ar\/2023\/wp-content\/uploads\/2024\/07\/wp-header-logo-10-768x432.png",640,360,true],"large":["https:\/\/radiofenix.com.ar\/2023\/wp-content\/uploads\/2024\/07\/wp-header-logo-10.png",640,360,false],"1536x1536":["https:\/\/radiofenix.com.ar\/2023\/wp-content\/uploads\/2024\/07\/wp-header-logo-10.png",960,540,false],"2048x2048":["https:\/\/radiofenix.com.ar\/2023\/wp-content\/uploads\/2024\/07\/wp-header-logo-10.png",960,540,false],"newsium-slider-full":["https:\/\/radiofenix.com.ar\/2023\/wp-content\/uploads\/2024\/07\/wp-header-logo-10.png",960,540,false],"newsium-featured":["https:\/\/radiofenix.com.ar\/2023\/wp-content\/uploads\/2024\/07\/wp-header-logo-10.png",960,540,false],"newsium-medium":["https:\/\/radiofenix.com.ar\/2023\/wp-content\/uploads\/2024\/07\/wp-header-logo-10-720x475.png",720,475,true]},"author_info":{"info":[""]},"category_info":"<a href=\"https:\/\/radiofenix.com.ar\/2023\/category\/economia\/\" rel=\"category tag\">Economia<\/a>","tag_info":"Economia","comment_count":"0","_links":{"self":[{"href":"https:\/\/radiofenix.com.ar\/2023\/wp-json\/wp\/v2\/posts\/193743","targetHints":{"allow":["GET"]}}],"collection":[{"href":"https:\/\/radiofenix.com.ar\/2023\/wp-json\/wp\/v2\/posts"}],"about":[{"href":"https:\/\/radiofenix.com.ar\/2023\/wp-json\/wp\/v2\/types\/post"}],"replies":[{"embeddable":true,"href":"https:\/\/radiofenix.com.ar\/2023\/wp-json\/wp\/v2\/comments?post=193743"}],"version-history":[{"count":0,"href":"https:\/\/radiofenix.com.ar\/2023\/wp-json\/wp\/v2\/posts\/193743\/revisions"}],"wp:featuredmedia":[{"embeddable":true,"href":"https:\/\/radiofenix.com.ar\/2023\/wp-json\/wp\/v2\/media\/193744"}],"wp:attachment":[{"href":"https:\/\/radiofenix.com.ar\/2023\/wp-json\/wp\/v2\/media?parent=193743"}],"wp:term":[{"taxonomy":"category","embeddable":true,"href":"https:\/\/radiofenix.com.ar\/2023\/wp-json\/wp\/v2\/categories?post=193743"},{"taxonomy":"post_tag","embeddable":true,"href":"https:\/\/radiofenix.com.ar\/2023\/wp-json\/wp\/v2\/tags?post=193743"}],"curies":[{"name":"wp","href":"https:\/\/api.w.org\/{rel}","templated":true}]}}