{"id":193747,"date":"2024-07-02T08:57:12","date_gmt":"2024-07-02T08:57:12","guid":{"rendered":"https:\/\/radiofenix.com.ar\/2023\/eurocopa-francia-paso-por-un-gol-en-contra\/"},"modified":"2024-07-02T08:57:12","modified_gmt":"2024-07-02T08:57:12","slug":"eurocopa-francia-paso-por-un-gol-en-contra","status":"publish","type":"post","link":"https:\/\/radiofenix.com.ar\/2023\/eurocopa-francia-paso-por-un-gol-en-contra\/","title":{"rendered":"Eurocopa: Francia pas\u00f3 por un gol en contra"},"content":{"rendered":"<div>\n<p><b>Con un gol en contra (el noveno en lo que va del torneo) de Jan Vertonghen a cinco minutos del final, Francia derrot\u00f3 1 a 0 a B\u00e9lgica en D\u00fcsseldorf y tambi\u00e9n avanz\u00f3 a los cuartos de final de la Eurocopa 2024 de Alemania.<\/b> El resultado recompensa la paciente b\u00fasqueda de los franceses ante un equipo belga que, a pesar de la calidad de varios de sus jugadores opt\u00f3 por jugar retrasado y salir de contraataque para explotar la velocidad de sus delanteros Openda, Lukaku y Doku.<\/p>\n<p>Cuando la posibilidad del alargue se recortaba notoriamente en el futuro del partido, <b>Randall Kolo Muani,<\/b> que hab\u00eda reemplazado a Marcus Thuram en la \u00fanica variante que hicieron los franceses,\u00a0recibi\u00f3 en el \u00e1rea, gir\u00f3 y su remate se desvi\u00f3 en Vertonghen\u00a0 descolocando a Koen Casteels, el arquero belga<strong>,\u00a0<\/strong>El gol fue un desahogo para los subcampeones mundiales quienes\u00a0fueron los que m\u00e1s hab\u00edan hecho por la clasificaci\u00f3n, Sin abandonar su estilo, efectivo pero escasamente vistoso.<\/p>\n<p><strong>Kevin De Bruyne y Mbapp\u00e9, acaso los mejores de cada equipo, no tuvieron un rol gravitante.<\/strong>\u00a0De Bruyne cont\u00f3 con dos oportunidades desactivadas por Mike Maignan, el guardavallas franc\u00e9s. Y el enmascarado franc\u00e9s qued\u00f3 muy pegado a la raya y tampoco entr\u00f3 mucho en juego en un equipo desarticulado y al que no le sobr\u00f3 nada.<\/p>\n<p>Dentro de un ritmo excesivamente lento, como si los jugadores acusaran el desgaste acumulado de toda la temporada europea, Francia creci\u00f3 un poco reci\u00e9n en los \u00faltimos minutos de la primera mitad. Pero sin poder abrir el cerrojo belga\u00a0 L<strong>as pocas chances que tuvo, no las defini\u00f3 bien. <\/strong>A los 25 de la segunda etapa<strong>,\u00a0<\/strong>un remate de zurda del marcador central Saliba entrando al \u00e1rea, se fue apenas al lado del palo.<\/p>\n<p>Lo que le sigui\u00f3 fue una chance clara para De Bruyne y Francia entendi\u00f3 que deb\u00eda ir buscar s\u00ed o s\u00ed el triunfo para no pasar al suplementario.\u00a0<strong>Hasta que a los 83&#8242;, Kolo Muani recibi\u00f3, gir\u00f3, remat\u00f3 y el desv\u00edo en Vertonghen lo favoreci\u00f3 para ganar un partido complicado <\/strong>y ratificar que, pese a las cr\u00edticas que se le pueden hacer, sigue siendo gran candidato a llegar a la final del domingo 14 en Berl\u00edn.<\/p>\n<\/div>\n<p><a href=\"https:\/\/www.pagina12.com.ar\/748785-eurocopa-francia-paso-por-un-gol-en-contra\">source<\/a><\/p>\n","protected":false},"excerpt":{"rendered":"<p>Con un gol en contra (el noveno en lo que va del torneo) de Jan&#8230;<\/p>\n","protected":false},"author":0,"featured_media":193748,"comment_status":"open","ping_status":"open","sticky":false,"template":"","format":"standard","meta":{"footnotes":""},"categories":[3],"tags":[],"class_list":["post-193747","post","type-post","status-publish","format-standard","has-post-thumbnail","hentry","category-deportes"],"featured_image_urls":{"full":["https:\/\/radiofenix.com.ar\/2023\/wp-content\/uploads\/2024\/07\/wp-header-logo-12.png",960,540,false],"thumbnail":["https:\/\/radiofenix.com.ar\/2023\/wp-content\/uploads\/2024\/07\/wp-header-logo-12-150x150.png",150,150,true],"medium":["https:\/\/radiofenix.com.ar\/2023\/wp-content\/uploads\/2024\/07\/wp-header-logo-12-300x169.png",300,169,true],"medium_large":["https:\/\/radiofenix.com.ar\/2023\/wp-content\/uploads\/2024\/07\/wp-header-logo-12-768x432.png",640,360,true],"large":["https:\/\/radiofenix.com.ar\/2023\/wp-content\/uploads\/2024\/07\/wp-header-logo-12.png",640,360,false],"1536x1536":["https:\/\/radiofenix.com.ar\/2023\/wp-content\/uploads\/2024\/07\/wp-header-logo-12.png",960,540,false],"2048x2048":["https:\/\/radiofenix.com.ar\/2023\/wp-content\/uploads\/2024\/07\/wp-header-logo-12.png",960,540,false],"newsium-slider-full":["https:\/\/radiofenix.com.ar\/2023\/wp-content\/uploads\/2024\/07\/wp-header-logo-12.png",960,540,false],"newsium-featured":["https:\/\/radiofenix.com.ar\/2023\/wp-content\/uploads\/2024\/07\/wp-header-logo-12.png",960,540,false],"newsium-medium":["https:\/\/radiofenix.com.ar\/2023\/wp-content\/uploads\/2024\/07\/wp-header-logo-12-720x475.png",720,475,true]},"author_info":{"info":[""]},"category_info":"<a href=\"https:\/\/radiofenix.com.ar\/2023\/category\/deportes\/\" rel=\"category tag\">Deportes<\/a>","tag_info":"Deportes","comment_count":"0","_links":{"self":[{"href":"https:\/\/radiofenix.com.ar\/2023\/wp-json\/wp\/v2\/posts\/193747","targetHints":{"allow":["GET"]}}],"collection":[{"href":"https:\/\/radiofenix.com.ar\/2023\/wp-json\/wp\/v2\/posts"}],"about":[{"href":"https:\/\/radiofenix.com.ar\/2023\/wp-json\/wp\/v2\/types\/post"}],"replies":[{"embeddable":true,"href":"https:\/\/radiofenix.com.ar\/2023\/wp-json\/wp\/v2\/comments?post=193747"}],"version-history":[{"count":0,"href":"https:\/\/radiofenix.com.ar\/2023\/wp-json\/wp\/v2\/posts\/193747\/revisions"}],"wp:featuredmedia":[{"embeddable":true,"href":"https:\/\/radiofenix.com.ar\/2023\/wp-json\/wp\/v2\/media\/193748"}],"wp:attachment":[{"href":"https:\/\/radiofenix.com.ar\/2023\/wp-json\/wp\/v2\/media?parent=193747"}],"wp:term":[{"taxonomy":"category","embeddable":true,"href":"https:\/\/radiofenix.com.ar\/2023\/wp-json\/wp\/v2\/categories?post=193747"},{"taxonomy":"post_tag","embeddable":true,"href":"https:\/\/radiofenix.com.ar\/2023\/wp-json\/wp\/v2\/tags?post=193747"}],"curies":[{"name":"wp","href":"https:\/\/api.w.org\/{rel}","templated":true}]}}