{"id":193749,"date":"2024-07-02T08:57:14","date_gmt":"2024-07-02T08:57:14","guid":{"rendered":"https:\/\/radiofenix.com.ar\/2023\/anticuerpos-democraticos-para-salvar-a-la-republica-francesa\/"},"modified":"2024-07-02T08:57:14","modified_gmt":"2024-07-02T08:57:14","slug":"anticuerpos-democraticos-para-salvar-a-la-republica-francesa","status":"publish","type":"post","link":"https:\/\/radiofenix.com.ar\/2023\/anticuerpos-democraticos-para-salvar-a-la-republica-francesa\/","title":{"rendered":"Anticuerpos democr\u00e1ticos para salvar a la Rep\u00fablica francesa"},"content":{"rendered":"<div>\n<p><i>Desde Par\u00eds<\/i><\/p>\n<p>Ante el pavor provocado por el intento de la bestia de raptar a la Rep\u00fablica, una alquimia pol\u00edtica partidaria inimaginable hasta hace unos d\u00edas, se construye a contrarreloj en Francia. El 30 de junio pasado <b><a href=\"https:\/\/www.pagina12.com.ar\/748576-francia-la-ultraderecha-gana-la-primera-vuelta-se-viene-la-n\">la extrema derecha qued\u00f3 a un paso de poder formar gobierno <\/a>con mayor\u00eda absoluta. El Agrupamiento Nacional (RN), partido creado por Jean-Marie Le Pen<\/b>, de reconocido perfil negacionista, xen\u00f3fobo, racista, clasista y colonialista ha provocado el terremoto pol\u00edtico que reacomoda las piezas en el tablero de cara a la segunda vuelta electoral del domingo 7 de julio. <\/p>\n<p>\u00ab\u00bfQuiere usted que el pa\u00eds de Hugo, de Voltaire, de Zola sea gobernado por la extrema derecha?\u00bb, se pregunta el eurodiputado socialista Rafael Gluksmann. En el mismo sentido, el candidato a diputado tambi\u00e9n socialista y expresidente Fran\u00e7ois <b>Hollande, llama a impedir un hipot\u00e9tico gobierno de RN.<\/b><\/p>\n<p>Para alcanzar este objetivo <b>el primer ministro saliente, Gabriel Attal, convoca a construir una Asamblea Nacional plural que haga posible un gobierno de consensos<\/b>. Es por ello que muchos candidatos a diputados oficialistas que est\u00e1n en condici\u00f3n de competir en la segunda vuelta del domingo 7 de julio, pero que llegan en tercera posici\u00f3n, han desistido de su candidatura para aumentar las posiblidades de derrotar al candidato de Agrupamiento Nacional.<\/p>\n<p><b>La misma actitud han tomado los candidatos de la coalici\u00f3n de izquierda, Nuevo Frente Popular<\/b> (NFP), segunda fuerza pol\u00edtica luego de las elecciones de primera vuelta. Por ejemplo, la candidata ecologista por la primera circunscripci\u00f3n de la provincia del Alto Loira, Celine Gacon, ha dimitido de su candidatura para impedir que el ultraderechista Alexandre Heuzey gane la elecci\u00f3n. Y no es un sacrificio menor para una pol\u00edtica de izquierda, porque cede el espacio a un rival, el candidato Laurent Wauquiez, presidente de la Regi\u00f3n Auverina-R\u00f3dano-Alpes, un pol\u00edtico de derecha, miembro del partido Los Republicanos (LR).<\/p>\n<p>Se est\u00e1 construyendo con sacrificios de todas las partes, <b>un frente electoral republicano<\/b> que busca ser dique de contenci\u00f3n a las pretensiones de RN, de conformar un gobierno con mayor\u00eda absoluta liderado por Jord\u00e1n Bardella.<\/p>\n<p>Es cierto que <b>algunos pol\u00edticos aliados al gobierno de Macron como el ex primer ministro Edouard Philippe, el ministro de econom\u00eda Bruno Le Maire, o el ministro de planificaci\u00f3n Fran\u00e7ois Bayrou, son m\u00e1s ambiguos<\/b> en sus intenciones de defender la Rep\u00fablica, y se niegan a dar su apoyo a los eventuales candidatos del partido liderado por<b> Jean-Luc M\u00e9lenchon<\/b>, La Francia Insumisa integrante del NFP. Esta falta de coherencia en el gobierno no favorece la estrategia de impedir que la extrema derecha se haga con el poder, y es de alguna manera promovida por el silencio del presidente Emmanuel Macron, que no se ha pronunciado p\u00fablicamente en los medios de comunicaci\u00f3n desde la derrota electoral del domingo pasado.<\/p>\n<p>A esta coalici\u00f3n heterodoxa, amplia y plural, contin\u00faan sum\u00e1ndose sectores pol\u00edticos de los m\u00e1s diversos como el Nuevo Partido Anticapitalista (NPA), de la cultura como el Festival de teatro de Avignon o el deporte como el futbolista Ibrahima Konat\u00e9.<\/p>\n<p>En paralelo a estos movimientos pol\u00edticos y culturales est\u00e1n los movimientos sociales, que se expresan a diario en las plazas de diferentes ciudades francesas contra el fascismo y contra un probable gobierno de extrema derecha. <\/p>\n<p>Es por esta suerte de estado de alerta y movilizaci\u00f3n permanente pol\u00edtica y social que es m\u00e1s dif\u00edcil adelantar un hipot\u00e9tico resultado para el domingo 7 de julio. La democracia francesa activa sus anticuerpos ante el peligro fascista que amenaza la Rep\u00fablica con sus dogmas reaccionarios.<\/p>\n<\/div>\n<p><a href=\"https:\/\/www.pagina12.com.ar\/748818-anticuerpos-democraticos-para-salvar-a-la-republica-francesa\">source<\/a><\/p>\n","protected":false},"excerpt":{"rendered":"<p>Desde Par\u00eds Ante el pavor provocado por el intento de la bestia de raptar a&#8230;<\/p>\n","protected":false},"author":0,"featured_media":193750,"comment_status":"open","ping_status":"open","sticky":false,"template":"","format":"standard","meta":{"footnotes":""},"categories":[60],"tags":[],"class_list":["post-193749","post","type-post","status-publish","format-standard","has-post-thumbnail","hentry","category-internacional"],"featured_image_urls":{"full":["https:\/\/radiofenix.com.ar\/2023\/wp-content\/uploads\/2024\/07\/wp-header-logo-13.png",960,540,false],"thumbnail":["https:\/\/radiofenix.com.ar\/2023\/wp-content\/uploads\/2024\/07\/wp-header-logo-13-150x150.png",150,150,true],"medium":["https:\/\/radiofenix.com.ar\/2023\/wp-content\/uploads\/2024\/07\/wp-header-logo-13-300x169.png",300,169,true],"medium_large":["https:\/\/radiofenix.com.ar\/2023\/wp-content\/uploads\/2024\/07\/wp-header-logo-13-768x432.png",640,360,true],"large":["https:\/\/radiofenix.com.ar\/2023\/wp-content\/uploads\/2024\/07\/wp-header-logo-13.png",640,360,false],"1536x1536":["https:\/\/radiofenix.com.ar\/2023\/wp-content\/uploads\/2024\/07\/wp-header-logo-13.png",960,540,false],"2048x2048":["https:\/\/radiofenix.com.ar\/2023\/wp-content\/uploads\/2024\/07\/wp-header-logo-13.png",960,540,false],"newsium-slider-full":["https:\/\/radiofenix.com.ar\/2023\/wp-content\/uploads\/2024\/07\/wp-header-logo-13.png",960,540,false],"newsium-featured":["https:\/\/radiofenix.com.ar\/2023\/wp-content\/uploads\/2024\/07\/wp-header-logo-13.png",960,540,false],"newsium-medium":["https:\/\/radiofenix.com.ar\/2023\/wp-content\/uploads\/2024\/07\/wp-header-logo-13-720x475.png",720,475,true]},"author_info":{"info":[""]},"category_info":"<a href=\"https:\/\/radiofenix.com.ar\/2023\/category\/internacional\/\" rel=\"category tag\">Internacional<\/a>","tag_info":"Internacional","comment_count":"0","_links":{"self":[{"href":"https:\/\/radiofenix.com.ar\/2023\/wp-json\/wp\/v2\/posts\/193749","targetHints":{"allow":["GET"]}}],"collection":[{"href":"https:\/\/radiofenix.com.ar\/2023\/wp-json\/wp\/v2\/posts"}],"about":[{"href":"https:\/\/radiofenix.com.ar\/2023\/wp-json\/wp\/v2\/types\/post"}],"replies":[{"embeddable":true,"href":"https:\/\/radiofenix.com.ar\/2023\/wp-json\/wp\/v2\/comments?post=193749"}],"version-history":[{"count":0,"href":"https:\/\/radiofenix.com.ar\/2023\/wp-json\/wp\/v2\/posts\/193749\/revisions"}],"wp:featuredmedia":[{"embeddable":true,"href":"https:\/\/radiofenix.com.ar\/2023\/wp-json\/wp\/v2\/media\/193750"}],"wp:attachment":[{"href":"https:\/\/radiofenix.com.ar\/2023\/wp-json\/wp\/v2\/media?parent=193749"}],"wp:term":[{"taxonomy":"category","embeddable":true,"href":"https:\/\/radiofenix.com.ar\/2023\/wp-json\/wp\/v2\/categories?post=193749"},{"taxonomy":"post_tag","embeddable":true,"href":"https:\/\/radiofenix.com.ar\/2023\/wp-json\/wp\/v2\/tags?post=193749"}],"curies":[{"name":"wp","href":"https:\/\/api.w.org\/{rel}","templated":true}]}}