{"id":193751,"date":"2024-07-02T08:57:16","date_gmt":"2024-07-02T08:57:16","guid":{"rendered":"https:\/\/radiofenix.com.ar\/2023\/la-fuerte-respuesta-de-bolivia-tras-el-comunicado-del-gobierno-de-milei\/"},"modified":"2024-07-02T08:57:16","modified_gmt":"2024-07-02T08:57:16","slug":"la-fuerte-respuesta-de-bolivia-tras-el-comunicado-del-gobierno-de-milei","status":"publish","type":"post","link":"https:\/\/radiofenix.com.ar\/2023\/la-fuerte-respuesta-de-bolivia-tras-el-comunicado-del-gobierno-de-milei\/","title":{"rendered":"La fuerte respuesta de Bolivia tras el comunicado del gobierno de Milei"},"content":{"rendered":"<div id=\"\">\n<p>\u201cNosotros siempre hemos mantenido una posici\u00f3n de respeto y vamos a exigir el mismo respeto al tema de injerencia\u201d, dijo la viceministra de Comunicaci\u00f3n, <strong>Gabriela Alc\u00f3n,<\/strong> en una primera reacci\u00f3n al comunicado de la oficina del presidente Milei.<\/p>\n<div contenteditable=\"false\" class=\"embed_cont type_freetext\" rel=\"freetext\" id=\"embed59_wrap\" data-provider=\"Twitter\">\n<p>Embed &#8211; https:\/\/publish.twitter.com\/oembed?url=https:\/\/twitter.com\/OPRArgentina\/status\/1807585975272386931&amp;partner=&amp;hide_thread=false<span onclick=\"parent.parent.TinyMCETdcuerpo.preview_embed('embed59')\" class=\"embed_colapse less\" id=\"embed59_colapse\"\/><span onclick=\"parent.parent.TinyMCETdcuerpo.delete_embed('embed59')\" class=\"embed_delete less\" id=\"embed59_delete\"\/><\/p>\n<\/p><\/div>\n<p>Alc\u00f3n adelant\u00f3 adem\u00e1s que en las pr\u00f3ximas horas la canciller\u00eda boliviana emitir\u00e1 un comunicado m\u00e1s extenso sobre este cruce.<\/p>\n<p>En tanto Arce destac\u00f3 el apoyo de la comunidad internacional a su gobierno y<span class=\"saysCMSEmphasis\" id=\"saysCMSEmphasisc4z3eruntj7\"> rechaz\u00f3 las acusaciones de un supuesto autogolpe como manifiestan varios sectores pol\u00edticos, <\/span> entre ellos su antiguo aliado y hoy adversario pol\u00edtico al interior del oficialismo, el expresidente <strong>Evo Morales.<\/strong><\/p>\n<p>El gobierno argentino, a trav\u00e9s de la Oficina del Presidente, public\u00f3 el domingo un pol\u00e9mico primer mensaje oficial sobre lo ocurrido el mi\u00e9rcoles pasado en Bolivia y, en l\u00ednea con lo expresado anteriormente por Canciller\u00eda,<span class=\"saysCMSEmphasis\" id=\"saysCMSEmphasissrd9t3543n\"> sostuvo que se trat\u00f3 de \u201cuna falsa denuncia de golpe de Estado\u201d.<\/span><\/p>\n<div contenteditable=\"false\" class=\"embed_cont type_video\" id=\"7949764-291766974_wrap\">\n<p> asi fue el golpe de estado en bolivia.mp4 <span onclick=\"parent.parent.TinyMCETdcuerpo.preview_embed('7949764-291766974')\" class=\"embed_colapse less\" id=\"7949764-291766974_colapse\"\/> <span onclick=\"parent.parent.TinyMCETdcuerpo.delete_embed('7949764-291766974')\" class=\"embed_delete less\" id=\"7949764-291766974_delete\"\/><\/p>\n<\/p><\/div>\n<p>\u201cLa oficina del presidente de Argentina<span class=\"saysCMSEmphasis\" id=\"saysCMSEmphasis18fazuyxpz8\"> repudia la falsa denuncia de golpe de Estado realizada por el gobierno de Bolivia el mi\u00e9rcoles 26 de junio, y confirmada como fraudulenta en el d\u00eda de la fecha<\/span>\u201d, se\u00f1ala un comunicado de prensa publicado en la red social X.<\/p>\n<p>\u201cGracias a los reportes de inteligencia, el Gobierno Nacional mantuvo la calma y la seguridad frente a los hechos denunciados. <span class=\"saysCMSEmphasis\" id=\"saysCMSEmphasisfi53wwzxzj\">El relato difundido era poco cre\u00edble y los argumentos no encajaban con el contexto sociopol\u00edtico del pa\u00eds latinoamericano\u201d, sigue<\/span>.<\/p>\n<h2>Golpe de Estado en Bolivia<\/h2>\n<p>El levantamiento militar gener\u00f3 suspicacias desde el primer momento en Bolivia. El expresidente<span class=\"saysCMSEmphasis\" id=\"saysCMSEmphasisez2sfk30adn\"> Morales, que fue el primero en denunciar un intento de golpe de Estado, cambi\u00f3 r\u00e1pidamente su posici\u00f3n y denunci\u00f3 luego que fue un \u201cautogolpe\u201d orquestado por Arce<\/span>, con qui\u00e9n tiene un fuerte enfrentamiento por el liderazgo de su sector pol\u00edtico.<\/p>\n<p>Morales inici\u00f3 una ola de cr\u00edticas a Arce y expres\u00f3 hoy en su red social X que \u201c<span class=\"saysCMSEmphasis\" id=\"saysCMSEmphasisgjs4921t12k\">en la gente existen dudas razonables sobre la acci\u00f3n militar y el pueblo merece saber la verdad\u201d<\/span> y agreg\u00f3 que \u201cojal\u00e1 pudiera garantizarse una investigaci\u00f3n seria, transparente e imparcial\u201d.<\/p>\n<div contenteditable=\"false\" class=\"embed_cont type_imagen\" id=\"7734628-Libre-2049571572_wrap\">\n<p>Luis Arce <span onclick=\"parent.parent.TinyMCETdcuerpo.preview_embed('7734628-Libre-2049571572')\" class=\"embed_colapse less\" id=\"7734628-Libre-2049571572_colapse\"\/>  <span onclick=\"parent.parent.TinyMCETdcuerpo.delete_embed('7734628-Libre-2049571572')\" class=\"embed_delete less\" id=\"7734628-Libre-2049571572_delete\"\/><\/p>\n<div id=\"7734628-Libre-2049571572_content\" class=\"embed_content\"><img loading=\"lazy\" decoding=\"async\" src=\"https:\/\/media.minutouno.com\/p\/9b1fa2df787c1c8ee3b8b3ef6ab9bb63\/adjuntos\/150\/imagenes\/040\/360\/0040360935\/luis-arce.png\" alt=\"\" title=\"\" width=\"610\" height=\"342\" id=\"7734628-Libre-2049571572_embed\"\/><\/div>\n<\/p><\/div>\n<p>Y <span class=\"saysCMSEmphasis\" id=\"saysCMSEmphasiso8pcetxeo69\">acus\u00f3 al presidente Arce de enga\u00f1ar al pueblo boliviano, al orquestar un \u201cautogolpe\u201d con el fin de ganar puntos pol\u00edticos entre el electorado<\/span> en medio de disputas en el partido de gobierno con miras a los pr\u00f3ximos comicios.<\/p>\n<p>En la misma l\u00ednea se posicion\u00f3 el Gobierno argentino cuando dijo en su comunicado que \u201cel relato difundido era poco cre\u00edble y los argumentos no encajaban con el contexto socio-pol\u00edtico del pa\u00eds latinoamericano\u201d.<\/p>\n<div contenteditable=\"false\" class=\"embed_cont type_freetext\" rel=\"freetext\" id=\"embed65_wrap\">\n<p>Embed <span onclick=\"parent.parent.TinyMCETdcuerpo.preview_embed('embed65')\" class=\"embed_colapse less\" id=\"embed65_colapse\"\/>  <span onclick=\"parent.parent.TinyMCETdcuerpo.delete_embed('embed65')\" class=\"embed_delete less\" id=\"embed65_delete\"\/><\/p>\n<div id=\"embed65_content\" class=\"embed_content\">\n<div id=\"embed65_embed\">\n<figure class=\"figure\"><a href=\"https:\/\/t.me\/minutounocom\" target=\"_blank\" rel=\"noopener\"><img decoding=\"async\" src=\"https:\/\/media.minutouno.com\/adjuntos\/150\/banners\/039\/099\/0039099175.jpg\" class=\"figure-img img-fluid\" style=\"width:100%;height:auto;\"\/><\/a><\/figure>\n<\/div>\n<\/div><\/div>\n<\/p><\/div>\n<p><script async src=\"\/\/platform.twitter.com\/widgets.js\" charset=\"utf-8\"><\/script><br \/><a href=\"https:\/\/www.minutouno.com\/politica\/bolivia\/la-fuerte-respuesta-el-comunicado-del-gobierno-milei-n6023924\">source<\/a><\/p>\n","protected":false},"excerpt":{"rendered":"<p>\u201cNosotros siempre hemos mantenido una posici\u00f3n de respeto y vamos a exigir el mismo respeto&#8230;<\/p>\n","protected":false},"author":0,"featured_media":193752,"comment_status":"open","ping_status":"open","sticky":false,"template":"","format":"standard","meta":{"footnotes":""},"categories":[2],"tags":[],"class_list":["post-193751","post","type-post","status-publish","format-standard","has-post-thumbnail","hentry","category-politica"],"featured_image_urls":{"full":["https:\/\/radiofenix.com.ar\/2023\/wp-content\/uploads\/2024\/07\/wp-header-logo-14.png",610,342,false],"thumbnail":["https:\/\/radiofenix.com.ar\/2023\/wp-content\/uploads\/2024\/07\/wp-header-logo-14-150x150.png",150,150,true],"medium":["https:\/\/radiofenix.com.ar\/2023\/wp-content\/uploads\/2024\/07\/wp-header-logo-14-300x168.png",300,168,true],"medium_large":["https:\/\/radiofenix.com.ar\/2023\/wp-content\/uploads\/2024\/07\/wp-header-logo-14.png",610,342,false],"large":["https:\/\/radiofenix.com.ar\/2023\/wp-content\/uploads\/2024\/07\/wp-header-logo-14.png",610,342,false],"1536x1536":["https:\/\/radiofenix.com.ar\/2023\/wp-content\/uploads\/2024\/07\/wp-header-logo-14.png",610,342,false],"2048x2048":["https:\/\/radiofenix.com.ar\/2023\/wp-content\/uploads\/2024\/07\/wp-header-logo-14.png",610,342,false],"newsium-slider-full":["https:\/\/radiofenix.com.ar\/2023\/wp-content\/uploads\/2024\/07\/wp-header-logo-14.png",610,342,false],"newsium-featured":["https:\/\/radiofenix.com.ar\/2023\/wp-content\/uploads\/2024\/07\/wp-header-logo-14.png",610,342,false],"newsium-medium":["https:\/\/radiofenix.com.ar\/2023\/wp-content\/uploads\/2024\/07\/wp-header-logo-14.png",610,342,false]},"author_info":{"info":[""]},"category_info":"<a href=\"https:\/\/radiofenix.com.ar\/2023\/category\/politica\/\" rel=\"category tag\">Pol\u00edtica<\/a>","tag_info":"Pol\u00edtica","comment_count":"0","_links":{"self":[{"href":"https:\/\/radiofenix.com.ar\/2023\/wp-json\/wp\/v2\/posts\/193751","targetHints":{"allow":["GET"]}}],"collection":[{"href":"https:\/\/radiofenix.com.ar\/2023\/wp-json\/wp\/v2\/posts"}],"about":[{"href":"https:\/\/radiofenix.com.ar\/2023\/wp-json\/wp\/v2\/types\/post"}],"replies":[{"embeddable":true,"href":"https:\/\/radiofenix.com.ar\/2023\/wp-json\/wp\/v2\/comments?post=193751"}],"version-history":[{"count":0,"href":"https:\/\/radiofenix.com.ar\/2023\/wp-json\/wp\/v2\/posts\/193751\/revisions"}],"wp:featuredmedia":[{"embeddable":true,"href":"https:\/\/radiofenix.com.ar\/2023\/wp-json\/wp\/v2\/media\/193752"}],"wp:attachment":[{"href":"https:\/\/radiofenix.com.ar\/2023\/wp-json\/wp\/v2\/media?parent=193751"}],"wp:term":[{"taxonomy":"category","embeddable":true,"href":"https:\/\/radiofenix.com.ar\/2023\/wp-json\/wp\/v2\/categories?post=193751"},{"taxonomy":"post_tag","embeddable":true,"href":"https:\/\/radiofenix.com.ar\/2023\/wp-json\/wp\/v2\/tags?post=193751"}],"curies":[{"name":"wp","href":"https:\/\/api.w.org\/{rel}","templated":true}]}}