{"id":193757,"date":"2024-07-02T13:20:56","date_gmt":"2024-07-02T13:20:56","guid":{"rendered":"https:\/\/radiofenix.com.ar\/2023\/otro-vuelo-con-turbulencias-dejo-30-heridos\/"},"modified":"2024-07-02T13:20:56","modified_gmt":"2024-07-02T13:20:56","slug":"otro-vuelo-con-turbulencias-dejo-30-heridos","status":"publish","type":"post","link":"https:\/\/radiofenix.com.ar\/2023\/otro-vuelo-con-turbulencias-dejo-30-heridos\/","title":{"rendered":"Otro vuelo con turbulencias dej\u00f3 30 heridos\u00a0"},"content":{"rendered":"<div>\n<p>Un vuelo de <b>Air Europa<\/b>, que parti\u00f3 de Madrid (Espa\u00f1a) con destino a Montevideo (Uruguay), <b>sufri\u00f3 grav\u00edsimas turbulencias que provocaron m\u00e1s de 30 heridos y obligaron al piloto a realizar un aterrizaje forzoso en la ciudad brasile\u00f1a de Natal.<\/b>\u00a0Aquellos pasajeros que no estaban atados con el cintur\u00f3n de seguridad salieron \u00abvolando\u00bb, seg\u00fan relatos de algunos pasajeros uruguayos. Al punto de que<b> uno de los viajeros qued\u00f3 atascado en el lugar donde se guardan las valijas.<\/b><\/p>\n<p>En la madrugada de este lunes, 1 de julio, el\u00a0vuelo UX 045 de Air Europa hab\u00eda partido del Aeropuerto de Barajas, en Madrid, con 325 pasajeros a bordo,<strong>\u00a0<\/strong>cuando a la altura del oc\u00e9ano Atl\u00e1ntico,\u00a0casi llegando a la costa brasile\u00f1a, fue alcanzado por una brusca turbulencia.<\/p>\n<p>El avi\u00f3n aterriz\u00f3 en la capital de R\u00edo Grande del Norte a las 2:30 de esta madrugada, y una verdadera fuerza de tarea se organiz\u00f3 con decenas de ambulancias para asistir a los heridos.<\/p>\n<p><b>Los heridos sufrieron fracturas cervicales, lesiones faciales y dolores en el pecho <\/b>y al menos 10 de ellos fueron hospitalizados en Brasil. \u00ab<b>Natal era el aeropuerto que m\u00e1s r\u00e1pido pod\u00eda atender a los pasajeros con necesidades m\u00e9dicas<\/b>. Todas las personas que han requerido asistencia sanitaria est\u00e1n siendo atendidas en centros de Natal\u00bb, explic\u00f3 Air Europa, a trav\u00e9s de su cuenta de X.\u00a0<\/p>\n<p>En tanto, el Consulado del Uruguay en Brasilia inform\u00f3 que ha entrado en contacto con el Hospital Monsenhor Walfredo Gurgel, de la ciudad de Natal, donde fueron trasladados los heridos, y se encuentra recabando informaci\u00f3n y realizando seguimiento de la situaci\u00f3n de los compatriotas que all\u00ed se encuentran.<\/p>\n<p>\u00abPrimero hubo una turbulencia muy muy leve, casi ni se sinti\u00f3, y de un momento a otro abruptamente el avi\u00f3n cae y todos nos elevamos. Aquellos que no ten\u00edan cintur\u00f3n, volaron y quedaron algunos enganchados al techo. Dur\u00f3 como 3, 5 segundos\u00bb, relat\u00f3 Norys, una pasajera, al <i>Observador<\/i> de Uruguay.<\/p>\n<p>\u00abLa sensaci\u00f3n fue de terror, sentir que est\u00e1s cayendo y que no termina. Y sos consciente de que est\u00e1s cayendo a una velocidad incalculable. Y sent\u00edas que se terminaba ah\u00ed, que mor\u00edas. Hasta que empezamos a ver en la pantalla que el avi\u00f3n empez\u00f3 a subir\u00bb, cont\u00f3 Juan, otro pasajero, al mismo medio.<\/p>\n<p>Por su parte, la compa\u00f1\u00eda a\u00e9rea tambi\u00e9n comunic\u00f3 que <b>\u00abesta tarde despegar\u00e1 un avi\u00f3n desde Madrid que recoger\u00e1 a los pasajeros y continuar\u00e1 el viaje hasta Uruguay\u00bb<\/b>. Mientras tanto, los pasajeros fueron trasladados a Recife, donde se alojar\u00e1n por unas horas, hasta poder completar el viaje a Montevideo. Adem\u00e1s, la empresa inform\u00f3 que <b>el avi\u00f3n permanecer\u00e1 en revisi\u00f3n para determinar el alcance de los da\u00f1os registrados.<\/b><\/p>\n<\/div>\n<p><a href=\"https:\/\/www.pagina12.com.ar\/748800-otro-vuelo-con-turbulencias-dejo-30-heridos\">source<\/a><\/p>\n","protected":false},"excerpt":{"rendered":"<p>Un vuelo de Air Europa, que parti\u00f3 de Madrid (Espa\u00f1a) con destino a Montevideo (Uruguay),&#8230;<\/p>\n","protected":false},"author":0,"featured_media":193758,"comment_status":"open","ping_status":"open","sticky":false,"template":"","format":"standard","meta":{"footnotes":""},"categories":[7],"tags":[],"class_list":["post-193757","post","type-post","status-publish","format-standard","has-post-thumbnail","hentry","category-sociedad"],"featured_image_urls":{"full":["https:\/\/radiofenix.com.ar\/2023\/wp-content\/uploads\/2024\/07\/wp-header-logo-17.png",960,540,false],"thumbnail":["https:\/\/radiofenix.com.ar\/2023\/wp-content\/uploads\/2024\/07\/wp-header-logo-17-150x150.png",150,150,true],"medium":["https:\/\/radiofenix.com.ar\/2023\/wp-content\/uploads\/2024\/07\/wp-header-logo-17-300x169.png",300,169,true],"medium_large":["https:\/\/radiofenix.com.ar\/2023\/wp-content\/uploads\/2024\/07\/wp-header-logo-17-768x432.png",640,360,true],"large":["https:\/\/radiofenix.com.ar\/2023\/wp-content\/uploads\/2024\/07\/wp-header-logo-17.png",640,360,false],"1536x1536":["https:\/\/radiofenix.com.ar\/2023\/wp-content\/uploads\/2024\/07\/wp-header-logo-17.png",960,540,false],"2048x2048":["https:\/\/radiofenix.com.ar\/2023\/wp-content\/uploads\/2024\/07\/wp-header-logo-17.png",960,540,false],"newsium-slider-full":["https:\/\/radiofenix.com.ar\/2023\/wp-content\/uploads\/2024\/07\/wp-header-logo-17.png",960,540,false],"newsium-featured":["https:\/\/radiofenix.com.ar\/2023\/wp-content\/uploads\/2024\/07\/wp-header-logo-17.png",960,540,false],"newsium-medium":["https:\/\/radiofenix.com.ar\/2023\/wp-content\/uploads\/2024\/07\/wp-header-logo-17-720x475.png",720,475,true]},"author_info":{"info":[""]},"category_info":"<a href=\"https:\/\/radiofenix.com.ar\/2023\/category\/sociedad\/\" rel=\"category tag\">Sociedad<\/a>","tag_info":"Sociedad","comment_count":"0","_links":{"self":[{"href":"https:\/\/radiofenix.com.ar\/2023\/wp-json\/wp\/v2\/posts\/193757","targetHints":{"allow":["GET"]}}],"collection":[{"href":"https:\/\/radiofenix.com.ar\/2023\/wp-json\/wp\/v2\/posts"}],"about":[{"href":"https:\/\/radiofenix.com.ar\/2023\/wp-json\/wp\/v2\/types\/post"}],"replies":[{"embeddable":true,"href":"https:\/\/radiofenix.com.ar\/2023\/wp-json\/wp\/v2\/comments?post=193757"}],"version-history":[{"count":0,"href":"https:\/\/radiofenix.com.ar\/2023\/wp-json\/wp\/v2\/posts\/193757\/revisions"}],"wp:featuredmedia":[{"embeddable":true,"href":"https:\/\/radiofenix.com.ar\/2023\/wp-json\/wp\/v2\/media\/193758"}],"wp:attachment":[{"href":"https:\/\/radiofenix.com.ar\/2023\/wp-json\/wp\/v2\/media?parent=193757"}],"wp:term":[{"taxonomy":"category","embeddable":true,"href":"https:\/\/radiofenix.com.ar\/2023\/wp-json\/wp\/v2\/categories?post=193757"},{"taxonomy":"post_tag","embeddable":true,"href":"https:\/\/radiofenix.com.ar\/2023\/wp-json\/wp\/v2\/tags?post=193757"}],"curies":[{"name":"wp","href":"https:\/\/api.w.org\/{rel}","templated":true}]}}