{"id":193759,"date":"2024-07-02T13:20:58","date_gmt":"2024-07-02T13:20:58","guid":{"rendered":"https:\/\/radiofenix.com.ar\/2023\/colapinto-se-subira-al-williams-de-formula-1-en-silverstone\/"},"modified":"2024-07-02T13:20:58","modified_gmt":"2024-07-02T13:20:58","slug":"colapinto-se-subira-al-williams-de-formula-1-en-silverstone","status":"publish","type":"post","link":"https:\/\/radiofenix.com.ar\/2023\/colapinto-se-subira-al-williams-de-formula-1-en-silverstone\/","title":{"rendered":"Colapinto se subir\u00e1 al Williams de F\u00f3rmula 1 en Silverstone"},"content":{"rendered":"<div>\n<p>Luego de sumar un nuevo podio en el Gran Premio de Austria de F\u00f3rmula 2, el argentino Franco Colapinto tendr\u00e1 una recompensa especial: durante el Gran Premio de Silverstone del pr\u00f3ximo fin de semana, que incluir\u00e1 una nueva competencia de F2, el piloto bonaerense conducir\u00e1 el Williams de F\u00f3rmula 1 en el primer ensayo del equipo en la jornada del viernes.<\/p>\n<p> El oriundo de Pilar llega tras obtener el segundo puesto en el GP de Austria de la F\u00f3rmula 2 y se prepara para dar el salto a la m\u00e1xima categor\u00eda, cuando Logan Sargeant o Alexander Albon no est\u00e9n en condiciones de correr o sean despedidos del equipo Williams.<\/p>\n<div class=\"iframely-embed medium-embedded-content\" data-html=\"Jmx0O2Jsb2NrcXVvdGUgY2xhc3M9InR3aXR0ZXItdHdlZXQiIGRhdGEtZG50PSJ0cnVlIiBhbGlnbj0iY2VudGVyIiZndDsmbHQ7cCBsYW5nPSJlbiIgZGlyPSJsdHIiJmd0O0ZyYW5jbyBDb2xhcGludG8gd2lsbCB0YWtlIHRvIHRoZSB3aGVlbCBpbiBGUDEgYXQgU2lsdmVyc3RvbmUh8J+kqSAmbHQ7YSBocmVmPSJodHRwczovL3QuY28vWnhMV2VWcjV6SyImZ3Q7cGljLnR3aXR0ZXIuY29tL1p4TFdlVnI1eksmbHQ7L2EmZ3Q7Jmx0Oy9wJmd0OyZhbXA7bWRhc2g7IFdpbGxpYW1zIFJhY2luZyAoQFdpbGxpYW1zUmFjaW5nKSAmbHQ7YSBocmVmPSJodHRwczovL3R3aXR0ZXIuY29tL1dpbGxpYW1zUmFjaW5nL3N0YXR1cy8xODA3Nzc2NjA5NDU1NTEwMDEzP3JlZl9zcmM9dHdzcmMlNUV0ZnciJmd0O0p1bHkgMSwgMjAyNCZsdDsvYSZndDsmbHQ7L2Jsb2NrcXVvdGUmZ3Q7CiZsdDtzY3JpcHQgYXN5bmMgc3JjPSJodHRwczovL3BsYXRmb3JtLnR3aXR0ZXIuY29tL3dpZGdldHMuanMiIGNoYXJzZXQ9InV0Zi04IiZndDsmbHQ7L3NjcmlwdCZndDsKCiZsdDtkaXYgY2xhc3M9Im1lZGl1bS1pbnNlcnQtZW1iZWRzLW1ldGEiJmd0OyZsdDtzY3JpcHQgdHlwZT0idGV4dC9qc29uIiZndDt7InVybCI6Imh0dHBzOi8vdHdpdHRlci5jb20vV2lsbGlhbXNSYWNpbmcvc3RhdHVzLzE4MDc3NzY2MDk0NTU1MTAwMTMiLCJ0eXBlIjoicmljaCIsInZlcnNpb24iOiIxLjAiLCJ0aXRsZSI6IldpbGxpYW1zIFJhY2luZyBvbiBUd2l0dGVyIC8gWCIsImF1dGhvciI6IldpbGxpYW1zIFJhY2luZyIsImF1dGhvcl91cmwiOiJodHRwczovL3R3aXR0ZXIuY29tL1dpbGxpYW1zUmFjaW5nIiwicHJvdmlkZXJfbmFtZSI6IlR3aXR0ZXIiLCJkZXNjcmlwdGlvbiI6IkZyYW5jbyBDb2xhcGludG8gd2lsbCB0YWtlIHRvIHRoZSB3aGVlbCBpbiBGUDEgYXQgU2lsdmVyc3RvbmUh8J+kqSBwaWMudHdpdHRlci5jb20vWnhMV2VWcjV6S+KAlCBXaWxsaWFtcyBSYWNpbmcgKEBXaWxsaWFtc1JhY2luZykgSnVseSAxLCAyMDI0XG5cblxuIiwiY2FjaGVfYWdlIjo4NjQwMCwib3B0aW9ucyI6eyJfaGlkZV9tZWRpYSI6eyJsYWJlbCI6IkhpZGUgcGhvdG9zLCB2aWRlb3MsIGFuZCBjYXJkcyIsInZhbHVlIjpmYWxzZX0sIl90aGVtZSI6eyJ2YWx1ZSI6IiIsInZhbHVlcyI6eyJkYXJrIjoiVXNlIGRhcmsgdGhlbWUifX0sIl9tYXh3aWR0aCI6eyJ2YWx1ZSI6IiIsImxhYmVsIjoiQWRqdXN0IHdpZHRoIiwicGxhY2Vob2xkZXIiOiIyMjAtNTUwLCBpbiBweCJ9fX0mbHQ7L3NjcmlwdCZndDsmbHQ7L2RpdiZndDs=\">\n<a data-iframely-url=\"\" href=\"https:\/\/twitter.com\/WilliamsRacing\/status\/1807776609455510013\">https:\/\/twitter.com\/WilliamsRacing\/status\/1807776609455510013<\/a>\n<\/div>\n<p> \u00abNuestro piloto de la Academia Williams conducir\u00e1 el FW46 al inicio del fin de semana del Gran Premio de Gran Breta\u00f1a\u00bb, inform\u00f3 la escuder\u00eda brit\u00e1nica. \u00abColapinto conducir\u00e1 el FW46 de Logan Sargeant durante la Pr\u00e1ctica Libre 1 (FP1) en Silverstone\u00bb, agregaron desde Williams.<\/p>\n<p>\u201cEstar\u00e9 subido a un Formula 1 de Williams, haciendo la FP12&#8243;, expres\u00f3 Colapinto en la p\u00e1gina oficial de la escuder\u00eda. \u00abEstoy extremadamente feliz, lo voy a disfrutar much\u00edsimo, estuve esperando esta oportunidad durante much\u00edsimo tiempo y es un momento muy importante para m\u00ed, para mi carrera y para los argentinos tambi\u00e9n. Espero que lo puedan disfrutar, tanto como lo voy a disfrutar yo\u201d, expres\u00f3 el piloto albiceleste.<\/p>\n<p> La campa\u00f1a de Colapinto en F\u00f3rmula 2 viene en ascenso, ya que gan\u00f3 una carrera en Imola y lograr varios podios en las carreras principales de Barcelona y Austria, as\u00ed como cuatro participaciones m\u00e1s en las que sum\u00f3 puntos para MP Motorsport. Su desembarco en esta categor\u00eda se dio con un marat\u00f3nico ascenso luego de su segundo a\u00f1o en la F\u00f3rmula 3, donde consigui\u00f3 dos victorias en carreras, incluida una en Silverstone, tres podios m\u00e1s y un total de 14 puntos en los resultados finales lo llevaron al cuarto lugar en el Campeonato de Pilotos.<\/p>\n<p>El debut de Colapinto en la FP1 de la F\u00f3rmula 1 marcar\u00e1 su segunda experiencia sobre monoplaza de la m\u00e1xima categor\u00eda, despu\u00e9s de haber conducido el FW45 en la prueba de pilotos j\u00f3venes de Abu Dabi el a\u00f1o pasado. Colapinto sumar\u00e1 su nombre una larga lista de argentinos que manejaron autos de F-1, entre quienes se destacaron Juan Manuel Fangio, Carlos Reutemann y Jos\u00e9 Froil\u00e1n Gonz\u00e1lez.<\/p>\n<p> Sven Smeets, director deportivo, se mostr\u00f3 entusiasmado con el estreno del piloto argentino: \u00abFranco ha tenido un comienzo muy alentador en su temporada de debut en la F2 y estamos encantados de recompensar sus actuaciones en los \u00faltimos dos a\u00f1os con su primera sesi\u00f3n de FP1\u00bb.<\/p>\n<p> \u00abEstamos orgullosos de nuestro talentoso grupo de pilotos en la Williams Racing Driver Academy y es importante para nosotros darles la oportunidad de progresar y tener estas importantes oportunidades a medida que ascienden en la clasificaci\u00f3n. Mostrar nuestro talento en nuestra carrera de casa en Silverstone es un lindo momento y, por supuesto, ser\u00e1 un gran d\u00eda para los fan\u00e1ticos argentinos de la F1\u00bb, sentenci\u00f3.<\/p>\n<\/div>\n<p><script async src=\"\/\/platform.twitter.com\/widgets.js\" charset=\"utf-8\"><\/script><br \/><a href=\"https:\/\/www.pagina12.com.ar\/748729-colapinto-se-subira-al-williams-de-formula-1-en-silverstone\">source<\/a><\/p>\n","protected":false},"excerpt":{"rendered":"<p>Luego de sumar un nuevo podio en el Gran Premio de Austria de F\u00f3rmula 2,&#8230;<\/p>\n","protected":false},"author":0,"featured_media":193760,"comment_status":"open","ping_status":"open","sticky":false,"template":"","format":"standard","meta":{"footnotes":""},"categories":[3],"tags":[],"class_list":["post-193759","post","type-post","status-publish","format-standard","has-post-thumbnail","hentry","category-deportes"],"featured_image_urls":{"full":["https:\/\/radiofenix.com.ar\/2023\/wp-content\/uploads\/2024\/07\/wp-header-logo-18.png",960,540,false],"thumbnail":["https:\/\/radiofenix.com.ar\/2023\/wp-content\/uploads\/2024\/07\/wp-header-logo-18-150x150.png",150,150,true],"medium":["https:\/\/radiofenix.com.ar\/2023\/wp-content\/uploads\/2024\/07\/wp-header-logo-18-300x169.png",300,169,true],"medium_large":["https:\/\/radiofenix.com.ar\/2023\/wp-content\/uploads\/2024\/07\/wp-header-logo-18-768x432.png",640,360,true],"large":["https:\/\/radiofenix.com.ar\/2023\/wp-content\/uploads\/2024\/07\/wp-header-logo-18.png",640,360,false],"1536x1536":["https:\/\/radiofenix.com.ar\/2023\/wp-content\/uploads\/2024\/07\/wp-header-logo-18.png",960,540,false],"2048x2048":["https:\/\/radiofenix.com.ar\/2023\/wp-content\/uploads\/2024\/07\/wp-header-logo-18.png",960,540,false],"newsium-slider-full":["https:\/\/radiofenix.com.ar\/2023\/wp-content\/uploads\/2024\/07\/wp-header-logo-18.png",960,540,false],"newsium-featured":["https:\/\/radiofenix.com.ar\/2023\/wp-content\/uploads\/2024\/07\/wp-header-logo-18.png",960,540,false],"newsium-medium":["https:\/\/radiofenix.com.ar\/2023\/wp-content\/uploads\/2024\/07\/wp-header-logo-18-720x475.png",720,475,true]},"author_info":{"info":[""]},"category_info":"<a href=\"https:\/\/radiofenix.com.ar\/2023\/category\/deportes\/\" rel=\"category tag\">Deportes<\/a>","tag_info":"Deportes","comment_count":"0","_links":{"self":[{"href":"https:\/\/radiofenix.com.ar\/2023\/wp-json\/wp\/v2\/posts\/193759","targetHints":{"allow":["GET"]}}],"collection":[{"href":"https:\/\/radiofenix.com.ar\/2023\/wp-json\/wp\/v2\/posts"}],"about":[{"href":"https:\/\/radiofenix.com.ar\/2023\/wp-json\/wp\/v2\/types\/post"}],"replies":[{"embeddable":true,"href":"https:\/\/radiofenix.com.ar\/2023\/wp-json\/wp\/v2\/comments?post=193759"}],"version-history":[{"count":0,"href":"https:\/\/radiofenix.com.ar\/2023\/wp-json\/wp\/v2\/posts\/193759\/revisions"}],"wp:featuredmedia":[{"embeddable":true,"href":"https:\/\/radiofenix.com.ar\/2023\/wp-json\/wp\/v2\/media\/193760"}],"wp:attachment":[{"href":"https:\/\/radiofenix.com.ar\/2023\/wp-json\/wp\/v2\/media?parent=193759"}],"wp:term":[{"taxonomy":"category","embeddable":true,"href":"https:\/\/radiofenix.com.ar\/2023\/wp-json\/wp\/v2\/categories?post=193759"},{"taxonomy":"post_tag","embeddable":true,"href":"https:\/\/radiofenix.com.ar\/2023\/wp-json\/wp\/v2\/tags?post=193759"}],"curies":[{"name":"wp","href":"https:\/\/api.w.org\/{rel}","templated":true}]}}