{"id":193763,"date":"2024-07-02T13:21:02","date_gmt":"2024-07-02T13:21:02","guid":{"rendered":"https:\/\/radiofenix.com.ar\/2023\/los-raros-negocios-de-coy-la-hermana-de-furia-de-gran-hermano\/"},"modified":"2024-07-02T13:21:02","modified_gmt":"2024-07-02T13:21:02","slug":"los-raros-negocios-de-coy-la-hermana-de-furia-de-gran-hermano","status":"publish","type":"post","link":"https:\/\/radiofenix.com.ar\/2023\/los-raros-negocios-de-coy-la-hermana-de-furia-de-gran-hermano\/","title":{"rendered":"Los raros negocios de Coy, la hermana de Furia de Gran Hermano"},"content":{"rendered":"<div id=\"note-body\">\n<p>La salida de la casa de <strong>Gran Hermano<\/strong> de <strong>Juliana \u00abFuria\u00bb Scaglione<\/strong> provoc\u00f3 no s\u00f3lo un gran esc\u00e1ndalo con sus fan\u00e1ticos, quienes habr\u00edan atacado al resto de sus compa\u00f1eros del reality, sino tambi\u00e9n con su familia. Esto es porque hace tan solo unos d\u00edas, <strong>Ezequiel Scaglione<\/strong> confes\u00f3 que su hermana, <strong>Coy,<\/strong> hizo un inesperado negocio a las espaldas de su hermana.<\/p>\n<\/div>\n<p><a href=\"https:\/\/www.minutouno.com\/espectaculos\/gran-hermano\/los-raros-negocios-coy-la-hermana-furia-n6024061\">source<\/a><\/p>\n","protected":false},"excerpt":{"rendered":"<p>La salida de la casa de Gran Hermano de Juliana \u00abFuria\u00bb Scaglione provoc\u00f3 no s\u00f3lo&#8230;<\/p>\n","protected":false},"author":0,"featured_media":193764,"comment_status":"open","ping_status":"open","sticky":false,"template":"","format":"standard","meta":{"footnotes":""},"categories":[2],"tags":[],"class_list":["post-193763","post","type-post","status-publish","format-standard","has-post-thumbnail","hentry","category-politica"],"featured_image_urls":{"full":["https:\/\/radiofenix.com.ar\/2023\/wp-content\/uploads\/2024\/07\/wp-header-logo-20.png",1200,675,false],"thumbnail":["https:\/\/radiofenix.com.ar\/2023\/wp-content\/uploads\/2024\/07\/wp-header-logo-20-150x150.png",150,150,true],"medium":["https:\/\/radiofenix.com.ar\/2023\/wp-content\/uploads\/2024\/07\/wp-header-logo-20-300x169.png",300,169,true],"medium_large":["https:\/\/radiofenix.com.ar\/2023\/wp-content\/uploads\/2024\/07\/wp-header-logo-20-768x432.png",640,360,true],"large":["https:\/\/radiofenix.com.ar\/2023\/wp-content\/uploads\/2024\/07\/wp-header-logo-20-1024x576.png",640,360,true],"1536x1536":["https:\/\/radiofenix.com.ar\/2023\/wp-content\/uploads\/2024\/07\/wp-header-logo-20.png",1200,675,false],"2048x2048":["https:\/\/radiofenix.com.ar\/2023\/wp-content\/uploads\/2024\/07\/wp-header-logo-20.png",1200,675,false],"newsium-slider-full":["https:\/\/radiofenix.com.ar\/2023\/wp-content\/uploads\/2024\/07\/wp-header-logo-20.png",1200,675,false],"newsium-featured":["https:\/\/radiofenix.com.ar\/2023\/wp-content\/uploads\/2024\/07\/wp-header-logo-20-1024x576.png",1024,576,true],"newsium-medium":["https:\/\/radiofenix.com.ar\/2023\/wp-content\/uploads\/2024\/07\/wp-header-logo-20-720x475.png",720,475,true]},"author_info":{"info":[""]},"category_info":"<a href=\"https:\/\/radiofenix.com.ar\/2023\/category\/politica\/\" rel=\"category tag\">Pol\u00edtica<\/a>","tag_info":"Pol\u00edtica","comment_count":"0","_links":{"self":[{"href":"https:\/\/radiofenix.com.ar\/2023\/wp-json\/wp\/v2\/posts\/193763","targetHints":{"allow":["GET"]}}],"collection":[{"href":"https:\/\/radiofenix.com.ar\/2023\/wp-json\/wp\/v2\/posts"}],"about":[{"href":"https:\/\/radiofenix.com.ar\/2023\/wp-json\/wp\/v2\/types\/post"}],"replies":[{"embeddable":true,"href":"https:\/\/radiofenix.com.ar\/2023\/wp-json\/wp\/v2\/comments?post=193763"}],"version-history":[{"count":0,"href":"https:\/\/radiofenix.com.ar\/2023\/wp-json\/wp\/v2\/posts\/193763\/revisions"}],"wp:featuredmedia":[{"embeddable":true,"href":"https:\/\/radiofenix.com.ar\/2023\/wp-json\/wp\/v2\/media\/193764"}],"wp:attachment":[{"href":"https:\/\/radiofenix.com.ar\/2023\/wp-json\/wp\/v2\/media?parent=193763"}],"wp:term":[{"taxonomy":"category","embeddable":true,"href":"https:\/\/radiofenix.com.ar\/2023\/wp-json\/wp\/v2\/categories?post=193763"},{"taxonomy":"post_tag","embeddable":true,"href":"https:\/\/radiofenix.com.ar\/2023\/wp-json\/wp\/v2\/tags?post=193763"}],"curies":[{"name":"wp","href":"https:\/\/api.w.org\/{rel}","templated":true}]}}