{"id":193769,"date":"2024-07-03T08:57:24","date_gmt":"2024-07-03T08:57:24","guid":{"rendered":"https:\/\/radiofenix.com.ar\/2023\/beryl-el-potente-huracan-que-sobrevuela-el-caribe\/"},"modified":"2024-07-03T08:57:24","modified_gmt":"2024-07-03T08:57:24","slug":"beryl-el-potente-huracan-que-sobrevuela-el-caribe","status":"publish","type":"post","link":"https:\/\/radiofenix.com.ar\/2023\/beryl-el-potente-huracan-que-sobrevuela-el-caribe\/","title":{"rendered":"Beryl, el potente hurac\u00e1n que sobrevuela el Caribe"},"content":{"rendered":"<div>\n<p>La\u00a0Organizaci\u00f3n Meteorol\u00f3gica Mundial (OMM) advirti\u00f3 que el <b>hurac\u00e1n Beryl<\/b>, que transita el Atl\u00e1ntico y se aproxima a Jamaica,\u00a0sienta un<b> \u00abalarmante precedente\u00bb<\/b> por haber alcanzado la m\u00e1xima intensidad a una altura del a\u00f1o inesperada.\u00a0<\/p>\n<p>Seg\u00fan la agencia meteorol\u00f3gica de la ONU, la llegada de un hurac\u00e1n con esta fuerza dos semanas antes de lo habitual podr\u00eda ser el anticipo de \u00abuna estaci\u00f3n muy activa y con riesgos para toda la cuenca atl\u00e1ntica, lo que una vez m\u00e1s muestra <b>la necesidad de sistemas de alerta temprana<\/b>\u00ab.<\/p>\n<div class=\"iframely-embed medium-embedded-content\" data-html=\"Jmx0O2Jsb2NrcXVvdGUgY2xhc3M9InR3aXR0ZXItdHdlZXQiIGRhdGEtZG50PSJ0cnVlIiBhbGlnbj0iY2VudGVyIiZndDsmbHQ7cCBsYW5nPSJlcyIgZGlyPSJsdHIiJmd0O\/Cfmqjwn5qo8J+aqPCfmqh8IMOaTFRJTU8gTU9NRU5UTyZsdDticiZndDsmbHQ7YnImZ3Q7QmVyeWwgeWEgZXMgb2ZpY2lhbG1lbnRlIGNhdGVnb3LDrWEgNSwgc2UgYXByb3hpbWEgcsOhcGlkYW1lbnRlLiAmbHQ7YnImZ3Q7Jmx0O2JyJmd0O0xhIGltYWdlbiBlcyB1bmEgYWN0dWFsaXphY2nDs24gaGFjZSAyNSBtaW51dG9zLiAmbHQ7YnImZ3Q7TGEgc2VndW5kYSBpbWFnZW4gZXMgdW5hIGZvdG9ncmFmw61hIGRlIGxhIE5BU0EuICZsdDticiZndDsmbHQ7YnImZ3Q7VG9tZW4gcHJlY2F1Y2lvbmVzIHBvciBmYXZvciDwn5mPLiAmbHQ7YSBocmVmPSJodHRwczovL3QuY28vRmRQS25yVGg4ayImZ3Q7cGljLnR3aXR0ZXIuY29tL0ZkUEtuclRoOGsmbHQ7L2EmZ3Q7Jmx0Oy9wJmd0OyZhbXA7bWRhc2g7IE5lb2xpYmVyYWxvdmVyIChAbmVvbGliZXJhbG92ZXIpICZsdDthIGhyZWY9Imh0dHBzOi8vdHdpdHRlci5jb20vbmVvbGliZXJhbG92ZXIvc3RhdHVzLzE4MDc5NzU3OTY0NTcyMTgxMjE\/cmVmX3NyYz10d3NyYyU1RXRmdyImZ3Q7SnVseSAyLCAyMDI0Jmx0Oy9hJmd0OyZsdDsvYmxvY2txdW90ZSZndDsKJmx0O3NjcmlwdCBhc3luYyBzcmM9Imh0dHBzOi8vcGxhdGZvcm0udHdpdHRlci5jb20vd2lkZ2V0cy5qcyIgY2hhcnNldD0idXRmLTgiJmd0OyZsdDsvc2NyaXB0Jmd0OwoKJmx0O2RpdiBjbGFzcz0ibWVkaXVtLWluc2VydC1lbWJlZHMtbWV0YSImZ3Q7Jmx0O3NjcmlwdCB0eXBlPSJ0ZXh0L2pzb24iJmd0O3sidXJsIjoiaHR0cHM6Ly90d2l0dGVyLmNvbS9uZW9saWJlcmFsb3Zlci9zdGF0dXMvMTgwNzk3NTc5NjQ1NzIxODEyMSIsInR5cGUiOiJyaWNoIiwidmVyc2lvbiI6IjEuMCIsInRpdGxlIjoiTmVvbGliZXJhbG92ZXIgb24gVHdpdHRlciAvIFgiLCJhdXRob3IiOiJOZW9saWJlcmFsb3ZlciIsImF1dGhvcl91cmwiOiJodHRwczovL3R3aXR0ZXIuY29tL25lb2xpYmVyYWxvdmVyIiwicHJvdmlkZXJfbmFtZSI6IlR3aXR0ZXIiLCJkZXNjcmlwdGlvbiI6IvCfmqjwn5qo8J+aqPCfmqh8IMOaTFRJTU8gTU9NRU5UT0JlcnlsIHlhIGVzIG9maWNpYWxtZW50ZSBjYXRlZ29yw61hIDUsIHNlIGFwcm94aW1hIHLDoXBpZGFtZW50ZS4gTGEgaW1hZ2VuIGVzIHVuYSBhY3R1YWxpemFjacOzbiBoYWNlIDI1IG1pbnV0b3MuIExhIHNlZ3VuZGEgaW1hZ2VuIGVzIHVuYSBmb3RvZ3JhZsOtYSBkZSBsYSBOQVNBLiBUb21lbiBwcmVjYXVjaW9uZXMgcG9yIGZhdm9yIPCfmY8uIHBpYy50d2l0dGVyLmNvbS9GZFBLbnJUaDhr4oCUIE5lb2xpYmVyYWxvdmVyIChAbmVvbGliZXJhbG92ZXIpIEp1bHkgMiwgMjAyNFxuXG5cbiIsImNhY2hlX2FnZSI6ODY0MDAsIm9wdGlvbnMiOnsiX2hpZGVfbWVkaWEiOnsibGFiZWwiOiJIaWRlIHBob3RvcywgdmlkZW9zLCBhbmQgY2FyZHMiLCJ2YWx1ZSI6ZmFsc2V9LCJfdGhlbWUiOnsidmFsdWUiOiIiLCJ2YWx1ZXMiOnsiZGFyayI6IlVzZSBkYXJrIHRoZW1lIn19LCJfbWF4d2lkdGgiOnsidmFsdWUiOiIiLCJsYWJlbCI6IkFkanVzdCB3aWR0aCIsInBsYWNlaG9sZGVyIjoiMjIwLTU1MCwgaW4gcHgifX19Jmx0Oy9zY3JpcHQmZ3Q7Jmx0Oy9kaXYmZ3Q7\">\n<a data-iframely-url=\"\" href=\"https:\/\/twitter.com\/neoliberalover\/status\/1807975796457218121\">https:\/\/twitter.com\/neoliberalover\/status\/1807975796457218121<\/a>\n<\/div>\n<p>Beryl ya caus\u00f3 al menos <b>cuatro muertes: tres en Granada y una en San Vicente y las Granadinas<\/b>. Sin embargo, las autoridades especulan con que pueden ser m\u00e1s las v\u00edctimas mortales en estas islas, as\u00ed como tambien en Cariobac\u00fa, donde toc\u00f3 tierra el lunes como categor\u00eda 4. <\/p>\n<p>A su paso, el cicl\u00f3n &#8211;el primero que se forma sobre el Atl\u00e1ntico en esta temporada&#8211; ha dejado una <b>destrucci\u00f3n significativa de edificios, carreteras y embarcaciones<\/b> en varios pa\u00edses de la Comunidad del Caribe (Caricom), entidad que se vio obligada a suspender su reuni\u00f3n anual.\u00a0<\/p>\n<h2>Hurac\u00e1n de categor\u00eda m\u00e1xima<\/h2>\n<p>Desde su formaci\u00f3n, el fen\u00f3meno lleg\u00f3 a recoger vientos cercanos a los <b>260 kil\u00f3metros por hora<\/b> y se situ\u00f3 algo m\u00e1s de 1300 kil\u00f3metros al este-sureste de Kingston, la capital de Jamaica. As\u00ed lo notific\u00f3 el <b>Centro Nacional de Huracanes (NHC) <\/b>de Estados Unidos, que defini\u00f3 al hurac\u00e1n como <b>\u00abpotencialmente catastr\u00f3fico\u00bb<\/b>, y apunt\u00f3 que \u00abpodr\u00eda traer vientos potencialmente mortales y mareas cicl\u00f3nicas a Jamaica esta semana\u00bb.<\/p>\n<p>De esta forma, <b>Beryl alcanz\u00f3 fuerza 5 (m\u00e1xima en la escala Saffir-Simpson, que mide a los huracanes por la fuerza de sus vientos)<\/b> y actualmente arrastra vendavales de hasta 165 kil\u00f3metros por hora, seg\u00fan mediciones de la entidad norteamericana.\u00a0<\/p>\n<p>Previamente, ya hab\u00eda caudado gran impacto en Granada y San Vicente y Granadinas, \u00abpeque\u00f1as islas con poca experiencia a la hora de lidiar con huracanes de categor\u00eda 4\u00bb, indic\u00f3 la OMM. En la comunidad de Prospect en San Vicente, los informes de da\u00f1os incluyeron <b>techos arrancados de edificios, as\u00ed como cortes de energ\u00eda en otras partes de la isla<\/b>. A su vez, durante la ma\u00f1ana del lunes, se vieron veh\u00edculos circulando por el paseo mar\u00edtimo inundado en Bridgetown (Barbados).<\/p>\n<h2>Una situaci\u00f3n sin precedentes\u00a0<\/h2>\n<p>De acuerdo con lo informado por el NHC, se espera que a mediados de semana Beryl <b>pierda gradualmente intensidad<\/b>, aunque a\u00fan mantendr\u00e1 vientos huracanados.<\/p>\n<p>Los informes del Panel Intergubernamental de Expertos en Cambio Clim\u00e1tico advierten que la frecuencia de ciclones tropicales intensos, como la de otros fen\u00f3menos climatol\u00f3gicos extremos, <b>ir\u00e1 en aumento en paralelo al calentamiento global<\/b>.<\/p>\n<p>Beryl subi\u00f3 de depresi\u00f3n tropical a hurac\u00e1n <b>de categor\u00eda 3 en menos de 48 horas, y alcanz\u00f3 la 4<\/b> en ese tiempo aproximado, algo sin precedentes para la OMM en un mes de junio aunque \u00aben l\u00ednea con las tendencias recientes de r\u00e1pida intensificaci\u00f3n\u00bb de estos fen\u00f3menos.<\/p>\n<h2>Alertas pr\u00f3ximas\u00a0<\/h2>\n<p>Para los siguientes d\u00edas se prev\u00e9 que Beryl pase por <b>Jamaica el mi\u00e9rcoles y por las islas Caim\u00e1n el jueves<\/b>. Tambi\u00e9n, se registr\u00f3 una alerta de hurac\u00e1n y de tormenta tropical para la costa de Hait\u00ed desde los l\u00edmites con <b>Rep\u00fablica Dominicana hasta la localidad haitiana de Anse d&#8217;Hainault.<\/b><\/p>\n<p>Por otro lado, se notificaron alertas de tormenta tropical para la costa sur de Rep\u00fablica Dominicana, desde Punta Palenque hasta el oeste, en la frontera con Hait\u00ed. <\/p>\n<p>Los meteor\u00f3logos del NHC advierten que el cicl\u00f3n significar\u00e1 un <b>extremo peligro<\/b> ya que contar\u00e1 con una gran magnitud a medida que avance sobre el Caribe oriental, con <b>\u00abcierto debilitamiento\u00bb reci\u00e9n en la noche del martes<\/b>. En ese sentido, calculan que el centro del hurac\u00e1n se acerque a la pen\u00ednsula de <b>Yucat\u00e1n (M\u00e9xico) el jueves<\/b> por la noche.\u00a0<\/p>\n<h2>El caso de Venezuela<\/h2>\n<p>Las fuertes lluvias generadas al paso del hurac\u00e1n Beryl por el mar Caribe venezolano dejaron <b>graves inundaciones en la ciudad de Cumanacoa<\/b>, en el estado de Sucre, en la regi\u00f3n del noreste de Venezuela, confirm\u00f3 este martes el ministro para las Relaciones Interiores, Justicia y Paz, <b>Remigio Ceballos<\/b>. \u00abProducto de fuertes lluvias luego del paso del hurac\u00e1n Beryl se present\u00f3 <b>desbordamiento del r\u00edo Manzanares <\/b>en el municipio Montes\u00bb, difundi\u00f3 el funcionario en redes sociales.<\/p>\n<p>El ministro venezolano indic\u00f3 que para enfrentar la situaci\u00f3n se realizan \u00ab<b>esfuerzos de atenci\u00f3n m\u00e9dica, medicinas, alimentos, agua potable, enseres<\/b> y refuerzos de personal de Bomberos y Protecci\u00f3n Civil para labores de an\u00e1lisis, evaluaci\u00f3n de da\u00f1os y mitigaci\u00f3n\u00bb. A su vez, el gobernador del estado de Sucre, Gilberto Pinto Blanco, se\u00f1al\u00f3 que ya se encontraba en la zona de la emergencia para atender la situaci\u00f3n.<\/p>\n<p>Pinto Blanco detall\u00f3 a medios locales que seis resultaron las comunidades m\u00e1s afectadas por las inundaciones, mientras que el sector denominado La Fragua requiere de la evacuaci\u00f3n de la poblaci\u00f3n por medios a\u00e9reos. \u00abEs una eventualidad producto de la \u00e9poca de lluvias, del hurac\u00e1n que tenemos en las adyacencias de Venezuela, y sigue lloviendo en las cabeceras del r\u00edo Manzanares\u00bb, agreg\u00f3 el gobernador.<\/p>\n<p>En la zona de la emergencia en el noreste del caribe venezolano se interrumpi\u00f3 el paso desde otras localidades hacia Cumanacoa por la contingencia, inform\u00f3 la agencia de noticias Xinhua.\u00a0<\/p>\n<\/div>\n<p><script async src=\"\/\/platform.twitter.com\/widgets.js\" charset=\"utf-8\"><\/script><br \/><a href=\"https:\/\/www.pagina12.com.ar\/749072-beryl-el-potente-huracan-que-sobrevuela-el-caribe\">source<\/a><\/p>\n","protected":false},"excerpt":{"rendered":"<p>La\u00a0Organizaci\u00f3n Meteorol\u00f3gica Mundial (OMM) advirti\u00f3 que el hurac\u00e1n Beryl, que transita el Atl\u00e1ntico y se&#8230;<\/p>\n","protected":false},"author":0,"featured_media":193770,"comment_status":"open","ping_status":"open","sticky":false,"template":"","format":"standard","meta":{"footnotes":""},"categories":[7],"tags":[],"class_list":["post-193769","post","type-post","status-publish","format-standard","has-post-thumbnail","hentry","category-sociedad"],"featured_image_urls":{"full":["https:\/\/radiofenix.com.ar\/2023\/wp-content\/uploads\/2024\/07\/wp-header-logo-23.png",960,540,false],"thumbnail":["https:\/\/radiofenix.com.ar\/2023\/wp-content\/uploads\/2024\/07\/wp-header-logo-23-150x150.png",150,150,true],"medium":["https:\/\/radiofenix.com.ar\/2023\/wp-content\/uploads\/2024\/07\/wp-header-logo-23-300x169.png",300,169,true],"medium_large":["https:\/\/radiofenix.com.ar\/2023\/wp-content\/uploads\/2024\/07\/wp-header-logo-23-768x432.png",640,360,true],"large":["https:\/\/radiofenix.com.ar\/2023\/wp-content\/uploads\/2024\/07\/wp-header-logo-23.png",640,360,false],"1536x1536":["https:\/\/radiofenix.com.ar\/2023\/wp-content\/uploads\/2024\/07\/wp-header-logo-23.png",960,540,false],"2048x2048":["https:\/\/radiofenix.com.ar\/2023\/wp-content\/uploads\/2024\/07\/wp-header-logo-23.png",960,540,false],"newsium-slider-full":["https:\/\/radiofenix.com.ar\/2023\/wp-content\/uploads\/2024\/07\/wp-header-logo-23.png",960,540,false],"newsium-featured":["https:\/\/radiofenix.com.ar\/2023\/wp-content\/uploads\/2024\/07\/wp-header-logo-23.png",960,540,false],"newsium-medium":["https:\/\/radiofenix.com.ar\/2023\/wp-content\/uploads\/2024\/07\/wp-header-logo-23-720x475.png",720,475,true]},"author_info":{"info":[""]},"category_info":"<a href=\"https:\/\/radiofenix.com.ar\/2023\/category\/sociedad\/\" rel=\"category tag\">Sociedad<\/a>","tag_info":"Sociedad","comment_count":"0","_links":{"self":[{"href":"https:\/\/radiofenix.com.ar\/2023\/wp-json\/wp\/v2\/posts\/193769","targetHints":{"allow":["GET"]}}],"collection":[{"href":"https:\/\/radiofenix.com.ar\/2023\/wp-json\/wp\/v2\/posts"}],"about":[{"href":"https:\/\/radiofenix.com.ar\/2023\/wp-json\/wp\/v2\/types\/post"}],"replies":[{"embeddable":true,"href":"https:\/\/radiofenix.com.ar\/2023\/wp-json\/wp\/v2\/comments?post=193769"}],"version-history":[{"count":0,"href":"https:\/\/radiofenix.com.ar\/2023\/wp-json\/wp\/v2\/posts\/193769\/revisions"}],"wp:featuredmedia":[{"embeddable":true,"href":"https:\/\/radiofenix.com.ar\/2023\/wp-json\/wp\/v2\/media\/193770"}],"wp:attachment":[{"href":"https:\/\/radiofenix.com.ar\/2023\/wp-json\/wp\/v2\/media?parent=193769"}],"wp:term":[{"taxonomy":"category","embeddable":true,"href":"https:\/\/radiofenix.com.ar\/2023\/wp-json\/wp\/v2\/categories?post=193769"},{"taxonomy":"post_tag","embeddable":true,"href":"https:\/\/radiofenix.com.ar\/2023\/wp-json\/wp\/v2\/tags?post=193769"}],"curies":[{"name":"wp","href":"https:\/\/api.w.org\/{rel}","templated":true}]}}