{"id":193989,"date":"2024-07-17T22:31:51","date_gmt":"2024-07-17T22:31:51","guid":{"rendered":"https:\/\/radiofenix.com.ar\/2023\/comienza-la-40-edicion-del-festival-nacional-de-tango-de-la-falda\/"},"modified":"2024-07-17T22:31:51","modified_gmt":"2024-07-17T22:31:51","slug":"comienza-la-40-edicion-del-festival-nacional-de-tango-de-la-falda","status":"publish","type":"post","link":"https:\/\/radiofenix.com.ar\/2023\/comienza-la-40-edicion-del-festival-nacional-de-tango-de-la-falda\/","title":{"rendered":"Comienza la 40\u00b0 edici\u00f3n del Festival Nacional de Tango de La Falda"},"content":{"rendered":"<div>\n<p>Este <b>viernes 19 comienza la 40\u00b0 edici\u00f3n del Festival Nacional de Tango de La Falda<\/b>, en las sierras de C\u00f3rdoba. Ser\u00e1 una edici\u00f3n \u201cXL\u201d, proponen desde la municipalidad serrana, proponiendo un juego de palabras entre la notaci\u00f3n romana de la cifra y el hecho de que ser\u00e1 un festival extendido, pues en lugar de dos jornadas, ofrecer\u00e1 tres y <b>se extender\u00e1 hasta el domingo<\/b>. Adem\u00e1s, desde comienzos de julio y hasta fin de mes desde el municipio proponen distintas actividades vinculadas al g\u00e9nero, desde clase y talleres hasta un concurso de streaming para j\u00f3venes de las escuelas secundarias de la zona, pasando por una suerte de b\u00fasqueda del tesoro tanguera por todos los hitos tur\u00edsticos del lugar.<\/p>\n<p> \u201cTenemos que pregonar el tango\u201d, plante\u00f3<b> Javier Dieminger, intendente de La Falda<\/b> (UCR). Dieminger, que atraviesa su segundo mandato, rescat\u00f3 la continuidad del Festival frente a un auditorio que inclu\u00eda a las autoridades de otras localidades de la zona del Valle de Punilla. \u201cEl Festival naci\u00f3 en 1965, as\u00ed que ya tenemos varias lunas bajo la Falda\u201d, gui\u00f1\u00f3. Dieminger tambi\u00e9n record\u00f3 la dif\u00edcil edici\u00f3n virtual que realizaron durante la pandemia y rescat\u00f3 en ese sentido tambi\u00e9n el valor de la continuidad que supone ser <b>el festival de tango m\u00e1s longevo del mundo<\/b> (a\u00fan si en ese tiempo no se realiz\u00f3 todos los a\u00f1os, pues tuvo algunos parates d\u00e9cadas atr\u00e1s).<\/p>\n<p> Dieminger dej\u00f3 en manos de funcionarias del Municipio la tarea de profundizar en las actividades del Festival, pero destac\u00f3 especialmente la<b> iniciativa Tango Caf\u00e9<\/b>, que recorre transversalmente a la ciudad durante todo el mes. Sobre este punto, agreg\u00f3 la Secretaria de Turismo y Desarrollo Local <b>Gisela Godino<\/b>, en esta edici\u00f3n se sumaron m\u00e1s de veinte locales gastron\u00f3micos, donde se presentar\u00e1n m\u00fasicos y cantantes, para que parroquianos y visitantes por igual puedan disfrutar del tango durante las horas de la tarde. Con esta iniciativa, apuntan, la idea es acercar al p\u00fablico general y a los artistas, facilitar la interacci\u00f3n entre ambos y alentar la participaci\u00f3n en las \u201cnoches de gala\u201d del Festival, explic\u00f3 el intendente.<\/p>\n<p> El veterano conductor <b>Silvio Sold\u00e1n<\/b> ser\u00e1, como habitualmente, el presentador de la edici\u00f3n junto a los locales <b>Danel Capdevila y Agustina Vivanco<\/b>. Sold\u00e1n, que viene de tener un accidente, brome\u00f3 con la situaci\u00f3n y tir\u00f3 su cl\u00e1sico \u201c\u00bfy si esta semana te toca a vos?\u201d, durante la charla del intendente y las autoridades con la prensa en Buenos Aires. \u201cTenemos que despertarnos y darnos cuenta que el tango es el mejor g\u00e9nero musical del mundo\u201d, alent\u00f3. Adem\u00e1s, Sold\u00e1n destac\u00f3 que la viceintendanta de la ciudad, Luciana Pacha, tambi\u00e9n ejerce actualmente la presidencia de la Ruta Internacional del Tango, que une festivales de distintos puntos de Am\u00e9rica latina. \u201cEs una propuesta que identifica a la ciudad\u201d, asegur\u00f3.<\/p>\n<p> Godino coincidi\u00f3 con el conductor. \u201cSi en este contexto un festival cumple cuarenta ediciones, es porque la ciudad lo abraza\u201d, consider\u00f3 y destac\u00f3 todas las actividades paralelas a los tres d\u00edas fuertes del festival. \u201cEs tango tambi\u00e9n todo lo que sucede fuera de nuestras noches de gala, del auditorio Carlos Gardel\u201d, plante\u00f3.<\/p>\n<p><b> Lara L\u00f3pez Mazucco<\/b>, Directora de Fiestas, Festivales y Eventos, y responsable directa del Festival, destac\u00f3 la premisa de \u201cpotenciar artistas\u201d. L\u00f3pez Mazucco sigue con cuidado los esfuerzos de su predecesora, Ana Elizondo, que pretend\u00eda abrir lentamente el festival \u2013que tiene un perfil bastante tradicional- a nuevas expresiones del g\u00e9nero. En este sentido, aparte de figuras locales (como <b>Contramano Tango 4, Leandro Ponte o el Ballet La Juntada<\/b>), de figuras consagradas del g\u00e9nero (como <b>V\u00edctor Lavall\u00e9n, Osvaldo Piro, Guillermo Fern\u00e1ndez, Mar\u00eda Jos\u00e9 Mentana o Adriana Varela\u201d<\/b>), busca incorporar otras caras m\u00e1s j\u00f3venes, como <b>Carolina Minella<\/b>, y las orquestas t\u00edpicas <b>Misteriosa Buenos Aires y la Sans Souci<\/b>.<\/p>\n<p> Durante la jornada de apertura se presentar\u00e1n Mabel Tuli\u00e1n, Milagros Amud, La Juarez (homenajeando a su padre Rub\u00e9n), la Orquesta Provincial de M\u00fasica Ciudadana, el ganador del Certamen de Voces que organiza el Festival, la Orquesta Escuela Municipal de Tango de La Falda, Mentana, La Juntada, Lavall\u00e9n y Fern\u00e1ndez. El s\u00e1bado, en tanto, ser\u00e1 el turno de Vanesa Katopodis, Minella, el d\u00fao Paula Castignola y Ariel Pirotti, N\u00e9stor Fabi\u00e1n, Contramano Tango 4, Color Tango, la ganadora femenina del certamen de voces, Varela, y la orquesta de Piro junto a su hija Ligia y Marcelo Santos. Finalmente, en la tercera noche, la \u201cNoche para Gardel\u201d la propuesta es sumar las voces ya presentes en el festival ya a Lisette Grosso, a Ponte, Marcelo Santos y Gustavo Visentin, adem\u00e1s de una orquesta dirigida por Mauricio Mart\u00ednez. <b>Esta edici\u00f3n culminar\u00e1 con una Gran Milonga,<\/b> con DJs invitados y la participaci\u00f3n de las dos t\u00edpicas. Respecto de la nutrida actividad del Festival, fue el cantor Leandro Ponte \u2013que comenz\u00f3 su carrera ganando el certamen de canto local-, quien lo destac\u00f3 como un modo de \u201cdefender lo nuestro, nuestra identidad\u201d.<\/p>\n<\/div>\n<p><a href=\"https:\/\/www.pagina12.com.ar\/752890-comienza-la-40-deg-edicion-del-festival-nacional-de-tango-de\">source<\/a><\/p>\n","protected":false},"excerpt":{"rendered":"<p>Este viernes 19 comienza la 40\u00b0 edici\u00f3n del Festival Nacional de Tango de La Falda,&#8230;<\/p>\n","protected":false},"author":0,"featured_media":193990,"comment_status":"open","ping_status":"open","sticky":false,"template":"","format":"standard","meta":{"footnotes":""},"categories":[4],"tags":[],"class_list":["post-193989","post","type-post","status-publish","format-standard","has-post-thumbnail","hentry","category-espectaculos"],"featured_image_urls":{"full":["https:\/\/radiofenix.com.ar\/2023\/wp-content\/uploads\/2024\/07\/wp-header-logo-133.png",960,540,false],"thumbnail":["https:\/\/radiofenix.com.ar\/2023\/wp-content\/uploads\/2024\/07\/wp-header-logo-133-150x150.png",150,150,true],"medium":["https:\/\/radiofenix.com.ar\/2023\/wp-content\/uploads\/2024\/07\/wp-header-logo-133-300x169.png",300,169,true],"medium_large":["https:\/\/radiofenix.com.ar\/2023\/wp-content\/uploads\/2024\/07\/wp-header-logo-133-768x432.png",640,360,true],"large":["https:\/\/radiofenix.com.ar\/2023\/wp-content\/uploads\/2024\/07\/wp-header-logo-133.png",640,360,false],"1536x1536":["https:\/\/radiofenix.com.ar\/2023\/wp-content\/uploads\/2024\/07\/wp-header-logo-133.png",960,540,false],"2048x2048":["https:\/\/radiofenix.com.ar\/2023\/wp-content\/uploads\/2024\/07\/wp-header-logo-133.png",960,540,false],"newsium-slider-full":["https:\/\/radiofenix.com.ar\/2023\/wp-content\/uploads\/2024\/07\/wp-header-logo-133.png",960,540,false],"newsium-featured":["https:\/\/radiofenix.com.ar\/2023\/wp-content\/uploads\/2024\/07\/wp-header-logo-133.png",960,540,false],"newsium-medium":["https:\/\/radiofenix.com.ar\/2023\/wp-content\/uploads\/2024\/07\/wp-header-logo-133-720x475.png",720,475,true]},"author_info":{"info":[""]},"category_info":"<a href=\"https:\/\/radiofenix.com.ar\/2023\/category\/espectaculos\/\" rel=\"category tag\">Espectaculos<\/a>","tag_info":"Espectaculos","comment_count":"0","_links":{"self":[{"href":"https:\/\/radiofenix.com.ar\/2023\/wp-json\/wp\/v2\/posts\/193989","targetHints":{"allow":["GET"]}}],"collection":[{"href":"https:\/\/radiofenix.com.ar\/2023\/wp-json\/wp\/v2\/posts"}],"about":[{"href":"https:\/\/radiofenix.com.ar\/2023\/wp-json\/wp\/v2\/types\/post"}],"replies":[{"embeddable":true,"href":"https:\/\/radiofenix.com.ar\/2023\/wp-json\/wp\/v2\/comments?post=193989"}],"version-history":[{"count":0,"href":"https:\/\/radiofenix.com.ar\/2023\/wp-json\/wp\/v2\/posts\/193989\/revisions"}],"wp:featuredmedia":[{"embeddable":true,"href":"https:\/\/radiofenix.com.ar\/2023\/wp-json\/wp\/v2\/media\/193990"}],"wp:attachment":[{"href":"https:\/\/radiofenix.com.ar\/2023\/wp-json\/wp\/v2\/media?parent=193989"}],"wp:term":[{"taxonomy":"category","embeddable":true,"href":"https:\/\/radiofenix.com.ar\/2023\/wp-json\/wp\/v2\/categories?post=193989"},{"taxonomy":"post_tag","embeddable":true,"href":"https:\/\/radiofenix.com.ar\/2023\/wp-json\/wp\/v2\/tags?post=193989"}],"curies":[{"name":"wp","href":"https:\/\/api.w.org\/{rel}","templated":true}]}}