{"id":193997,"date":"2024-07-18T08:57:40","date_gmt":"2024-07-18T08:57:40","guid":{"rendered":"https:\/\/radiofenix.com.ar\/2023\/mas-problemas-para-enzo-fernandez-la-decision-que-tomo-la-fifa-tras-la-denuncia\/"},"modified":"2024-07-18T08:57:40","modified_gmt":"2024-07-18T08:57:40","slug":"mas-problemas-para-enzo-fernandez-la-decision-que-tomo-la-fifa-tras-la-denuncia","status":"publish","type":"post","link":"https:\/\/radiofenix.com.ar\/2023\/mas-problemas-para-enzo-fernandez-la-decision-que-tomo-la-fifa-tras-la-denuncia\/","title":{"rendered":"M\u00e1s problemas para Enzo Fern\u00e1ndez: la decisi\u00f3n que tom\u00f3 la FIFA tras la denuncia"},"content":{"rendered":"<div id=\"\">\n<p>En un comunicado, la FIFA afirm\u00f3: <span class=\"saysCMSEmphasis\" id=\"saysCMSEmphasisyh5yyyhovd\">\u00abEstamos al tanto del video circulante en redes sociales y el incidente est\u00e1 bajo investigaci\u00f3n. La FIFA condena cualquier forma de discriminaci\u00f3n de parte de jugadores, aficionados y oficiales\u00bb<\/span>.<\/p>\n<p>El alcance de las posibles sanciones a\u00fan no est\u00e1 claro, pero el hecho de que tanto el conjunto ingl\u00e9s como el m\u00e1ximo organismo del f\u00fatbol mundial est\u00e9n tomando medidas muestra la seriedad del asunto. Las acciones que se tomen podr\u00edan tener un impacto significativo en su carrera y en su reputaci\u00f3n a nivel mundial.<\/p>\n<div contenteditable=\"false\" class=\"embed_cont type_video\" id=\"7957224-239869235_wrap\">\n<p> cargada a seleccion de francia <span onclick=\"parent.parent.TinyMCETdcuerpo.preview_embed('7957224-239869235')\" class=\"embed_colapse less\" id=\"7957224-239869235_colapse\"\/>  <span onclick=\"parent.parent.TinyMCETdcuerpo.delete_embed('7957224-239869235')\" class=\"embed_delete less\" id=\"7957224-239869235_delete\"\/><\/p>\n<\/p><\/div>\n<h2>Chelsea abri\u00f3 un expediente contra Enzo Fern\u00e1ndez <\/h2>\n<p>Tras lo sucedido, el club ingl\u00e9s anunci\u00f3 que inici\u00f3 un procedimiento disciplinario interno: <strong>\u00abEl Chelsea Football Club considera que cualquier forma de comportamiento discriminatorio es totalmente inaceptable. Estamos orgullosos de ser un club diverso e inclusivo en el que personas de todas las culturas, comunidades e identidades se sienten bienvenidas\u00bb<\/strong>.<\/p>\n<p>A trav\u00e9s de un comunicado publicado tanto en las redes oficiales del Chelsea como en el sitio web del club, expresaron: <strong>\u00abReconocemos y apreciamos la disculpa p\u00fablica de nuestro jugador y aprovecharemos esto como una oportunidad para ense\u00f1ar\u00bb<\/strong>, y anunciaron: <strong>\u00abEl club ha introducido procedimientos disciplinarios internos\u00bb<\/strong>.<\/p>\n<div contenteditable=\"false\" class=\"embed_cont type_imagen\" id=\"7957912-Libre-1641612451_wrap\">\n<p> comunicado chelsea enzo fernandez <span onclick=\"parent.parent.TinyMCETdcuerpo.preview_embed('7957912-Libre-1641612451')\" class=\"embed_colapse less\" id=\"7957912-Libre-1641612451_colapse\"\/>  <span onclick=\"parent.parent.TinyMCETdcuerpo.delete_embed('7957912-Libre-1641612451')\" class=\"embed_delete less\" id=\"7957912-Libre-1641612451_delete\"\/><\/p>\n<div id=\"7957912-Libre-1641612451_content\" class=\"embed_content\"><img decoding=\"async\" src=\"https:\/\/media.minutouno.com\/p\/7b76c695783dd5187605fc793f537e2d\/adjuntos\/150\/imagenes\/041\/670\/0041670494\/610x0\/smart\/el-comunicado-del-chelsea-enzo-fernandez-los-canticos-racistas.jpg\" alt=\"El comunicado del Chelsea sobre Enzo Fern\u00e1ndez tras los c\u00e1nticos racistas\" title=\"El comunicado del Chelsea sobre Enzo Fern\u00e1ndez tras los c\u00e1nticos racistas\" width=\"610\" height=\"undefined\" id=\"7957912-Libre-1641612451_embed\"\/><\/div>\n<div id=\"7957912-Libre-1641612451_epigrafe\" class=\"embed_epigrafe\">\n<p> El comunicado del Chelsea sobre Enzo Fern\u00e1ndez tras los c\u00e1nticos racistas<\/p>\n<\/div><\/div>\n<h2>Las disculpas de Enzo Fern\u00e1ndez tras el video viral <\/h2>\n<p>Al tomar conocimiento del material, <a href=\"https:\/\/www.minutouno.com\/deportes\/francia\/denunciara-la-seleccion-argentina-la-fifa-cuales-son-las-razones-n6032637\" target=\"_blank\" rel=\"follow noopener\">Francia advirti\u00f3 que demandar\u00eda a la Asociaci\u00f3n de F\u00fatbol Argentino por racismo<\/a>, por lo que el jugador del Chelsea decidi\u00f3 elevar unas disculpas tras lo sucedido: <strong>\u00abQuiero disculparme sinceramente por un video subido a mi Instagram durante las celebraciones de la Selecci\u00f3n nacional. La canci\u00f3n incluye un lenguaje muy ofensivo y no hay ninguna excusa para estas palabras\u00bb<\/strong>, comenz\u00f3 su descargo.<\/p>\n<p><strong>\u00abMe opongo a la discriminaci\u00f3n en todas sus formas y me disculpo por quedar atrapado en la euforia de nuestra celebraci\u00f3n de Copa Am\u00e9rica\u00bb<\/strong>, indic\u00f3 el ex River, luego de <a href=\"https:\/\/www.minutouno.com\/deportes\/enzo-fernandez\/polemica-chelsea-wesley-fofana-tildo-racista-n6033014\" target=\"_blank\" rel=\"follow noopener\">ser tildado de \u00abracista\u00bb por su compa\u00f1ero de club, Wesley Fofana<\/a>. Y culmin\u00f3: <strong>\u00abEse video, ese momento, esas palabras no reflejan mis creencias o mi car\u00e1cter. Verdaderamente, lo siento\u00bb<\/strong>.<\/p>\n<div contenteditable=\"false\" class=\"embed_cont type_imagen\" id=\"7957818-Libre-1387625639_wrap\">\n<p> pedido de disculpas de enzo fernandez.jpeg <span onclick=\"parent.parent.TinyMCETdcuerpo.preview_embed('7957818-Libre-1387625639')\" class=\"embed_colapse less\" id=\"7957818-Libre-1387625639_colapse\"\/>  <span onclick=\"parent.parent.TinyMCETdcuerpo.delete_embed('7957818-Libre-1387625639')\" class=\"embed_delete less\" id=\"7957818-Libre-1387625639_delete\"\/><\/p>\n<div id=\"7957818-Libre-1387625639_content\" class=\"embed_content\"><img decoding=\"async\" src=\"https:\/\/media.minutouno.com\/p\/5c9814e717c451fc28f8a07521109241\/adjuntos\/150\/imagenes\/041\/669\/0041669968\/610x0\/smart\/pedido-disculpas-enzo-fernandezjpeg.jpeg\" alt=\"\" title=\"\" width=\"610\" height=\"undefined\" id=\"7957818-Libre-1387625639_embed\"\/><\/div>\n<\/p><\/div>\n<div contenteditable=\"false\" class=\"embed_cont type_freetext\" rel=\"freetext\" id=\"embed24_wrap\">\n<p> Embed <span onclick=\"parent.parent.TinyMCETdcuerpo.preview_embed('embed24')\" class=\"embed_colapse less\" id=\"embed24_colapse\"\/>  <span onclick=\"parent.parent.TinyMCETdcuerpo.delete_embed('embed24')\" class=\"embed_delete less\" id=\"embed24_delete\"\/><\/p>\n<div id=\"embed24_content\" class=\"embed_content\">\n<div id=\"embed24_embed\">\n<figure class=\"figure\"><a href=\"https:\/\/t.me\/minutounocom\" target=\"_blank\" rel=\"noopener\"><img decoding=\"async\" src=\"https:\/\/media.minutouno.com\/adjuntos\/150\/banners\/039\/099\/0039099175.jpg\" class=\"figure-img img-fluid\" style=\"width:100%;height:auto;\"\/><\/a><\/figure>\n<\/div>\n<\/div><\/div>\n<\/div>\n<p><a href=\"https:\/\/www.minutouno.com\/deportes\/enzo-fernandez\/mas-problemas-la-decision-que-tomo-la-fifa-la-denuncia-n6033372\">source<\/a><\/p>\n","protected":false},"excerpt":{"rendered":"<p>En un comunicado, la FIFA afirm\u00f3: \u00abEstamos al tanto del video circulante en redes sociales&#8230;<\/p>\n","protected":false},"author":0,"featured_media":193998,"comment_status":"open","ping_status":"open","sticky":false,"template":"","format":"standard","meta":{"footnotes":""},"categories":[2],"tags":[],"class_list":["post-193997","post","type-post","status-publish","format-standard","has-post-thumbnail","hentry","category-politica"],"featured_image_urls":{"full":["https:\/\/radiofenix.com.ar\/2023\/wp-content\/uploads\/2024\/07\/wp-header-logo-137.png",610,431,false],"thumbnail":["https:\/\/radiofenix.com.ar\/2023\/wp-content\/uploads\/2024\/07\/wp-header-logo-137-150x150.png",150,150,true],"medium":["https:\/\/radiofenix.com.ar\/2023\/wp-content\/uploads\/2024\/07\/wp-header-logo-137-300x212.png",300,212,true],"medium_large":["https:\/\/radiofenix.com.ar\/2023\/wp-content\/uploads\/2024\/07\/wp-header-logo-137.png",610,431,false],"large":["https:\/\/radiofenix.com.ar\/2023\/wp-content\/uploads\/2024\/07\/wp-header-logo-137.png",610,431,false],"1536x1536":["https:\/\/radiofenix.com.ar\/2023\/wp-content\/uploads\/2024\/07\/wp-header-logo-137.png",610,431,false],"2048x2048":["https:\/\/radiofenix.com.ar\/2023\/wp-content\/uploads\/2024\/07\/wp-header-logo-137.png",610,431,false],"newsium-slider-full":["https:\/\/radiofenix.com.ar\/2023\/wp-content\/uploads\/2024\/07\/wp-header-logo-137.png",610,431,false],"newsium-featured":["https:\/\/radiofenix.com.ar\/2023\/wp-content\/uploads\/2024\/07\/wp-header-logo-137.png",610,431,false],"newsium-medium":["https:\/\/radiofenix.com.ar\/2023\/wp-content\/uploads\/2024\/07\/wp-header-logo-137.png",610,431,false]},"author_info":{"info":[""]},"category_info":"<a href=\"https:\/\/radiofenix.com.ar\/2023\/category\/politica\/\" rel=\"category tag\">Pol\u00edtica<\/a>","tag_info":"Pol\u00edtica","comment_count":"0","_links":{"self":[{"href":"https:\/\/radiofenix.com.ar\/2023\/wp-json\/wp\/v2\/posts\/193997","targetHints":{"allow":["GET"]}}],"collection":[{"href":"https:\/\/radiofenix.com.ar\/2023\/wp-json\/wp\/v2\/posts"}],"about":[{"href":"https:\/\/radiofenix.com.ar\/2023\/wp-json\/wp\/v2\/types\/post"}],"replies":[{"embeddable":true,"href":"https:\/\/radiofenix.com.ar\/2023\/wp-json\/wp\/v2\/comments?post=193997"}],"version-history":[{"count":0,"href":"https:\/\/radiofenix.com.ar\/2023\/wp-json\/wp\/v2\/posts\/193997\/revisions"}],"wp:featuredmedia":[{"embeddable":true,"href":"https:\/\/radiofenix.com.ar\/2023\/wp-json\/wp\/v2\/media\/193998"}],"wp:attachment":[{"href":"https:\/\/radiofenix.com.ar\/2023\/wp-json\/wp\/v2\/media?parent=193997"}],"wp:term":[{"taxonomy":"category","embeddable":true,"href":"https:\/\/radiofenix.com.ar\/2023\/wp-json\/wp\/v2\/categories?post=193997"},{"taxonomy":"post_tag","embeddable":true,"href":"https:\/\/radiofenix.com.ar\/2023\/wp-json\/wp\/v2\/tags?post=193997"}],"curies":[{"name":"wp","href":"https:\/\/api.w.org\/{rel}","templated":true}]}}