{"id":194007,"date":"2024-07-19T08:57:45","date_gmt":"2024-07-19T08:57:45","guid":{"rendered":"https:\/\/radiofenix.com.ar\/2023\/javier-milei-apunto-contra-fausto-stoporno-y-teddy-karagozian-traidores\/"},"modified":"2024-07-19T08:57:45","modified_gmt":"2024-07-19T08:57:45","slug":"javier-milei-apunto-contra-fausto-stoporno-y-teddy-karagozian-traidores","status":"publish","type":"post","link":"https:\/\/radiofenix.com.ar\/2023\/javier-milei-apunto-contra-fausto-stoporno-y-teddy-karagozian-traidores\/","title":{"rendered":"Javier Milei apunt\u00f3 contra Fausto Stoporno y Teddy Karagozian: &quot;Traidores&quot;"},"content":{"rendered":"<div id=\"\">\n<p>\u00abOrigen de la traici\u00f3n. <strong>Uno traicion\u00f3 porque quer\u00eda afanarse informaci\u00f3n confidencial para hacer m\u00e1s rentable la consultor\u00eda. El otro lo hizo despu\u00e9s de fracasar en imponer su agenda prebendaria. Hay muchos analistas que son muy ingenuos y\/o intelectualmente muy deshonestos\u00bb<\/strong>, escribi\u00f3 Milei en su cuenta de X. Estas declaraciones se interpretaron como una referencia directa a Spotorno y Karagozian.<\/p>\n<div contenteditable=\"false\" class=\"embed_cont type_imagen\" id=\"7958627-Libre-558744497_wrap\">\n<p>image.png <span onclick=\"parent.parent.TinyMCETdcuerpo.preview_embed('7958627-Libre-558744497')\" class=\"embed_colapse less\" id=\"7958627-Libre-558744497_colapse\"\/>  <span onclick=\"parent.parent.TinyMCETdcuerpo.delete_embed('7958627-Libre-558744497')\" class=\"embed_delete less\" id=\"7958627-Libre-558744497_delete\"\/><\/p>\n<div id=\"7958627-Libre-558744497_content\" class=\"embed_content\"><img decoding=\"async\" src=\"https:\/\/media.minutouno.com\/p\/6fc4851b91beb56e254eeaeacd02e9fa\/adjuntos\/150\/imagenes\/041\/675\/0041675032\/610x0\/smart\/imagepng.png\" alt=\"\" title=\"\" width=\"610\" height=\"undefined\" id=\"7958627-Libre-558744497_embed\"\/><\/div>\n<\/p><\/div>\n<p>La publicaci\u00f3n de Milei gener\u00f3 una ola de apoyo entre sus seguidores en redes sociales, especialmente entre cuentas libertarias que suelen respaldar sus mensajes.<\/p>\n<p>Entre los comentarios de apoyo se destac\u00f3 el del periodista Marcelo Ducl\u00f3s, quien expres\u00f3 su falta de sorpresa ante los despidos, y el cineasta Santiago Or\u00eda, quien subray\u00f3 el compromiso total del gobierno con salvar al pa\u00eds y la necesidad de que todos sus miembros compartan ese objetivo.<\/p>\n<h2>Por qu\u00e9 Milei ech\u00f3 a Fausto Stoporno y Teddy Karagozian<\/h2>\n<p>El despido de Karagozian se produjo despu\u00e9s de que criticara el plan econ\u00f3mico del Gobierno y que advirtiera que \u00abel d\u00f3lar est\u00e1 atrasado\u00bb. Adem\u00e1s, en di\u00e1logo con <em>LN+<\/em>, se diferenci\u00f3 de Milei con respecto a su mirada sobre la situaci\u00f3n econ\u00f3mica del pa\u00eds.<\/p>\n<p><strong>\u00abHoy no veo una recuperaci\u00f3n econ\u00f3mica. Mi capacidad de imaginaci\u00f3n y la informaci\u00f3n que tengo yo es diferente a la que tiene el se\u00f1or Presidente\u00bb, <\/strong>expres\u00f3 el empresario textil en la entrevista que provoc\u00f3 su salida del Gobierno.<\/p>\n<p>Stoporno, por su parte, fue despedido por criticar la conferencia de prensa donde el ministro de Econom\u00eda <strong>Luis Caputo<\/strong> anunci\u00f3 el plan del Gobierno para \u00abir hacia la emisi\u00f3n cero\u00bb porque \u00abfue un tema muy t\u00e9cnico\u00bb y \u00ab<strong>el mercado esperaba algo m\u00e1s<\/strong>\u00ab, especialmente en relaci\u00f3n a la salida del cepo cambiario.<\/p>\n<div contenteditable=\"false\" class=\"embed_cont type_freetext\" rel=\"freetext\" id=\"embed70_wrap\">\n<p>Embed <span onclick=\"parent.parent.TinyMCETdcuerpo.preview_embed('embed70')\" class=\"embed_colapse less\" id=\"embed70_colapse\"\/>  <span onclick=\"parent.parent.TinyMCETdcuerpo.delete_embed('embed70')\" class=\"embed_delete less\" id=\"embed70_delete\"\/><\/p>\n<div id=\"embed70_content\" class=\"embed_content\">\n<div id=\"embed70_embed\">\n<figure class=\"figure\"><a href=\"https:\/\/t.me\/minutounocom\" target=\"_blank\" rel=\"noopener\"><img decoding=\"async\" src=\"https:\/\/media.minutouno.com\/adjuntos\/150\/banners\/039\/099\/0039099175.jpg\" class=\"figure-img img-fluid\" style=\"width:100%;height:auto;\"\/><\/a><\/figure>\n<\/div>\n<\/div><\/div>\n<\/p><\/div>\n<p><a href=\"https:\/\/www.minutouno.com\/politica\/javier-milei\/apunto-contra-fausto-stoporno-y-teddy-karagozian-traidores-n6034363\">source<\/a><\/p>\n","protected":false},"excerpt":{"rendered":"<p>\u00abOrigen de la traici\u00f3n. Uno traicion\u00f3 porque quer\u00eda afanarse informaci\u00f3n confidencial para hacer m\u00e1s rentable&#8230;<\/p>\n","protected":false},"author":0,"featured_media":194008,"comment_status":"open","ping_status":"open","sticky":false,"template":"","format":"standard","meta":{"footnotes":""},"categories":[2],"tags":[],"class_list":["post-194007","post","type-post","status-publish","format-standard","has-post-thumbnail","hentry","category-politica"],"featured_image_urls":{"full":["https:\/\/radiofenix.com.ar\/2023\/wp-content\/uploads\/2024\/07\/wp-header-logo-139.png",0,0,false],"thumbnail":["https:\/\/radiofenix.com.ar\/2023\/wp-content\/uploads\/2024\/07\/wp-header-logo-139.png",1,1,false],"medium":["https:\/\/radiofenix.com.ar\/2023\/wp-content\/uploads\/2024\/07\/wp-header-logo-139.png",1,1,false],"medium_large":["https:\/\/radiofenix.com.ar\/2023\/wp-content\/uploads\/2024\/07\/wp-header-logo-139.png",1,1,false],"large":["https:\/\/radiofenix.com.ar\/2023\/wp-content\/uploads\/2024\/07\/wp-header-logo-139.png",1,1,false],"1536x1536":["https:\/\/radiofenix.com.ar\/2023\/wp-content\/uploads\/2024\/07\/wp-header-logo-139.png",1,1,false],"2048x2048":["https:\/\/radiofenix.com.ar\/2023\/wp-content\/uploads\/2024\/07\/wp-header-logo-139.png",1,1,false],"newsium-slider-full":["https:\/\/radiofenix.com.ar\/2023\/wp-content\/uploads\/2024\/07\/wp-header-logo-139.png",1,1,false],"newsium-featured":["https:\/\/radiofenix.com.ar\/2023\/wp-content\/uploads\/2024\/07\/wp-header-logo-139.png",1,1,false],"newsium-medium":["https:\/\/radiofenix.com.ar\/2023\/wp-content\/uploads\/2024\/07\/wp-header-logo-139.png",1,1,false]},"author_info":{"info":[""]},"category_info":"<a href=\"https:\/\/radiofenix.com.ar\/2023\/category\/politica\/\" rel=\"category tag\">Pol\u00edtica<\/a>","tag_info":"Pol\u00edtica","comment_count":"0","_links":{"self":[{"href":"https:\/\/radiofenix.com.ar\/2023\/wp-json\/wp\/v2\/posts\/194007","targetHints":{"allow":["GET"]}}],"collection":[{"href":"https:\/\/radiofenix.com.ar\/2023\/wp-json\/wp\/v2\/posts"}],"about":[{"href":"https:\/\/radiofenix.com.ar\/2023\/wp-json\/wp\/v2\/types\/post"}],"replies":[{"embeddable":true,"href":"https:\/\/radiofenix.com.ar\/2023\/wp-json\/wp\/v2\/comments?post=194007"}],"version-history":[{"count":0,"href":"https:\/\/radiofenix.com.ar\/2023\/wp-json\/wp\/v2\/posts\/194007\/revisions"}],"wp:featuredmedia":[{"embeddable":true,"href":"https:\/\/radiofenix.com.ar\/2023\/wp-json\/wp\/v2\/media\/194008"}],"wp:attachment":[{"href":"https:\/\/radiofenix.com.ar\/2023\/wp-json\/wp\/v2\/media?parent=194007"}],"wp:term":[{"taxonomy":"category","embeddable":true,"href":"https:\/\/radiofenix.com.ar\/2023\/wp-json\/wp\/v2\/categories?post=194007"},{"taxonomy":"post_tag","embeddable":true,"href":"https:\/\/radiofenix.com.ar\/2023\/wp-json\/wp\/v2\/tags?post=194007"}],"curies":[{"name":"wp","href":"https:\/\/api.w.org\/{rel}","templated":true}]}}