{"id":194043,"date":"2024-07-22T08:58:29","date_gmt":"2024-07-22T08:58:29","guid":{"rendered":"https:\/\/radiofenix.com.ar\/2023\/la-bronca-de-axel-kicillof-ante-el-espectaculo-tragicomico-de-javier-milei-con-fantino\/"},"modified":"2024-07-22T08:58:29","modified_gmt":"2024-07-22T08:58:29","slug":"la-bronca-de-axel-kicillof-ante-el-espectaculo-tragicomico-de-javier-milei-con-fantino","status":"publish","type":"post","link":"https:\/\/radiofenix.com.ar\/2023\/la-bronca-de-axel-kicillof-ante-el-espectaculo-tragicomico-de-javier-milei-con-fantino\/","title":{"rendered":"La bronca de Axel Kicillof ante el &quot;espect\u00e1culo tragic\u00f3mico&quot; de Javier Milei con Fantino"},"content":{"rendered":"<div id=\"\">\n<p>\u201cEnoja y, a la vez, entristece escuchar al presidente abordar un tema tan importante de manera tan superficial y grosera. Y, adem\u00e1s, con tanta agresividad. <strong>No podemos naturalizar que quien conduce el Estado Nacional y representa a nuestro pa\u00eds se maneje con tanta irresponsabilidad<\/strong>. Porque mientras Javier Milei despliega este espect\u00e1culo tragic\u00f3mico, el desempleo sigue creciendo y la producci\u00f3n sigue cayendo\u201d, indic\u00f3 Kicillof en un posteo en X (antes Twitter).<\/p>\n<p>Acompa\u00f1ando el fragmento de la entrevista, el gobernador se\u00f1al\u00f3: \u201cLa construcci\u00f3n de <strong>la planta de GNL es una inversi\u00f3n muy importante tanto para nuestra provincia como para el pa\u00eds. Espero que YPF y Petronas manejen el tema con seriedad y profesionalismo<\/strong>, sin dejarse influenciar por los comentarios trasnochados que escupe a diario el presidente y que ya nos hicieron entrar en conflicto con nuestros socios comerciales m\u00e1s estrat\u00e9gicos como China, Brasil, Espa\u00f1a, Colombia y Francia\u201d.<\/p>\n<p>Adem\u00e1s advierte que \u201cseguir\u00e9 trabajando en favor de los intereses de la provincia que gobierno y en defensa de los derechos de los bonaerenses sin entrar en <strong>una rid\u00edcula competencia con una provincia hermana y sin caer en las provocaciones de un presidente que confunde al pa\u00eds con las redes sociales<\/strong>\u201d.<\/p>\n<p>Por \u00faltimo, Kicillof pone de manifiesto \u201cla bronca que me causa la improvisaci\u00f3n y los desequilibrios del presidente no va a debilitar ninguna de mis convicciones. En este marco, nuestra tarea es urgente: <strong>fortalecer un escudo y una red para proteger al pueblo bonaerense de las agresiones de Milei y contribuir a la construcci\u00f3n de una alternativa para la Argentina<\/strong>\u201d.<\/p>\n<div contenteditable=\"false\" class=\"embed_cont type_freetext\" rel=\"freetext\" id=\"embed5571_wrap\" data-provider=\"Twitter\">\n<p>Embed &#8211; https:\/\/publish.twitter.com\/oembed?url=https:\/\/x.com\/Kicillofok\/status\/1814784801917849976&amp;partner=&amp;hide_thread=false<span onclick=\"parent.parent.TinyMCETdcuerpo.preview_embed('embed5571')\" class=\"embed_colapse less\" id=\"embed5571_colapse\"\/><span onclick=\"parent.parent.TinyMCETdcuerpo.delete_embed('embed5571')\" class=\"embed_delete less\" id=\"embed5571_delete\"\/><\/p>\n<div id=\"embed5571_content\" class=\"embed_content\">\n<div id=\"embed5571_embed\">\n<blockquote data-td-script-src=\"https:\/\/platform.twitter.com\/widgets.js\" class=\"twitter-tweet\">\n<p dir=\"ltr\" lang=\"es\"> Enoja y, a la vez, entristece escuchar al presidente abordar un tema tan importante de manera tan superficial y grosera. Y, adem\u00e1s, con tanta agresividad. No podemos naturalizar que quien conduce el Estado Nacional y representa a nuestro pa\u00eds se maneje con tanta\u2026 <a href=\"https:\/\/t.co\/6kAjc4DiFi\">pic.twitter.com\/6kAjc4DiFi<\/a><\/p>\n<p> \u2014 Axel Kicillof (@Kicillofok) <a href=\"https:\/\/twitter.com\/Kicillofok\/status\/1814784801917849976?ref_src=twsrc%5Etfw\">July 20, 2024<\/a><\/p><\/blockquote>\n<\/div><\/div>\n<\/p><\/div>\n<div contenteditable=\"false\" class=\"embed_cont type_freetext\" rel=\"freetext\" id=\"embed0_wrap\">\n<p> Embed <span onclick=\"parent.parent.TinyMCETdcuerpo.preview_embed('embed0')\" class=\"embed_colapse less\" id=\"embed0_colapse\"\/> <span onclick=\"parent.parent.TinyMCETdcuerpo.delete_embed('embed0')\" class=\"embed_delete less\" id=\"embed0_delete\"\/><\/p>\n<div id=\"embed0_content\" class=\"embed_content\">\n<div id=\"embed0_embed\">\n<figure class=\"figure\"><a href=\"https:\/\/t.me\/minutounocom\" target=\"_blank\" rel=\"noopener\"><img decoding=\"async\" src=\"https:\/\/media.minutouno.com\/adjuntos\/150\/banners\/039\/099\/0039099175.jpg\" class=\"figure-img img-fluid\" style=\"width:100%;height:auto;\"\/><\/a><\/figure>\n<\/div>\n<\/div><\/div>\n<\/p><\/div>\n<p><a href=\"https:\/\/www.minutouno.com\/politica\/axel-kicillof\/la-bronca-el-espectaculo-tragicomico-javier-milei-fantino-n6035495\">source<\/a><\/p>\n","protected":false},"excerpt":{"rendered":"<p>\u201cEnoja y, a la vez, entristece escuchar al presidente abordar un tema tan importante de&#8230;<\/p>\n","protected":false},"author":0,"featured_media":194044,"comment_status":"open","ping_status":"open","sticky":false,"template":"","format":"standard","meta":{"footnotes":""},"categories":[2],"tags":[],"class_list":["post-194043","post","type-post","status-publish","format-standard","has-post-thumbnail","hentry","category-politica"],"featured_image_urls":{"full":["https:\/\/radiofenix.com.ar\/2023\/wp-content\/uploads\/2024\/07\/wp-header-logo-139.png",0,0,false],"thumbnail":["https:\/\/radiofenix.com.ar\/2023\/wp-content\/uploads\/2024\/07\/wp-header-logo-139.png",1,1,false],"medium":["https:\/\/radiofenix.com.ar\/2023\/wp-content\/uploads\/2024\/07\/wp-header-logo-139.png",1,1,false],"medium_large":["https:\/\/radiofenix.com.ar\/2023\/wp-content\/uploads\/2024\/07\/wp-header-logo-139.png",1,1,false],"large":["https:\/\/radiofenix.com.ar\/2023\/wp-content\/uploads\/2024\/07\/wp-header-logo-139.png",1,1,false],"1536x1536":["https:\/\/radiofenix.com.ar\/2023\/wp-content\/uploads\/2024\/07\/wp-header-logo-139.png",1,1,false],"2048x2048":["https:\/\/radiofenix.com.ar\/2023\/wp-content\/uploads\/2024\/07\/wp-header-logo-139.png",1,1,false],"newsium-slider-full":["https:\/\/radiofenix.com.ar\/2023\/wp-content\/uploads\/2024\/07\/wp-header-logo-139.png",1,1,false],"newsium-featured":["https:\/\/radiofenix.com.ar\/2023\/wp-content\/uploads\/2024\/07\/wp-header-logo-139.png",1,1,false],"newsium-medium":["https:\/\/radiofenix.com.ar\/2023\/wp-content\/uploads\/2024\/07\/wp-header-logo-139.png",1,1,false]},"author_info":{"info":[""]},"category_info":"<a href=\"https:\/\/radiofenix.com.ar\/2023\/category\/politica\/\" rel=\"category tag\">Pol\u00edtica<\/a>","tag_info":"Pol\u00edtica","comment_count":"0","_links":{"self":[{"href":"https:\/\/radiofenix.com.ar\/2023\/wp-json\/wp\/v2\/posts\/194043","targetHints":{"allow":["GET"]}}],"collection":[{"href":"https:\/\/radiofenix.com.ar\/2023\/wp-json\/wp\/v2\/posts"}],"about":[{"href":"https:\/\/radiofenix.com.ar\/2023\/wp-json\/wp\/v2\/types\/post"}],"replies":[{"embeddable":true,"href":"https:\/\/radiofenix.com.ar\/2023\/wp-json\/wp\/v2\/comments?post=194043"}],"version-history":[{"count":0,"href":"https:\/\/radiofenix.com.ar\/2023\/wp-json\/wp\/v2\/posts\/194043\/revisions"}],"wp:featuredmedia":[{"embeddable":true,"href":"https:\/\/radiofenix.com.ar\/2023\/wp-json\/wp\/v2\/media\/194044"}],"wp:attachment":[{"href":"https:\/\/radiofenix.com.ar\/2023\/wp-json\/wp\/v2\/media?parent=194043"}],"wp:term":[{"taxonomy":"category","embeddable":true,"href":"https:\/\/radiofenix.com.ar\/2023\/wp-json\/wp\/v2\/categories?post=194043"},{"taxonomy":"post_tag","embeddable":true,"href":"https:\/\/radiofenix.com.ar\/2023\/wp-json\/wp\/v2\/tags?post=194043"}],"curies":[{"name":"wp","href":"https:\/\/api.w.org\/{rel}","templated":true}]}}