{"id":194065,"date":"2024-07-24T08:58:02","date_gmt":"2024-07-24T08:58:02","guid":{"rendered":"https:\/\/radiofenix.com.ar\/2023\/acusan-a-israel-de-cometer-crimenes-de-guerra-contra-presos-palestinos\/"},"modified":"2024-07-24T08:58:02","modified_gmt":"2024-07-24T08:58:02","slug":"acusan-a-israel-de-cometer-crimenes-de-guerra-contra-presos-palestinos","status":"publish","type":"post","link":"https:\/\/radiofenix.com.ar\/2023\/acusan-a-israel-de-cometer-crimenes-de-guerra-contra-presos-palestinos\/","title":{"rendered":"Acusan a Israel de cometer cr\u00edmenes de guerra contra presos palestinos"},"content":{"rendered":"<div>\n<p><b>Israel est\u00e1 cometiendo cr\u00edmenes de guerra contra los presos palestinos, incluidos ni\u00f1os, al someterlos a <a href=\"https:\/\/www.pagina12.com.ar\/752927-israel-libero-a-14-presos-palestinos-que-denunciaron-tortura\">violencia sexual y tratos inhumanos<\/a><\/b>, denunci\u00f3 este martes <b><a href=\"https:\/\/www.pagina12.com.ar\/752915-human-rights-watch-denuncio-crimenes-de-guerra-de-hamas-en-e\">Human Rights Watch (HRW)<\/a><\/b>, bas\u00e1ndose en im\u00e1genes tomadas y publicadas por los\u00a0 propios soldados y activistas israel\u00edes.\u00a0En medio de una crisis humanitaria sin precedentes, la <b>Organizaci\u00f3n Mundial de la Salud (OMS) <\/b>declar\u00f3 estar <b>\u00abmuy preocupada\u00bb por posibles epidemias en la Franja de Gaza<\/b>, en particular despu\u00e9s de haber aislado en muestras de aguas residuales el <b>poliovirus tipo 2<\/b>, derivado de una cepa vacunal.<\/p>\n<h2>\u00abIm\u00e1genes y videos deshumanizantes\u00bb<\/h2>\n<p>En un comunicado <b>Balkees Jarrah<\/b>, directora interina para Medio Oriente de HRW, denunci\u00f3 que \u00abdurante meses, <b>las autoridades israel\u00edes hicieron la vista gorda cuando miembros de su Ej\u00e9rcito publicaron im\u00e1genes y videos deshumanizantes de palestinos bajo su custodia<\/b>\u00ab. Muchos detenidos esposados, con los ojos vendados y a veces heridos, fueron desnudados y luego fotografiados o filmados. Esas im\u00e1genes fueron publicadas con leyendas humillantes escritas por soldados, periodistas o activistas israel\u00edes, asegura la organizaci\u00f3n con sede en Nueva York, que analiz\u00f3 37 de las publicaciones.<\/p>\n<div class=\"iframely-embed medium-embedded-content\" data-html=\"Jmx0O2Jsb2NrcXVvdGUgY2xhc3M9InR3aXR0ZXItdHdlZXQiIGRhdGEtZG50PSJ0cnVlIiBhbGlnbj0iY2VudGVyIiZndDsmbHQ7cCBsYW5nPSJlbiIgZGlyPSJsdHIiJmd0O05FVzogSXNyYWVsaSBmb3JjZXMgaGF2ZSBiZWVuIHB1Ymxpc2hpbmcgZGVncmFkaW5nIHBob3RvZ3JhcGhzIGFuZCB2aWRlb3Mgb2YgZGV0YWluZWQgUGFsZXN0aW5pYW5zLCBpbmNsdWRpbmcgY2hpbGRyZW4sIGEgZm9ybSBvZiBpbmh1bWFuZSB0cmVhdG1lbnQgYW5kIGFuIG91dHJhZ2Ugb24gdGhlaXIgcGVyc29uYWwgZGlnbml0eS4gVGhlc2UgYWN0cyBhbW91bnQgdG8gd2FyIGNyaW1lcy4mbHQ7YnImZ3Q7Jmx0O2JyJmd0O1JlYWQgbW9yZTogJmx0O2EgaHJlZj0iaHR0cHM6Ly90LmNvL0ZZSkk3MU96QjgiJmd0O2h0dHBzOi8vdC5jby9GWUpJNzFPekI4Jmx0Oy9hJmd0OyAmbHQ7YSBocmVmPSJodHRwczovL3QuY28vempNbjZFZFBpWSImZ3Q7cGljLnR3aXR0ZXIuY29tL3pqTW42RWRQaVkmbHQ7L2EmZ3Q7Jmx0Oy9wJmd0OyZhbXA7bWRhc2g7IEh1bWFuIFJpZ2h0cyBXYXRjaCAoQGhydykgJmx0O2EgaHJlZj0iaHR0cHM6Ly90d2l0dGVyLmNvbS9ocncvc3RhdHVzLzE4MTU2MzU0ODM2MDAyMjg2Mzk\/cmVmX3NyYz10d3NyYyU1RXRmdyImZ3Q7SnVseSAyMywgMjAyNCZsdDsvYSZndDsmbHQ7L2Jsb2NrcXVvdGUmZ3Q7CiZsdDtzY3JpcHQgYXN5bmMgc3JjPSJodHRwczovL3BsYXRmb3JtLnR3aXR0ZXIuY29tL3dpZGdldHMuanMiIGNoYXJzZXQ9InV0Zi04IiZndDsmbHQ7L3NjcmlwdCZndDsKCiZsdDtkaXYgY2xhc3M9Im1lZGl1bS1pbnNlcnQtZW1iZWRzLW1ldGEiJmd0OyZsdDtzY3JpcHQgdHlwZT0idGV4dC9qc29uIiZndDt7InVybCI6Imh0dHBzOi8vdHdpdHRlci5jb20vaHJ3L3N0YXR1cy8xODE1NjM1NDgzNjAwMjI4NjM5IiwidHlwZSI6InJpY2giLCJ2ZXJzaW9uIjoiMS4wIiwidGl0bGUiOiJIdW1hbiBSaWdodHMgV2F0Y2ggb24gVHdpdHRlciAvIFgiLCJhdXRob3IiOiJIdW1hbiBSaWdodHMgV2F0Y2giLCJhdXRob3JfdXJsIjoiaHR0cHM6Ly90d2l0dGVyLmNvbS9ocnciLCJwcm92aWRlcl9uYW1lIjoiVHdpdHRlciIsImRlc2NyaXB0aW9uIjoiTkVXOiBJc3JhZWxpIGZvcmNlcyBoYXZlIGJlZW4gcHVibGlzaGluZyBkZWdyYWRpbmcgcGhvdG9ncmFwaHMgYW5kIHZpZGVvcyBvZiBkZXRhaW5lZCBQYWxlc3RpbmlhbnMsIGluY2x1ZGluZyBjaGlsZHJlbiwgYSBmb3JtIG9mIGluaHVtYW5lIHRyZWF0bWVudCBhbmQgYW4gb3V0cmFnZSBvbiB0aGVpciBwZXJzb25hbCBkaWduaXR5LiBUaGVzZSBhY3RzIGFtb3VudCB0byB3YXIgY3JpbWVzLlJlYWQgbW9yZTogaHR0cHM6Ly90LmNvL0ZZSkk3MU96QjggcGljLnR3aXR0ZXIuY29tL3pqTW42RWRQaVnigJQgSHVtYW4gUmlnaHRzIFdhdGNoIChAaHJ3KSBKdWx5IDIzLCAyMDI0XG5cblxuIiwiY2FjaGVfYWdlIjo4NjQwMCwib3B0aW9ucyI6eyJfaGlkZV9tZWRpYSI6eyJsYWJlbCI6IkhpZGUgcGhvdG9zLCB2aWRlb3MsIGFuZCBjYXJkcyIsInZhbHVlIjpmYWxzZX0sIl90aGVtZSI6eyJ2YWx1ZSI6IiIsInZhbHVlcyI6eyJkYXJrIjoiVXNlIGRhcmsgdGhlbWUifX0sIl9tYXh3aWR0aCI6eyJ2YWx1ZSI6IiIsImxhYmVsIjoiQWRqdXN0IHdpZHRoIiwicGxhY2Vob2xkZXIiOiIyMjAtNTUwLCBpbiBweCJ9fX0mbHQ7L3NjcmlwdCZndDsmbHQ7L2RpdiZndDs=\">\n<a data-iframely-url=\"\" href=\"https:\/\/twitter.com\/hrw\/status\/1815635483600228639\">https:\/\/twitter.com\/hrw\/status\/1815635483600228639<\/a>\n<\/div>\n<p><b>\u00abLa desnudez forzada seguida de capturar y compartir im\u00e1genes sexualizadas en las redes sociales es una forma de violencia sexual y tambi\u00e9n un crimen de guerra\u00bb<\/b>, remarca\u00a0<b>HRW<\/b>. Seg\u00fan la organizaci\u00f3n, algunos oficiales militares israel\u00edes denunciaron p\u00fablicamente a algunos de sus miembros por publicar im\u00e1genes de los detenidos, pero el gobierno no conden\u00f3 p\u00fablicamente el trato a los detenidos y las autoridades judiciales no anunciaron ning\u00fan procesamiento.<\/p>\n<p> Desde que estall\u00f3 la guerra entre Israel y el grupo islamista Hamas el 7 de octubre de 2023, <b>miles de palestinos principalmente de Gaza fueron arrestados en el centro de detenci\u00f3n Sde Teiman<\/b>, ubicado en el sure\u00f1o desierto del N\u00e9guev. En esa c\u00e1rcel las autoridades israel\u00edes practican torturas, palizas y agresiones sexuales en zonas sin c\u00e1maras de seguridad contra palestinos, muchos de ellos presos sin tener cargos formales en su contra, seg\u00fan denuncias de la ONG M\u00e9dicos por los Derechos Humanos de Israel y de Amnist\u00eda Internacional.<\/p>\n<p><b>Al menos 36 palestinos murieron mientras estaban presos en Sde Teiman y unos 124 de ellos siguen en ese lugar<\/b>, seg\u00fan medios israel\u00edes, a pesar de que el fiscal general pidi\u00f3 que los presos fueran trasladados. Los Convenios de Ginebra exigen que toda persona que se encuentre bajo custodia de una parte en conflicto \u00abdeber\u00e1 ser tratada humanamente\u00bb y proh\u00edbe los \u00abatentados a la dignidad personal\u00bb, por lo que las violaciones a estas normas constituyen \u00abcr\u00edmenes de guerra\u00bb, recuerda\u00a0HRW.<\/p>\n<p><b>La Corte Penal Internacional est\u00e1 considerando emitir \u00f3rdenes de detenci\u00f3n contra el primer ministro israel\u00ed, Benjamin Netanyahu, y su ministro de Defensa, Yoav Gallant<\/b>, por cr\u00edmenes de guerra y lesa humanidad en territorio palestino durante la guerra, que est\u00e1 dejando m\u00e1s de 39 mil muertos, unos 90 mil heridos y 1,9 millones de desplazados en la Franja de Gaza. La guerra estall\u00f3 tras un ataque de Hamas contra Israel que dej\u00f3 unos 1.200 muertos (m\u00e1s de 800 civiles) y 251 secuestrados.\u00a0\u00a0<\/p>\n<h2>\u00abAlto riesgo de propagaci\u00f3n\u00bb de la polio<\/h2>\n<p>Mientras tanto la <b>OMS <\/b>expres\u00f3 este martes su preocupacion ante un posible brote de polio en Gaza tras detectar poliovirus de origen vacunal de tipo 2 (VDPV2, por sus siglas en ingl\u00e9s) en seis muestras ambientales tomadas en la Franja. La agencia sanitaria de la ONU asegur\u00f3 que existe un \u00abalto riesgo de propagaci\u00f3n\u00bb de este brote dentro de Gaza y a nivel internacional si no se act\u00faa de forma \u00abr\u00e1pida y \u00f3ptima\u00bb.\u00a0<\/p>\n<p>El jefe de los servicios de emergencia de la OMS en los Territorios Palestinos Ocupados, <b>Ayadil Saberkov<\/b>, asegur\u00f3 que la organizaci\u00f3n ya est\u00e1 desarrollando una investigaci\u00f3n epidemiol\u00f3gica y una evaluaci\u00f3n de riesgos sobre el terreno para identificar la fuente del poliovirus detectado.\u00a0<b>La poliomielitis es una enfermedad muy contagiosa<\/b> provocada por el poliovirus, que <b>invade el sistema nervioso y puede causar par\u00e1lisis irreversibles<\/b> en pocas horas.<\/p>\n<p>Consultado por la situaci\u00f3n sanitaria en la Franja, Saberkov reconoci\u00f3 que la implementaci\u00f3n de estas medidas ser\u00e1 muy dif\u00edcil debido a la casi paralizaci\u00f3n total del sistema sanitario gazat\u00ed y\u00a0la falta de agua y saneamiento. El funcionario de la OMS asegur\u00f3 estar <b>\u00abmuy preocupado\u00bb<\/b> no s\u00f3lo por un posible brote de polio, sino tambi\u00e9n <b>\u00abpor los diferentes brotes de enfermedades transmisibles que puedan producirse en Gaza\u00bb<\/b>.<\/p>\n<h2>El hospital Nasser, desbordado<\/h2>\n<p><b>M\u00e9dicos Sin Fronteras (MSF) <\/b>denunci\u00f3 este martes que la llegada de m\u00e1s de un centenar de heridos al hospital Nasser, el m\u00e1s importante de la zona, desbord\u00f3 completamente el centro.\u00a0<b>Ahmad Abu Warda<\/b>, responsable de actividades m\u00e9dicas de MSF, explic\u00f3 desde el lugar: \u00ab<b>La situaci\u00f3n en el hospital es catastr\u00f3fica y el flujo de pacientes no ha parado desde la ma\u00f1ana<\/b>. Llegan familias enteras, ya sea muertas o heridas. Estamos intentando priorizar qui\u00e9n va al quir\u00f3fano\u00bb.<\/p>\n<p>Javid Abdelmoneim, responsable del equipo m\u00e9dico del grupo, dijo que \u00abno queda nada despu\u00e9s del Nasser. Si tenemos que cerrar este hospital, no habr\u00e1 ning\u00fan sitio para los 400 o 600 pacientes que pueden ser atendidos aqu\u00ed\u00bb. A Jan Yunis huyeron hace m\u00e1s de dos meses miles de desplazados palestinos desde Rafah, la ciudad m\u00e1s al sur de la Franja, tras el comienzo de una criticada ofensiva militar que oblig\u00f3 a cerrar el paso fronterizo hacia Egipto, por donde entraba gran parte de la ayuda humanitaria.<\/p>\n<div class=\"iframely-embed medium-embedded-content\" data-html=\"Jmx0O2Jsb2NrcXVvdGUgY2xhc3M9InR3aXR0ZXItdHdlZXQiIGRhdGEtZG50PSJ0cnVlIiBhbGlnbj0iY2VudGVyIiZndDsmbHQ7cCBsYW5nPSJlbiIgZGlyPSJsdHIiJmd0O0luIHRoZSBsYXN0IGZldyB3ZWVrcyBvdXIgdGVhbXMgaGF2ZSByZXNwb25kZWQgdG8gZm91ciBtYXNzIGNhc3VhbHR5IGluY2lkZW50cyBpbiBHYXphLiBXaXRoIGVhY2ggYXR0YWNrLCBtZWRpY2FsIHN0YWZmIGZhY2UgdW5iZWFyYWJsZSBwcmVzc3VyZSBpbiBhIGhlYWx0aCBzeXN0ZW0gc3RyZXRjaGVkIHRvIGl0cyBsaW1pdHMuICZsdDthIGhyZWY9Imh0dHBzOi8vdC5jby9HbTZOaUdHdGREIiZndDtwaWMudHdpdHRlci5jb20vR202TmlHR3RkRCZsdDsvYSZndDsmbHQ7L3AmZ3Q7JmFtcDttZGFzaDsgTVNGIEludGVybmF0aW9uYWwgKEBNU0YpICZsdDthIGhyZWY9Imh0dHBzOi8vdHdpdHRlci5jb20vTVNGL3N0YXR1cy8xODE1NzU0MzM3NDI5MjAxMzYzP3JlZl9zcmM9dHdzcmMlNUV0ZnciJmd0O0p1bHkgMjMsIDIwMjQmbHQ7L2EmZ3Q7Jmx0Oy9ibG9ja3F1b3RlJmd0OwombHQ7c2NyaXB0IGFzeW5jIHNyYz0iaHR0cHM6Ly9wbGF0Zm9ybS50d2l0dGVyLmNvbS93aWRnZXRzLmpzIiBjaGFyc2V0PSJ1dGYtOCImZ3Q7Jmx0Oy9zY3JpcHQmZ3Q7CgombHQ7ZGl2IGNsYXNzPSJtZWRpdW0taW5zZXJ0LWVtYmVkcy1tZXRhIiZndDsmbHQ7c2NyaXB0IHR5cGU9InRleHQvanNvbiImZ3Q7eyJ1cmwiOiJodHRwczovL3R3aXR0ZXIuY29tL01TRi9zdGF0dXMvMTgxNTc1NDMzNzQyOTIwMTM2MyIsInR5cGUiOiJyaWNoIiwidmVyc2lvbiI6IjEuMCIsInRpdGxlIjoiTVNGIEludGVybmF0aW9uYWwgb24gVHdpdHRlciAvIFgiLCJhdXRob3IiOiJNU0YgSW50ZXJuYXRpb25hbCIsImF1dGhvcl91cmwiOiJodHRwczovL3R3aXR0ZXIuY29tL01TRiIsInByb3ZpZGVyX25hbWUiOiJUd2l0dGVyIiwiZGVzY3JpcHRpb24iOiJJbiB0aGUgbGFzdCBmZXcgd2Vla3Mgb3VyIHRlYW1zIGhhdmUgcmVzcG9uZGVkIHRvIGZvdXIgbWFzcyBjYXN1YWx0eSBpbmNpZGVudHMgaW4gR2F6YS4gV2l0aCBlYWNoIGF0dGFjaywgbWVkaWNhbCBzdGFmZiBmYWNlIHVuYmVhcmFibGUgcHJlc3N1cmUgaW4gYSBoZWFsdGggc3lzdGVtIHN0cmV0Y2hlZCB0byBpdHMgbGltaXRzLiBwaWMudHdpdHRlci5jb20vR202TmlHR3RkROKAlCBNU0YgSW50ZXJuYXRpb25hbCAoQE1TRikgSnVseSAyMywgMjAyNFxuXG5cbiIsImNhY2hlX2FnZSI6ODY0MDAsIm9wdGlvbnMiOnsiX2hpZGVfbWVkaWEiOnsibGFiZWwiOiJIaWRlIHBob3RvcywgdmlkZW9zLCBhbmQgY2FyZHMiLCJ2YWx1ZSI6ZmFsc2V9LCJfdGhlbWUiOnsidmFsdWUiOiIiLCJ2YWx1ZXMiOnsiZGFyayI6IlVzZSBkYXJrIHRoZW1lIn19LCJfbWF4d2lkdGgiOnsidmFsdWUiOiIiLCJsYWJlbCI6IkFkanVzdCB3aWR0aCIsInBsYWNlaG9sZGVyIjoiMjIwLTU1MCwgaW4gcHgifX19Jmx0Oy9zY3JpcHQmZ3Q7Jmx0Oy9kaXYmZ3Q7\">\n<a data-iframely-url=\"\" href=\"https:\/\/twitter.com\/MSF\/status\/1815754337429201363\">https:\/\/twitter.com\/MSF\/status\/1815754337429201363<\/a>\n<\/div>\n<h2>M\u00e1s muertos en el sur de Gaza<\/h2>\n<p><b>El Ej\u00e9rcito israel\u00ed mantiene la presi\u00f3n en el norte, centro y sur de la Franja<\/b>. En las \u00faltimas 24 horas los militares israel\u00edes llevaron a cabo al menos 130 incursiones o bombardeos en el este de la ciudad sure\u00f1a de Jan Yunis, donde miles de gazat\u00edes hab\u00edan llegado en estos \u00faltimos dos meses luego de escapar del asedio a Rafah. La agencia de la ONU para los refugiados palestinos (<b>Unrwa<\/b>) denunci\u00f3 que, <b>desde el estallido de la guerra, m\u00e1s del 80 por ciento de la poblaci\u00f3n del enclave est\u00e1 bajo \u00f3rdenes de evacuaci\u00f3n<\/b> o en lugares designados como zonas prohibidas.<\/p>\n<p>El Ej\u00e9rcito israel\u00ed asegur\u00f3 que los bombardeos contra Jan Yunis afectaron a \u00abalmacenes de municiones, puestos de observaci\u00f3n, edificios utilizados por los milicianos de Hamas y una ruta de la red de t\u00faneles\u00bb de los islamistas en el \u00e1rea. Seg\u00fan la agencia de noticias palestina\u00a0Wafa, una serie de ataques contra viviendas en el campamento de refugiados de Yabalia, en el norte de la Franja, dejaron cuatro muertos y varios heridos. Adem\u00e1s otros ocho palestinos murieron por bombardeos israel\u00edes contra una casa en el barrio de Sabra, al sur de la ciudad de Gaza.<\/p>\n<div class=\"iframely-embed medium-embedded-content\" data-html=\"Jmx0O2Jsb2NrcXVvdGUgY2xhc3M9InR3aXR0ZXItdHdlZXQiIGRhdGEtZG50PSJ0cnVlIiBhbGlnbj0iY2VudGVyIiZndDsmbHQ7cCBsYW5nPSJlcyIgZGlyPSJsdHIiJmd0O0VsIGF0YXF1ZSBkZSBsYXMgZnVlcnphcyBkZSBvY3VwYWNpw7NuIGlzcmFlbMOtZXMgYWwgZXN0ZSBkZSBLaGFuIFlvdW5pcyBoYSBvYmxpZ2FkbyBhIG1pbGVzIGRlIHBhbGVzdGlub3MgYSBodWlyIGRlIHN1cyBob2dhcmVzIGVuIG1lZGlvIGRlIGluY2VzYW50ZXMgYm9tYmFyZGVvcywgcXVlIGhhbiBwcm92b2NhZG8gZWwgYXNlc2luYXRvIGRlIGFsIG1lbm9zIDgwIHBhbGVzdGlub3MgeSBjaWVudG9zIGRlIGhlcmlkb3MgbWllbnRyYXMgYnVzY2FiYW4gc2VndXJpZGFkLiAmbHQ7YSBocmVmPSJodHRwczovL3QuY28vTlRiZHpBZkw2biImZ3Q7cGljLnR3aXR0ZXIuY29tL05UYmR6QWZMNm4mbHQ7L2EmZ3Q7Jmx0Oy9wJmd0OyZhbXA7bWRhc2g7IFBhbGVzdGluYSBIb3kgKEBIb3lQYWxlc3RpbmEpICZsdDthIGhyZWY9Imh0dHBzOi8vdHdpdHRlci5jb20vSG95UGFsZXN0aW5hL3N0YXR1cy8xODE1Nzk4ODA0MDE0MDM5NDcxP3JlZl9zcmM9dHdzcmMlNUV0ZnciJmd0O0p1bHkgMjMsIDIwMjQmbHQ7L2EmZ3Q7Jmx0Oy9ibG9ja3F1b3RlJmd0OwombHQ7c2NyaXB0IGFzeW5jIHNyYz0iaHR0cHM6Ly9wbGF0Zm9ybS50d2l0dGVyLmNvbS93aWRnZXRzLmpzIiBjaGFyc2V0PSJ1dGYtOCImZ3Q7Jmx0Oy9zY3JpcHQmZ3Q7CgombHQ7ZGl2IGNsYXNzPSJtZWRpdW0taW5zZXJ0LWVtYmVkcy1tZXRhIiZndDsmbHQ7c2NyaXB0IHR5cGU9InRleHQvanNvbiImZ3Q7eyJ1cmwiOiJodHRwczovL3R3aXR0ZXIuY29tL0hveVBhbGVzdGluYS9zdGF0dXMvMTgxNTc5ODgwNDAxNDAzOTQ3MSIsInR5cGUiOiJyaWNoIiwidmVyc2lvbiI6IjEuMCIsInRpdGxlIjoiUGFsZXN0aW5hIEhveSBvbiBUd2l0dGVyIC8gWCIsImF1dGhvciI6IlBhbGVzdGluYSBIb3kiLCJhdXRob3JfdXJsIjoiaHR0cHM6Ly90d2l0dGVyLmNvbS9Ib3lQYWxlc3RpbmEiLCJwcm92aWRlcl9uYW1lIjoiVHdpdHRlciIsImRlc2NyaXB0aW9uIjoiRWwgYXRhcXVlIGRlIGxhcyBmdWVyemFzIGRlIG9jdXBhY2nDs24gaXNyYWVsw61lcyBhbCBlc3RlIGRlIEtoYW4gWW91bmlzIGhhIG9ibGlnYWRvIGEgbWlsZXMgZGUgcGFsZXN0aW5vcyBhIGh1aXIgZGUgc3VzIGhvZ2FyZXMgZW4gbWVkaW8gZGUgaW5jZXNhbnRlcyBib21iYXJkZW9zLCBxdWUgaGFuIHByb3ZvY2FkbyBlbCBhc2VzaW5hdG8gZGUgYWwgbWVub3MgODAgcGFsZXN0aW5vcyB5IGNpZW50b3MgZGUgaGVyaWRvcyBtaWVudHJhcyBidXNjYWJhbiBzZWd1cmlkYWQuIHBpYy50d2l0dGVyLmNvbS9OVGJkekFmTDZu4oCUIFBhbGVzdGluYSBIb3kgKEBIb3lQYWxlc3RpbmEpIEp1bHkgMjMsIDIwMjRcblxuXG4iLCJjYWNoZV9hZ2UiOjg2NDAwLCJvcHRpb25zIjp7Il9oaWRlX21lZGlhIjp7ImxhYmVsIjoiSGlkZSBwaG90b3MsIHZpZGVvcywgYW5kIGNhcmRzIiwidmFsdWUiOmZhbHNlfSwiX3RoZW1lIjp7InZhbHVlIjoiIiwidmFsdWVzIjp7ImRhcmsiOiJVc2UgZGFyayB0aGVtZSJ9fSwiX21heHdpZHRoIjp7InZhbHVlIjoiIiwibGFiZWwiOiJBZGp1c3Qgd2lkdGgiLCJwbGFjZWhvbGRlciI6IjIyMC01NTAsIGluIHB4In19fSZsdDsvc2NyaXB0Jmd0OyZsdDsvZGl2Jmd0Ow==\">\n<a data-iframely-url=\"\" href=\"https:\/\/twitter.com\/HoyPalestina\/status\/1815798804014039471\">https:\/\/twitter.com\/HoyPalestina\/status\/1815798804014039471<\/a>\n<\/div>\n<p>Los bombardeos se producen con el primer ministro israel\u00ed, Benjamin Netanyahu, visitando Washington, donde el mi\u00e9rcoles pronunciar\u00e1 un discurso ante el Congreso. El mandatario israel\u00ed consider\u00f3, al dejar Israel, que se trata de un \u00abviaje muy importante\u00bb, en un momento de \u00abgran incertidumbre pol\u00edtica\u00bb por la decisi\u00f3n del presidente dem\u00f3crata Joe Biden de no presentarse a su reelecci\u00f3n en los comicios de noviembre. Ambos dirigentes se reunir\u00e1n el jueves, seg\u00fan informaron funcionarios estadounidenses.\u00a0<\/p>\n<\/div>\n<p><script async src=\"\/\/platform.twitter.com\/widgets.js\" charset=\"utf-8\"><\/script><br \/><a href=\"https:\/\/www.pagina12.com.ar\/754370-acusan-a-israel-de-cometer-crimenes-de-guerra-contra-presos-\">source<\/a><\/p>\n","protected":false},"excerpt":{"rendered":"<p>Israel est\u00e1 cometiendo cr\u00edmenes de guerra contra los presos palestinos, incluidos ni\u00f1os, al someterlos a&#8230;<\/p>\n","protected":false},"author":0,"featured_media":194066,"comment_status":"open","ping_status":"open","sticky":false,"template":"","format":"standard","meta":{"footnotes":""},"categories":[60],"tags":[],"class_list":["post-194065","post","type-post","status-publish","format-standard","has-post-thumbnail","hentry","category-internacional"],"featured_image_urls":{"full":["https:\/\/radiofenix.com.ar\/2023\/wp-content\/uploads\/2024\/07\/wp-header-logo-139.png",0,0,false],"thumbnail":["https:\/\/radiofenix.com.ar\/2023\/wp-content\/uploads\/2024\/07\/wp-header-logo-139.png",1,1,false],"medium":["https:\/\/radiofenix.com.ar\/2023\/wp-content\/uploads\/2024\/07\/wp-header-logo-139.png",1,1,false],"medium_large":["https:\/\/radiofenix.com.ar\/2023\/wp-content\/uploads\/2024\/07\/wp-header-logo-139.png",1,1,false],"large":["https:\/\/radiofenix.com.ar\/2023\/wp-content\/uploads\/2024\/07\/wp-header-logo-139.png",1,1,false],"1536x1536":["https:\/\/radiofenix.com.ar\/2023\/wp-content\/uploads\/2024\/07\/wp-header-logo-139.png",1,1,false],"2048x2048":["https:\/\/radiofenix.com.ar\/2023\/wp-content\/uploads\/2024\/07\/wp-header-logo-139.png",1,1,false],"newsium-slider-full":["https:\/\/radiofenix.com.ar\/2023\/wp-content\/uploads\/2024\/07\/wp-header-logo-139.png",1,1,false],"newsium-featured":["https:\/\/radiofenix.com.ar\/2023\/wp-content\/uploads\/2024\/07\/wp-header-logo-139.png",1,1,false],"newsium-medium":["https:\/\/radiofenix.com.ar\/2023\/wp-content\/uploads\/2024\/07\/wp-header-logo-139.png",1,1,false]},"author_info":{"info":[""]},"category_info":"<a href=\"https:\/\/radiofenix.com.ar\/2023\/category\/internacional\/\" rel=\"category tag\">Internacional<\/a>","tag_info":"Internacional","comment_count":"0","_links":{"self":[{"href":"https:\/\/radiofenix.com.ar\/2023\/wp-json\/wp\/v2\/posts\/194065","targetHints":{"allow":["GET"]}}],"collection":[{"href":"https:\/\/radiofenix.com.ar\/2023\/wp-json\/wp\/v2\/posts"}],"about":[{"href":"https:\/\/radiofenix.com.ar\/2023\/wp-json\/wp\/v2\/types\/post"}],"replies":[{"embeddable":true,"href":"https:\/\/radiofenix.com.ar\/2023\/wp-json\/wp\/v2\/comments?post=194065"}],"version-history":[{"count":0,"href":"https:\/\/radiofenix.com.ar\/2023\/wp-json\/wp\/v2\/posts\/194065\/revisions"}],"wp:featuredmedia":[{"embeddable":true,"href":"https:\/\/radiofenix.com.ar\/2023\/wp-json\/wp\/v2\/media\/194066"}],"wp:attachment":[{"href":"https:\/\/radiofenix.com.ar\/2023\/wp-json\/wp\/v2\/media?parent=194065"}],"wp:term":[{"taxonomy":"category","embeddable":true,"href":"https:\/\/radiofenix.com.ar\/2023\/wp-json\/wp\/v2\/categories?post=194065"},{"taxonomy":"post_tag","embeddable":true,"href":"https:\/\/radiofenix.com.ar\/2023\/wp-json\/wp\/v2\/tags?post=194065"}],"curies":[{"name":"wp","href":"https:\/\/api.w.org\/{rel}","templated":true}]}}