{"id":194067,"date":"2024-07-24T08:58:04","date_gmt":"2024-07-24T08:58:04","guid":{"rendered":"https:\/\/radiofenix.com.ar\/2023\/el-increible-mensaje-del-gobierno-de-javier-milei-no-bajo-el-consumo-ahora-se-consume-menos\/"},"modified":"2024-07-24T08:58:04","modified_gmt":"2024-07-24T08:58:04","slug":"el-increible-mensaje-del-gobierno-de-javier-milei-no-bajo-el-consumo-ahora-se-consume-menos","status":"publish","type":"post","link":"https:\/\/radiofenix.com.ar\/2023\/el-increible-mensaje-del-gobierno-de-javier-milei-no-bajo-el-consumo-ahora-se-consume-menos\/","title":{"rendered":"El incre\u00edble mensaje del Gobierno de Javier Milei: &quot;No baj\u00f3 el consumo, ahora se consume menos&quot;"},"content":{"rendered":"<div id=\"\">\n<h2>El Gobierno de Javier Milei se anima a todo<\/h2>\n<p><strong>\u00abTal vez yo no pod\u00eda pagar la medicina prepaga porque esto en casa pas\u00f3&#8230;\u00bb,<\/strong> dijo uno Serenellini para explicar que antes no se pod\u00edan pagar las prepagas pero igual la clase media la pagaba, en una extra\u00f1a reflexi\u00f3n.<\/p>\n<p><strong>\u00abHay un reacomodamiento en relaci\u00f3n a mi ingreso y a lo que puedo comprar\u00bb<\/strong>, agreg\u00f3 luego el militante macrista devenido en libertario, para cerrar su participaci\u00f3n en el programa partidario de Milei, que conduce Jonatan Viale, con una frase que quedar\u00e1 para la historia.<\/p>\n<p><strong>\u00abMe dec\u00eda el due\u00f1o de un frigor\u00edfico en Tucum\u00e1n &#8216;se par\u00f3 el consumo&#8217;. No se par\u00f3 el consumo, consumimos todos menos. Si vend\u00edas 10 kilos de carne hoy vend\u00e9s 5 y es lo que podemos comprar\u00bb,<\/strong> sentenci\u00f3. <\/p>\n<h2> Hay que \u00abaceptar y no tener verg\u00fcenza\u00bb de que una familia \u00abcoma solo una vez al d\u00eda\u00bb<\/h2>\n<p><strong>El periodista del canal de noticias La Naci\u00f3n+ Eduardo Serenellini<\/strong> expres\u00f3 en el programa que conduce que las familias argentinas ya comenzaron a ajustar sus gastos y habr\u00e1 que \u00abaceptar\u00bb que este la posibilidad de de comer solo una vez por d\u00eda luego de las medidas anunciadas por el gobierno de <strong>Javier Milei<\/strong>.<\/p>\n<p>El periodista se refiri\u00f3 en particular a la clase media, donde algunos deber\u00e1n de olvidarse de ver <strong>Netflix <\/strong>o plataformas similares,<strong> otros no usar el auto y un grupo optar solo almorzar o cenar.<\/strong><\/p>\n<p><strong> \u00abUno recortar\u00e1 la plataforma para ver pel\u00edculas, otro recortar\u00e1 el auto, dir\u00e1 &#8216;no lo uso m\u00e1s&#8217;, y otro, y ese es el que esta grave, dir\u00e1 no hay desayuno y no hay almuerzo, o sea, en distinto nivel todos estamos recortando\u00bb<\/strong>, sentenci\u00f3 Serenellini, con la locutora que ten\u00eda a su lado asentando sus dichos afirmando varias veces \u00abest\u00e1 bien\u00bb.<\/p>\n<p>El periodista de La Naci\u00f3n+ y su compa\u00f1era de programa varias veces marcaron que todos tendr\u00e1n que recortar gastos, algunos tendr\u00e1 que aceptar usar menos su auto <strong>y no ver una serie y a otros les tocar\u00e1 no comer<\/strong>, algo que no debe provocar verg\u00fcenza.<\/p>\n<p><strong>\u00abEs una realidad, hay que aceptarlo, no nos tiene que dar verg\u00fcenza, no nos tiene que dar verg\u00fcenza, decir &#8216;mir\u00e1, me estoy ajustando en un mont\u00f3n de cosas&#8217; y se termin\u00f3, es as\u00ed\u00bb,<\/strong> complet\u00f3 Serenellini.<\/p>\n<\/p><\/div>\n<p><a href=\"https:\/\/www.minutouno.com\/politica\/javier-milei\/el-increible-mensaje-del-gobierno-no-el-consumo-ahora-se-consume-menos-n6037243\">source<\/a><\/p>\n","protected":false},"excerpt":{"rendered":"<p>El Gobierno de Javier Milei se anima a todo \u00abTal vez yo no pod\u00eda pagar&#8230;<\/p>\n","protected":false},"author":0,"featured_media":194068,"comment_status":"open","ping_status":"open","sticky":false,"template":"","format":"standard","meta":{"footnotes":""},"categories":[2],"tags":[],"class_list":["post-194067","post","type-post","status-publish","format-standard","has-post-thumbnail","hentry","category-politica"],"featured_image_urls":{"full":["https:\/\/radiofenix.com.ar\/2023\/wp-content\/uploads\/2024\/07\/wp-header-logo-139.png",0,0,false],"thumbnail":["https:\/\/radiofenix.com.ar\/2023\/wp-content\/uploads\/2024\/07\/wp-header-logo-139.png",1,1,false],"medium":["https:\/\/radiofenix.com.ar\/2023\/wp-content\/uploads\/2024\/07\/wp-header-logo-139.png",1,1,false],"medium_large":["https:\/\/radiofenix.com.ar\/2023\/wp-content\/uploads\/2024\/07\/wp-header-logo-139.png",1,1,false],"large":["https:\/\/radiofenix.com.ar\/2023\/wp-content\/uploads\/2024\/07\/wp-header-logo-139.png",1,1,false],"1536x1536":["https:\/\/radiofenix.com.ar\/2023\/wp-content\/uploads\/2024\/07\/wp-header-logo-139.png",1,1,false],"2048x2048":["https:\/\/radiofenix.com.ar\/2023\/wp-content\/uploads\/2024\/07\/wp-header-logo-139.png",1,1,false],"newsium-slider-full":["https:\/\/radiofenix.com.ar\/2023\/wp-content\/uploads\/2024\/07\/wp-header-logo-139.png",1,1,false],"newsium-featured":["https:\/\/radiofenix.com.ar\/2023\/wp-content\/uploads\/2024\/07\/wp-header-logo-139.png",1,1,false],"newsium-medium":["https:\/\/radiofenix.com.ar\/2023\/wp-content\/uploads\/2024\/07\/wp-header-logo-139.png",1,1,false]},"author_info":{"info":[""]},"category_info":"<a href=\"https:\/\/radiofenix.com.ar\/2023\/category\/politica\/\" rel=\"category tag\">Pol\u00edtica<\/a>","tag_info":"Pol\u00edtica","comment_count":"0","_links":{"self":[{"href":"https:\/\/radiofenix.com.ar\/2023\/wp-json\/wp\/v2\/posts\/194067","targetHints":{"allow":["GET"]}}],"collection":[{"href":"https:\/\/radiofenix.com.ar\/2023\/wp-json\/wp\/v2\/posts"}],"about":[{"href":"https:\/\/radiofenix.com.ar\/2023\/wp-json\/wp\/v2\/types\/post"}],"replies":[{"embeddable":true,"href":"https:\/\/radiofenix.com.ar\/2023\/wp-json\/wp\/v2\/comments?post=194067"}],"version-history":[{"count":0,"href":"https:\/\/radiofenix.com.ar\/2023\/wp-json\/wp\/v2\/posts\/194067\/revisions"}],"wp:featuredmedia":[{"embeddable":true,"href":"https:\/\/radiofenix.com.ar\/2023\/wp-json\/wp\/v2\/media\/194068"}],"wp:attachment":[{"href":"https:\/\/radiofenix.com.ar\/2023\/wp-json\/wp\/v2\/media?parent=194067"}],"wp:term":[{"taxonomy":"category","embeddable":true,"href":"https:\/\/radiofenix.com.ar\/2023\/wp-json\/wp\/v2\/categories?post=194067"},{"taxonomy":"post_tag","embeddable":true,"href":"https:\/\/radiofenix.com.ar\/2023\/wp-json\/wp\/v2\/tags?post=194067"}],"curies":[{"name":"wp","href":"https:\/\/api.w.org\/{rel}","templated":true}]}}