{"id":194069,"date":"2024-07-24T08:58:06","date_gmt":"2024-07-24T08:58:06","guid":{"rendered":"https:\/\/radiofenix.com.ar\/2023\/hay-adrenalina-en-el-futbol-y-en-la-musica\/"},"modified":"2024-07-24T08:58:06","modified_gmt":"2024-07-24T08:58:06","slug":"hay-adrenalina-en-el-futbol-y-en-la-musica","status":"publish","type":"post","link":"https:\/\/radiofenix.com.ar\/2023\/hay-adrenalina-en-el-futbol-y-en-la-musica\/","title":{"rendered":"&quot;Hay adrenalina en el f\u00fatbol y en la m\u00fasica&quot;"},"content":{"rendered":"<div>\n<p>La vida de<b> I\u00f1aki Antonio<\/b> tiene algunos giros fascinantes. Oriundo de Trelew, Chubut, desde chico \u00e9l y su hermano Danilo tuvieron inquietudes musicales y formaron varias bandas en tiempos de la secundaria. <b>A los 17 a\u00f1os se vino a Buenos Aires para jugar en las inferiores de River<\/b>. Un a\u00f1o despu\u00e9s, en 2007, debut\u00f3 en la Primera del club de N\u00fa\u00f1ez \u2013\u201ca\u00a0 (Marcelo) Gallardo lo tuve como compa\u00f1ero y es un gran tipo, un gran capit\u00e1n\u201d, recuerda-, con Daniel Passarella como t\u00e9cnico. Despu\u00e9s de varias idas y vueltas, I\u00f1aki emigr\u00f3 a Italia a seguir su carrera como jugador profesional en clubes como Parma, Brescia, Sampdoria y Ascoli. En 2017 volvi\u00f3 a la Argentina, dej\u00f3 el f\u00fatbol y se aboc\u00f3 de lleno a la m\u00fasica. Un par de a\u00f1os despu\u00e9s naci\u00f3 la banda de rock <b>Francia 98<\/b>. \u201cParece otra vida, me r\u00edo solo, nada que ver ahora donde estoy\u201d, dice el cantante y compositor del grupo, que tambi\u00e9n integra con su hermano Danilo, bajista.<\/p>\n<p>La banda, que se completa con <b>Agust\u00edn \u201cCoco\u201d Nieto en guitarra, Joaqu\u00edn Bonazzola en bater\u00eda, Marcos Cabeza en teclados y Nico Monti en ukelele<\/b>, acaba de publicar una nueva canci\u00f3n, \u201c<a href=\"https:\/\/www.youtube.com\/watch?v=psMPzuDTGK4&amp;ab_channel=Francia98\" target=\"_blank\" rel=\"noopener\">El pescador<\/a>\u201d, un adelanto de su segundo disco, que se llamar\u00e1\u00a0<i>Buenas decisiones<\/i> y saldr\u00e1 en octubre. \u201cLa pesca es brava y no da respiro\u00bb, dice una parte de la letra de esta canci\u00f3n melanc\u00f3lica que cuenta con la colaboraci\u00f3n de Willi Piancioli de Los Tipitos, quien tambi\u00e9n est\u00e1 produciendo el disco. \u201cFue la canci\u00f3n que m\u00e1s r\u00e1pido se arm\u00f3, con una estructura f\u00e1cil al o\u00eddo. Willi siempre dice: \u2018No confundamos a la gente, no hagamos cosas raras\u2019. En medio de la grabaci\u00f3n hab\u00eda una estrofa que la imaginamos para \u00e9l y le ofrecimos cantarla. Y le qued\u00f3 pintada\u201d, resalta I\u00f1aki. \u201cLa canci\u00f3n cuenta la historia de un pescador del sur. All\u00e1, de donde soy yo, est\u00e1 lleno de pescadores. Y tienen una vida muy brava. Entonces, desde alg\u00fan lugar, esta canci\u00f3n refleja la vida de esas personas que cuando est\u00e1n en altamar quieren volver a tierra. Pero cuando est\u00e1n en tierra quieren volver a navegar\u201d.<\/p>\n<p><b>-\u00bfY con qu\u00e9 cosas tienen que ver esas \u201cbuenas decisiones\u201d que se\u00f1ala el t\u00edtulo?<\/b><\/p>\n<p>-Relata un poco lo que fue el momento en el que est\u00e1bamos: con la cabeza abajo del agua en nuestras vidas en este \u00faltimo a\u00f1o y medio. Pero un d\u00eda nos levantamos y empezamos a tomar algunas decisiones que resultaron buenas en relaci\u00f3n a la m\u00fasica. Somos chicos que sabemos qu\u00e9 es dejar la casa desde j\u00f3venes. Y eso ha resultado ser una ventaja para ponerle el pecho a las cosas, porque Buenos Aires era una camiseta que nos quedaba grande. Sin embargo, de a poco estamos anim\u00e1ndonos cada vez m\u00e1s. Es una ciudad que despu\u00e9s nos termin\u00f3 adoptando y ahora nos sentimos parte de ella.<\/p>\n<p><b>En agosto, adem\u00e1s de telonear a J\u00f3venes Pordioseros el s\u00e1bado 3 en Olavarr\u00eda, lanzar\u00e1n el tercer y \u00faltimo single, \u201cPromesa y olvido\u201d<\/b>, que cuenta la historia de un \u201crockero que no la peg\u00f3\u201d. El primer corte del \u00e1lbum hab\u00eda sido \u201c<a href=\"https:\/\/open.spotify.com\/intl-es\/track\/2KJowsQEx9aSW438INXqsZ?si=4b576f9b87d94786\" target=\"_blank\" rel=\"noopener\">Dame!<\/a>\u201d, con una impronta pop-rock. \u201cEl disco sube la apuesta, tiene un ADN m\u00e1s vinculado al rock-canci\u00f3n. Es m\u00e1s fuerte y guitarrero, Nos representa mucho y marca el camino a futuro. Le da una cuota de diversi\u00f3n tambi\u00e9n a lo que viene\u201d, explica el ex futbolista. \u201cEst\u00e1bamos en la b\u00fasqueda de un productor y cancionista. Y que desde alg\u00fan lugar pudiera reflejar la esencia del rock argentino\u201d, dice sobre la elecci\u00f3n de Piancioli como productor. \u201cNuestra idea como banda es hacer rock nacional, no estamos interesados en interpretar canciones que ya existen, sino ofrecer una propuesta. Hoy en d\u00eda lo que ha pasado mucho es que todos interpretamos las canciones con las que crecimos. Y sin embargo no hay nada m\u00e1s lindo que honrar todo eso intentando hacer algo propio pero con ese ADN bien argento\u201d.<\/p>\n<p>En el primer disco, <i>La f\u00e1brica de canciones<\/i> (2021), hay un tema muy significativo para el esp\u00edritu y filosof\u00eda de la banda, \u201c<a href=\"https:\/\/www.youtube.com\/watch?v=-rg0GMa7d38&amp;ab_channel=Francia98\" target=\"_blank\" rel=\"noopener\">El cham\u00e1n<\/a>\u201d. \u201cEn un momento de mi vida estaba muy desalineado, hab\u00eda dejado el f\u00fatbol y me costaba caminar por la vereda del sol. Me sent\u00eda raro\u201d, cuenta el m\u00fasico. \u201cEntonces, un amigo me aconsej\u00f3 visitar a un cham\u00e1n que vive en medio de la monta\u00f1a, en Traslasierra, C\u00f3rdoba. Me mand\u00e9 para all\u00e1 y viv\u00ed una gran experiencia. Me encontr\u00e9 con un tipo de barba blanca; espiritual pero no religioso. Es un amigo del viento, en otra vida eran los sabios de la tribu. Son tipos que te dicen una palabra justa y que tienen una sensibilidad especial\u201d, dice. \u201cEntonces, el encuentro con \u00e9l me permiti\u00f3 ponerme en un lugar de introspecci\u00f3n y entender qu\u00e9 me estaba pasando en ese momento de mi vida. A veces est\u00e1 bueno hablar con estos tipos que no son amigos ni psic\u00f3logos ni familiares, sino que son personas que tienen un don especial. Y en ese momento de introspecci\u00f3n pude volver a la ciudad un poco m\u00e1s entero y de a poco mi vida se fue acomodando. Cuando uno deja una profesi\u00f3n y se pone a hacer otra cosa necesita un tiempo para adaptar las ideas a la cabeza\u201d.<\/p>\n<p><b>-\u00bfPor qu\u00e9 tomaste la decisi\u00f3n de dejar el f\u00fatbol a los 27 a\u00f1os?<\/b><\/p>\n<p>-Fue una serie de acontecimientos, como todo, nunca algo se hace de un d\u00eda para el otro. Primero y principal, yo estaba en una \u00e9poca en la cual necesitaba cambiar porque la m\u00fasica me generaba m\u00e1s alegr\u00eda que lo que me estaba generando el f\u00fatbol. Tambi\u00e9n tuve un conflicto contractual con River. Todo eso me pes\u00f3. Y en un momento mi rendimiento no era el adecuado. <b>Me alej\u00e9 del f\u00fatbol con un recuerdo muy lindo del campo de juego, porque el escritorio es nefasto. Y la gente que maneja el f\u00fatbol nunca en su vida agarr\u00f3 una pelota.<\/b> El verdadero f\u00fatbol es el que se juega en el barrio con los amigos o el que uno juega en el club pero sin contar el afuera. Es un mundo bastante especial.<\/p>\n<p><b>-\u00bfY qu\u00e9 encontraste en ese campo de juego?<\/b><\/p>\n<p>&#8211;<b>Uno juega como vive. Me parece que la cancha refleja absolutamente las personalidades de los jugadores.<\/b> Era muy gracioso, porque yo conoc\u00eda muchas veces a mis compa\u00f1eros antes de pisar la cancha y despu\u00e9s en la cancha dec\u00eda: \u00abAh, era obvio\u00bb. Porque ah\u00ed se ve el ego\u00edsta, el cari\u00f1oso, el solidario. Entonces, la cancha hace de espejo.<\/p>\n<p><b>-\u00bfEncontr\u00e1s alguna relaci\u00f3n entre el mundo del f\u00fatbol y el de la m\u00fasica?<\/b><\/p>\n<p>-Un amigo dice: \u00abEl f\u00fatbol es a la ma\u00f1ana y la m\u00fasica a la noche\u00bb. A m\u00ed me costaba lidiar con las dos cosas a la vez. <b>Me parece que hay un estado de adrenalina que se vive en los dos rubros<\/b>. Tanto lo que se siente antes de salir a un escenario como antes de jugar un partido. Si hici\u00e9ramos un paralelismo, el baterista es el arquero, los bajistas defienden y los guitarristas tienen que tratar de dibujar\u2026 y los cantantes pueden tomar m\u00e1s riesgos.\u00a0 \u00a1Y son los que meten m\u00e1s goles!<\/p>\n<\/div>\n<p><a href=\"https:\/\/www.pagina12.com.ar\/754363-hay-adrenalina-en-el-futbol-y-en-la-musica\">source<\/a><\/p>\n","protected":false},"excerpt":{"rendered":"<p>La vida de I\u00f1aki Antonio tiene algunos giros fascinantes. Oriundo de Trelew, Chubut, desde chico&#8230;<\/p>\n","protected":false},"author":0,"featured_media":194070,"comment_status":"open","ping_status":"open","sticky":false,"template":"","format":"standard","meta":{"footnotes":""},"categories":[4],"tags":[],"class_list":["post-194069","post","type-post","status-publish","format-standard","has-post-thumbnail","hentry","category-espectaculos"],"featured_image_urls":{"full":["https:\/\/radiofenix.com.ar\/2023\/wp-content\/uploads\/2024\/07\/wp-header-logo-139.png",0,0,false],"thumbnail":["https:\/\/radiofenix.com.ar\/2023\/wp-content\/uploads\/2024\/07\/wp-header-logo-139.png",1,1,false],"medium":["https:\/\/radiofenix.com.ar\/2023\/wp-content\/uploads\/2024\/07\/wp-header-logo-139.png",1,1,false],"medium_large":["https:\/\/radiofenix.com.ar\/2023\/wp-content\/uploads\/2024\/07\/wp-header-logo-139.png",1,1,false],"large":["https:\/\/radiofenix.com.ar\/2023\/wp-content\/uploads\/2024\/07\/wp-header-logo-139.png",1,1,false],"1536x1536":["https:\/\/radiofenix.com.ar\/2023\/wp-content\/uploads\/2024\/07\/wp-header-logo-139.png",1,1,false],"2048x2048":["https:\/\/radiofenix.com.ar\/2023\/wp-content\/uploads\/2024\/07\/wp-header-logo-139.png",1,1,false],"newsium-slider-full":["https:\/\/radiofenix.com.ar\/2023\/wp-content\/uploads\/2024\/07\/wp-header-logo-139.png",1,1,false],"newsium-featured":["https:\/\/radiofenix.com.ar\/2023\/wp-content\/uploads\/2024\/07\/wp-header-logo-139.png",1,1,false],"newsium-medium":["https:\/\/radiofenix.com.ar\/2023\/wp-content\/uploads\/2024\/07\/wp-header-logo-139.png",1,1,false]},"author_info":{"info":[""]},"category_info":"<a href=\"https:\/\/radiofenix.com.ar\/2023\/category\/espectaculos\/\" rel=\"category tag\">Espectaculos<\/a>","tag_info":"Espectaculos","comment_count":"0","_links":{"self":[{"href":"https:\/\/radiofenix.com.ar\/2023\/wp-json\/wp\/v2\/posts\/194069","targetHints":{"allow":["GET"]}}],"collection":[{"href":"https:\/\/radiofenix.com.ar\/2023\/wp-json\/wp\/v2\/posts"}],"about":[{"href":"https:\/\/radiofenix.com.ar\/2023\/wp-json\/wp\/v2\/types\/post"}],"replies":[{"embeddable":true,"href":"https:\/\/radiofenix.com.ar\/2023\/wp-json\/wp\/v2\/comments?post=194069"}],"version-history":[{"count":0,"href":"https:\/\/radiofenix.com.ar\/2023\/wp-json\/wp\/v2\/posts\/194069\/revisions"}],"wp:featuredmedia":[{"embeddable":true,"href":"https:\/\/radiofenix.com.ar\/2023\/wp-json\/wp\/v2\/media\/194070"}],"wp:attachment":[{"href":"https:\/\/radiofenix.com.ar\/2023\/wp-json\/wp\/v2\/media?parent=194069"}],"wp:term":[{"taxonomy":"category","embeddable":true,"href":"https:\/\/radiofenix.com.ar\/2023\/wp-json\/wp\/v2\/categories?post=194069"},{"taxonomy":"post_tag","embeddable":true,"href":"https:\/\/radiofenix.com.ar\/2023\/wp-json\/wp\/v2\/tags?post=194069"}],"curies":[{"name":"wp","href":"https:\/\/api.w.org\/{rel}","templated":true}]}}