{"id":194071,"date":"2024-07-25T08:58:10","date_gmt":"2024-07-25T08:58:10","guid":{"rendered":"https:\/\/radiofenix.com.ar\/2023\/dolar-blue-dolar-hoy-a-cuanto-cotizan-el-miercoles-24-de-julio\/"},"modified":"2024-07-25T08:58:10","modified_gmt":"2024-07-25T08:58:10","slug":"dolar-blue-dolar-hoy-a-cuanto-cotizan-el-miercoles-24-de-julio","status":"publish","type":"post","link":"https:\/\/radiofenix.com.ar\/2023\/dolar-blue-dolar-hoy-a-cuanto-cotizan-el-miercoles-24-de-julio\/","title":{"rendered":"D\u00f3lar blue, d\u00f3lar hoy: a cu\u00e1nto cotizan el mi\u00e9rcoles 24 de julio\u00a0"},"content":{"rendered":"<div id=\"post-1600\">\n<div class=\"col 2-col\">\n<h2>A cu\u00e1nto cerr\u00f3 el d\u00f3lar<\/h2>\n<p>El d\u00f3lar oficial cerr\u00f3 a $906,50 para la compra y $946,50 para la venta.<\/p>\n<\/div>\n<\/div>\n<div id=\"post-1509\">\n<div class=\"col 2-col\">\n<h2>La cotizaci\u00f3n del d\u00f3lar cripto<\/h2>\n<p>El d\u00f3lar cripto cotiza a $1.362,01 para la compra y $1.365,68 para la venta.<\/p>\n<\/div>\n<\/div>\n<div id=\"post-1420\">\n<div class=\"col 2-col\">\n<h2>Jorge Macri espera pasar por la ventanilla de Luis Caputo\u00a0<\/h2>\n<p>Por Mara Pedrazzoli<\/p>\n<p>El acuerdo entre el<b> Gobierno Nacional y CABA por la coparticipaci\u00f3n implicar\u00eda un costo de entre 0,073 y 0,081 por ciento del PBI<\/b> en los \u00faltimos 5 meses del a\u00f1o, advirti\u00f3 el Instituto Argentino de An\u00e1lisis Fiscal (Iaraf). En su an\u00e1lisis observaron tambi\u00e9n que el recorte a las transferencias no autom\u00e1ticas a provincias tendi\u00f3 a suavizarse en los \u00faltimos meses, siguiendo el criterio de pagos efectivos. Corrientes es la provincia m\u00e1s castigada, al contrario de CABA.<\/p>\n<h3><b><a href=\"https:\/\/www.pagina12.com.ar\/754319-jorge-macri-espera-pasar-por-la-ventanilla-de-luis-caputo\">Le\u00e9 la nota completa<\/a><\/b><\/h3>\n<\/div>\n<\/div>\n<div id=\"post-1329\">\n<div class=\"col 2-col\">\n<h2>Suben los d\u00f3lares financieros\u00a0<\/h2>\n<p>El d\u00f3lar contado con liqui subi\u00f3 0,38% y cotiza a $1332,26 para la compra y $1334,11 para la venta.<\/p>\n<p>Tambi\u00e9n aumenta el d\u00f3lar MEP 0,53%. La cotizaci\u00f3n es $1331,04 para la compra y $1331,58 para la venta.<\/p>\n<\/div>\n<\/div>\n<div id=\"post-1305\">\n<div class=\"col 2-col\">\n<h2>Lew se fue del Banco Central\u00a0<\/h2>\n<p>El Banco Central oficializ\u00f3 un cambio en su directorio, al aceptar la renuncia de Alejandro Lew y nombrar en su reemplazo a Baltazar Felipe Romero Krause. La autoridad monetaria confirm\u00f3 la desvinculaci\u00f3n de Lew luego de estar un poco m\u00e1s de seis meses en el directorio y de la pol\u00e9mica que hab\u00eda generado su nombramiento, tras haber sido vinculado directamente con la falta de combustibles en los d\u00edas previos a las elecciones en su rol de gerente financiero de YPF.<\/p>\n<h3><b><a href=\"https:\/\/www.pagina12.com.ar\/754421-lew-se-fue-del-banco-central\">Le\u00e9 la nota completa<\/a><\/b><\/h3>\n<\/div>\n<\/div>\n<div id=\"post-1235\">\n<div class=\"col 2-col\">\n<h2>Sube el d\u00f3lar blue<\/h2>\n<p>El d\u00f3lar paralelo aument\u00f3 0,70%.<\/p>\n<p>Ahora cotiza a $1.435 para la compra y $1.455 para la venta.<\/p>\n<\/div>\n<\/div>\n<div id=\"post-1209\">\n<div class=\"col 2-col\">\n<h2>Salarios e ingresos versus inflaci\u00f3n\u00a0<\/h2>\n<p>Por Mara Pedrazzoli<\/p>\n<p>En junio los salarios crecieron levemente por arriba de la inflaci\u00f3n, por segundo mes consecutivo. De acuerdo al indicador adelantado de <b>salarios registrados<\/b> de la consultora <b>Centro-Periferia <\/b>subieron 1,7 por ciento en t\u00e9rminos reales, en una tendencia que depende de la desaceleraci\u00f3n de la inflaci\u00f3n. En tanto que desde noviembre del a\u00f1o pasado acumularon una ca\u00edda de 6,2 por ciento en t\u00e9rminos reales. El deterioro de las <b>transferencias de ingresos<\/b> a sectores vulnerables desde noviembre de 2023 fue 16 por ciento, seg\u00fan la consultora, y las <b>jubilaciones <\/b>m\u00ednimas equipararon los niveles de dicho mes.<\/p>\n<h3><b><a href=\"https:\/\/www.pagina12.com.ar\/754303-salarios-e-ingresos-versus-inflacion\">Le\u00e9 la nota completa<\/a><\/b><\/h3>\n<\/div>\n<\/div>\n<div id=\"post-1135\">\n<div class=\"col 2-col\">\n<h2>Suba de las verduras le pone presi\u00f3n al IPC\u00a0<\/h2>\n<p>Las heladas de las \u00faltimas semanas que afectaron a la producci\u00f3n del cord\u00f3n frutihort\u00edcola bonaerense generaron un notorio encarecimiento en los precios de las frutas y verduras, presionando a la inflaci\u00f3n de alimentos. La disparada tendr\u00e1 impacto en el \u00edndice de precios de julio, que se proyecta en 4,8 por ciento de acuerdo al relevamiento de expectativas de mercado del Banco Central.<\/p>\n<h3><b><a href=\"https:\/\/www.pagina12.com.ar\/754296-suba-de-las-verduras-le-pone-presion-al-ipc\">Le\u00e9 la nota completa<\/a><\/b>\u00a0<\/h3>\n<\/div>\n<\/div>\n<div id=\"post-1100\">\n<div class=\"col 2-col\">\n<h2>El ex n\u00famero dos de Caputo cuestion\u00f3 el plan econ\u00f3mico\u00a0<\/h2>\n<p>Con una fuerte cr\u00edtica al plan econ\u00f3mico, el ex viceministro de Econom\u00eda de Luis Caputo, <b>Joaqu\u00edn Cottani<\/b>, public\u00f3 una columna de opini\u00f3n en La Naci\u00f3n en la que <b>cuestiona el plan de gobierno de Milei,<\/b> exponiendo de esta manera el descalabro interno del gobierno. En el texto, publicado a <b>menos de un mes de su salida formal del Palacio de Hacienda<\/b>, Cottani plante\u00f3 su preferencia por el \u00abPlan Sturzenegger\u00bb, es decir la competencia de monedas -una convivencia entre el peso y el d\u00f3lar como monedas de curso legal- en lugar de la dolarizaci\u00f3n end\u00f3gena, que es la que propone el Gobierno con la eliminaci\u00f3n de todas las fuentes de emisi\u00f3n monetaria.<\/p>\n<h3><b><a href=\"https:\/\/www.pagina12.com.ar\/754392-el-ex-numero-dos-de-caputo-cuestiono-el-plan-economico\">Le\u00e9 la nota completa<\/a><\/b><\/h3>\n<\/div>\n<\/div>\n<div id=\"post-1031\">\n<div class=\"col 2-col\">\n<h2>La cotizaci\u00f3n de apertura del d\u00f3lar<\/h2>\n<p>El d\u00f3lar se mantiene en la misma cotizaci\u00f3n a la que cerr\u00f3 ayer. Opera a\u00a0 $906 para la compra y $946 para la venta.<\/p>\n<\/div>\n<\/div>\n<p><a href=\"https:\/\/www.pagina12.com.ar\/754474-dolar-blue-dolar-hoy-a-cuanto-cotizan-el-miercoles-24-de-jul\">source<\/a><\/p>\n","protected":false},"excerpt":{"rendered":"<p>A cu\u00e1nto cerr\u00f3 el d\u00f3lar El d\u00f3lar oficial cerr\u00f3 a $906,50 para la compra y&#8230;<\/p>\n","protected":false},"author":0,"featured_media":194072,"comment_status":"open","ping_status":"open","sticky":false,"template":"","format":"standard","meta":{"footnotes":""},"categories":[5],"tags":[],"class_list":["post-194071","post","type-post","status-publish","format-standard","has-post-thumbnail","hentry","category-economia"],"featured_image_urls":{"full":["https:\/\/radiofenix.com.ar\/2023\/wp-content\/uploads\/2024\/07\/wp-header-logo-139.png",0,0,false],"thumbnail":["https:\/\/radiofenix.com.ar\/2023\/wp-content\/uploads\/2024\/07\/wp-header-logo-139.png",1,1,false],"medium":["https:\/\/radiofenix.com.ar\/2023\/wp-content\/uploads\/2024\/07\/wp-header-logo-139.png",1,1,false],"medium_large":["https:\/\/radiofenix.com.ar\/2023\/wp-content\/uploads\/2024\/07\/wp-header-logo-139.png",1,1,false],"large":["https:\/\/radiofenix.com.ar\/2023\/wp-content\/uploads\/2024\/07\/wp-header-logo-139.png",1,1,false],"1536x1536":["https:\/\/radiofenix.com.ar\/2023\/wp-content\/uploads\/2024\/07\/wp-header-logo-139.png",1,1,false],"2048x2048":["https:\/\/radiofenix.com.ar\/2023\/wp-content\/uploads\/2024\/07\/wp-header-logo-139.png",1,1,false],"newsium-slider-full":["https:\/\/radiofenix.com.ar\/2023\/wp-content\/uploads\/2024\/07\/wp-header-logo-139.png",1,1,false],"newsium-featured":["https:\/\/radiofenix.com.ar\/2023\/wp-content\/uploads\/2024\/07\/wp-header-logo-139.png",1,1,false],"newsium-medium":["https:\/\/radiofenix.com.ar\/2023\/wp-content\/uploads\/2024\/07\/wp-header-logo-139.png",1,1,false]},"author_info":{"info":[""]},"category_info":"<a href=\"https:\/\/radiofenix.com.ar\/2023\/category\/economia\/\" rel=\"category tag\">Economia<\/a>","tag_info":"Economia","comment_count":"0","_links":{"self":[{"href":"https:\/\/radiofenix.com.ar\/2023\/wp-json\/wp\/v2\/posts\/194071","targetHints":{"allow":["GET"]}}],"collection":[{"href":"https:\/\/radiofenix.com.ar\/2023\/wp-json\/wp\/v2\/posts"}],"about":[{"href":"https:\/\/radiofenix.com.ar\/2023\/wp-json\/wp\/v2\/types\/post"}],"replies":[{"embeddable":true,"href":"https:\/\/radiofenix.com.ar\/2023\/wp-json\/wp\/v2\/comments?post=194071"}],"version-history":[{"count":0,"href":"https:\/\/radiofenix.com.ar\/2023\/wp-json\/wp\/v2\/posts\/194071\/revisions"}],"wp:featuredmedia":[{"embeddable":true,"href":"https:\/\/radiofenix.com.ar\/2023\/wp-json\/wp\/v2\/media\/194072"}],"wp:attachment":[{"href":"https:\/\/radiofenix.com.ar\/2023\/wp-json\/wp\/v2\/media?parent=194071"}],"wp:term":[{"taxonomy":"category","embeddable":true,"href":"https:\/\/radiofenix.com.ar\/2023\/wp-json\/wp\/v2\/categories?post=194071"},{"taxonomy":"post_tag","embeddable":true,"href":"https:\/\/radiofenix.com.ar\/2023\/wp-json\/wp\/v2\/tags?post=194071"}],"curies":[{"name":"wp","href":"https:\/\/api.w.org\/{rel}","templated":true}]}}