{"id":194077,"date":"2024-07-25T08:58:14","date_gmt":"2024-07-25T08:58:14","guid":{"rendered":"https:\/\/radiofenix.com.ar\/2023\/estados-unidos-kamala-harris-alcanzo-el-apoyo-de-suficientes-delegados-para-su-candidatura\/"},"modified":"2024-07-25T08:58:14","modified_gmt":"2024-07-25T08:58:14","slug":"estados-unidos-kamala-harris-alcanzo-el-apoyo-de-suficientes-delegados-para-su-candidatura","status":"publish","type":"post","link":"https:\/\/radiofenix.com.ar\/2023\/estados-unidos-kamala-harris-alcanzo-el-apoyo-de-suficientes-delegados-para-su-candidatura\/","title":{"rendered":"Estados Unidos: Kamala Harris alcanz\u00f3 el apoyo de suficientes delegados para su candidatura"},"content":{"rendered":"<div>\n<p>La vicepresidenta de Estados Unidos, <b><a href=\"https:\/\/www.pagina12.com.ar\/tags\/31410-kamala-harris\">Kamala Harris<\/a>, alcanz\u00f3 el apoyo de suficientes delegados como para garantizar su nominaci\u00f3n en el Partido Dem\u00f3crata <\/b>como candidata a las elecciones presidenciales de noviembre, al tiempo que comenz\u00f3 este martes su campa\u00f1a con un acto en Milwaukee donde <b>arremeti\u00f3 contra su rival republicano, el expresidente <a href=\"https:\/\/www.pagina12.com.ar\/tags\/47426-donald-trump\">Donald Trump<\/a><\/b>.<\/p>\n<p>El congresista de California, Robert Garcia, fue el primero en anunciar el apoyo de los delegados. \u00abCalifornia acaba de votar un\u00e1nimemente para nominar a Kamala Harris para presidenta. \u00a1Nuestros delegados pusieron a la vicepresidenta por encima del n\u00famero requerido que necesita para ser nuestra nominada para la convenci\u00f3n!\u00bb, escribi\u00f3 en una publicaci\u00f3n en redes sociales.<\/p>\n<p>El apoyo a la vicepresidenta se suma a la <b>recaudaci\u00f3n de m\u00e1s de 81 millones de d\u00f3lares en solo 24 horas tras el <\/b><a href=\"https:\/\/www.pagina12.com.ar\/753910-joe-biden-bajo-su-candidatura-presidencial-y-decidio-apoyar-\"><b>anuncio del presidente, Joe Biden, de no buscar la reelecci\u00f3n<\/b><\/a>, marcando un hito en la actual campa\u00f1a presidencial estadounidense.<\/p>\n<p><iframe loading=\"lazy\" frameborder=\"0\" width=\"640\" height=\"360\" src=\"https:\/\/geo.dailymotion.com\/player\/xt5ee.html?video=k6vGLHIYqSFy7DB9g3Y\"><\/iframe><\/p>\n<h2>El proceso de nominaci\u00f3n<\/h2>\n<p>Para ganar la nominaci\u00f3n en la primera vuelta de la votaci\u00f3n, un candidato necesita el apoyo de al menos 1.976 delegados de un total de 4.000. <b>Las promesas de apoyo por parte de los delegados son una muestra simb\u00f3lica de aval a Harris<\/b>, puesto que los delegados podr\u00edan cambiar de opini\u00f3n de aqu\u00ed a la votaci\u00f3n en agosto. Harris no se convertir\u00eda oficialmente en la candidata presidencial del partido hasta que los delegados voten formalmente en una votaci\u00f3n nominal virtual que se espera concluya el 7 de agosto.\u00a0<\/p>\n<p>La vicepresidenta\u00a0ya es la candidata favorita de los dem\u00f3cratas tras haber recibido el apoyo del propio presidente Biden, la expresidenta de la C\u00e1mara de Representantes, Nancy Pelosi, y todos los gobernadores dem\u00f3cratas del pa\u00eds. Sin embargo, <b>se podr\u00edan presentar otros candidatos que consigan las firmas de nominaci\u00f3n de al menos 300 delegados<\/b>, y no m\u00e1s de 50 de un solo estado.<\/p>\n<p>Si solo un candidato, con toda probabilidad Harris, alcanza el umbral de 300 firmas, la votaci\u00f3n virtual podr\u00eda tener lugar tan pronto como el 1 de agosto, dijeron funcionarios del partido a medios locales el lunes, y si hay varios candidatos, la votaci\u00f3n se llevar\u00eda a cabo d\u00edas despu\u00e9s, pero se completar\u00eda antes del 7 de agosto. En tanto, si la nominaci\u00f3n se produce a principios de agosto, la convenci\u00f3n dem\u00f3crata que se celebrar\u00e1 el 19 de agosto en Chicago, ser\u00e1 una funci\u00f3n puramente ceremonial.<\/p>\n<h2>Acto en Milwaukee<\/h2>\n<p>Mientras tanto Harris, se meti\u00f3 de lleno en la campa\u00f1a con un <b>acto en Milwaukee<\/b>, donde record\u00f3 su trayectoria como fiscal, incluida su labor como fiscal general de California, para <b>compararse contra Trump, y prometer que lo har\u00e1 rendir cuentas<\/b>. \u00abComo fiscal, me enfrent\u00e9 a delincuentes de todo tipo: aquellos que abusaban de mujeres, estafadores que enga\u00f1aban a consumidores, tramposos que violaban las normas para beneficio propio. As\u00ed que esc\u00fachenme bien: <b>conozco a los tipos de la naturaleza de Trump\u00bb<\/b>, manifest\u00f3.<\/p>\n<p><b>Sus palabras fueron recibidas con ovaciones por las 3.000 personas, seg\u00fan el recuento de la campa\u00f1a, que se reunieron en un instituto de Milwaukee<\/b>. Los asistentes recibieron a Harris visiblemente emocionados, aplaudiendo y coreando su nombre: \u00ab\u00a1Kamala, Kamala!\u00bb.<\/p>\n<p>Uno de los momentos m\u00e1s emotivos se produjo cuando Harris empez\u00f3 a enumerar algunas de las pol\u00edticas que Trump podr\u00eda implementar si regresa a la Casa Blanca, como restricciones al acceso a cuidados sanitarios para quienes tienen enfermedades cr\u00f3nicas como el asma, algo que elimin\u00f3 la reforma sanitaria de Barack Obama (2009-2017).<\/p>\n<p>\u00abEstados Unidos prob\u00f3 estas pol\u00edticas econ\u00f3micas fallidas antes, pero no vamos a retroceder. <b>No vamos a volver atr\u00e1s. Les dir\u00e9 por qu\u00e9 no retrocederemos, \u00a1porque la nuestra es una lucha por el futuro!\u00bb<\/b>, exclam\u00f3 Harris, provocando una reacci\u00f3n instant\u00e1nea del p\u00fablico. \u00ab\u00a1No vamos a volver atr\u00e1s!\u00bb, \u00ab\u00a1no vamos a volver atr\u00e1s!\u00bb corearon en respuesta los asistentes con tal entusiasmo que la vicepresidenta se vio obligada a hacer una pausa, sonriendo ante la efusividad de la multitud.\u00a0<\/p>\n<p>En todo momento, la candidata intent\u00f3 marcar un claro contraste con Trump. Destac\u00f3 c\u00f3mo ella se dedic\u00f3 a poner a criminales en la c\u00e1rcel durante su trayectoria como fiscal que culmin\u00f3 con el cargo de fiscal general de California (2011-2017), mientras que Trump en abril pasado fue declarado culpable de 34 cargos por falsificar registros comerciales para ocultar una relaci\u00f3n con la actriz Stormy Daniels.<\/p>\n<h2>Las encuestas<\/h2>\n<p><b>Los \u00faltimos sondeos sobre los comicios presidenciales en Estados Unidos muestran n\u00fameros ligeramente mejores para la vicepresidenta<\/b>, aunque tambi\u00e9n, al igual que el presidente Joe Biden, perder\u00eda las elecciones contra el republicano Donald Trump. Estas encuestas se realizaron antes del anuncio del domingo de Biden de renunciar a la reelecci\u00f3n, por lo que preguntados por Harris, los encuestados respond\u00edan a una situaci\u00f3n hipot\u00e9tica.<\/p>\n<p>La m\u00e1s reciente, la encuesta de YouGov para CBS News, daba a Trump cinco puntos de ventaja sobre Biden (52% a 47%) por solo tres sobre Harris (51% a 48%). Otra de NBC News daba la misma ventaja de dos puntos para Trump (45% a 43% con Biden y 47% a 45% con Harris), mientras que una de Fox News daba id\u00e9ntico resultado de 49% a 48% en favor del expresidente independientemente del rival.<\/p>\n<p>El sondeo de Marist para NPR y PBS era el \u00fanico que daba mayor\u00eda al binomio dem\u00f3crata y, en este caso, daba una mejor ventaja a Biden sobre Trump (50% a 48%), que a Harris sobre Trump (50% a 49%).<\/p>\n<\/div>\n<p><a href=\"https:\/\/www.pagina12.com.ar\/754420-estados-unidos-kamala-harris-alcanzo-el-apoyo-de-suficientes\">source<\/a><\/p>\n","protected":false},"excerpt":{"rendered":"<p>La vicepresidenta de Estados Unidos, Kamala Harris, alcanz\u00f3 el apoyo de suficientes delegados como para&#8230;<\/p>\n","protected":false},"author":0,"featured_media":194078,"comment_status":"open","ping_status":"open","sticky":false,"template":"","format":"standard","meta":{"footnotes":""},"categories":[60],"tags":[],"class_list":["post-194077","post","type-post","status-publish","format-standard","has-post-thumbnail","hentry","category-internacional"],"featured_image_urls":{"full":["https:\/\/radiofenix.com.ar\/2023\/wp-content\/uploads\/2024\/07\/wp-header-logo-139.png",0,0,false],"thumbnail":["https:\/\/radiofenix.com.ar\/2023\/wp-content\/uploads\/2024\/07\/wp-header-logo-139.png",1,1,false],"medium":["https:\/\/radiofenix.com.ar\/2023\/wp-content\/uploads\/2024\/07\/wp-header-logo-139.png",1,1,false],"medium_large":["https:\/\/radiofenix.com.ar\/2023\/wp-content\/uploads\/2024\/07\/wp-header-logo-139.png",1,1,false],"large":["https:\/\/radiofenix.com.ar\/2023\/wp-content\/uploads\/2024\/07\/wp-header-logo-139.png",1,1,false],"1536x1536":["https:\/\/radiofenix.com.ar\/2023\/wp-content\/uploads\/2024\/07\/wp-header-logo-139.png",1,1,false],"2048x2048":["https:\/\/radiofenix.com.ar\/2023\/wp-content\/uploads\/2024\/07\/wp-header-logo-139.png",1,1,false],"newsium-slider-full":["https:\/\/radiofenix.com.ar\/2023\/wp-content\/uploads\/2024\/07\/wp-header-logo-139.png",1,1,false],"newsium-featured":["https:\/\/radiofenix.com.ar\/2023\/wp-content\/uploads\/2024\/07\/wp-header-logo-139.png",1,1,false],"newsium-medium":["https:\/\/radiofenix.com.ar\/2023\/wp-content\/uploads\/2024\/07\/wp-header-logo-139.png",1,1,false]},"author_info":{"info":[""]},"category_info":"<a href=\"https:\/\/radiofenix.com.ar\/2023\/category\/internacional\/\" rel=\"category tag\">Internacional<\/a>","tag_info":"Internacional","comment_count":"0","_links":{"self":[{"href":"https:\/\/radiofenix.com.ar\/2023\/wp-json\/wp\/v2\/posts\/194077","targetHints":{"allow":["GET"]}}],"collection":[{"href":"https:\/\/radiofenix.com.ar\/2023\/wp-json\/wp\/v2\/posts"}],"about":[{"href":"https:\/\/radiofenix.com.ar\/2023\/wp-json\/wp\/v2\/types\/post"}],"replies":[{"embeddable":true,"href":"https:\/\/radiofenix.com.ar\/2023\/wp-json\/wp\/v2\/comments?post=194077"}],"version-history":[{"count":0,"href":"https:\/\/radiofenix.com.ar\/2023\/wp-json\/wp\/v2\/posts\/194077\/revisions"}],"wp:featuredmedia":[{"embeddable":true,"href":"https:\/\/radiofenix.com.ar\/2023\/wp-json\/wp\/v2\/media\/194078"}],"wp:attachment":[{"href":"https:\/\/radiofenix.com.ar\/2023\/wp-json\/wp\/v2\/media?parent=194077"}],"wp:term":[{"taxonomy":"category","embeddable":true,"href":"https:\/\/radiofenix.com.ar\/2023\/wp-json\/wp\/v2\/categories?post=194077"},{"taxonomy":"post_tag","embeddable":true,"href":"https:\/\/radiofenix.com.ar\/2023\/wp-json\/wp\/v2\/tags?post=194077"}],"curies":[{"name":"wp","href":"https:\/\/api.w.org\/{rel}","templated":true}]}}