{"id":194079,"date":"2024-07-25T08:58:17","date_gmt":"2024-07-25T08:58:17","guid":{"rendered":"https:\/\/radiofenix.com.ar\/2023\/avanzan-con-la-reestructuracion-del-incaa-cambios-en-subsidios-y-recursos\/"},"modified":"2024-07-25T08:58:17","modified_gmt":"2024-07-25T08:58:17","slug":"avanzan-con-la-reestructuracion-del-incaa-cambios-en-subsidios-y-recursos","status":"publish","type":"post","link":"https:\/\/radiofenix.com.ar\/2023\/avanzan-con-la-reestructuracion-del-incaa-cambios-en-subsidios-y-recursos\/","title":{"rendered":"Avanzan con la reestructuraci\u00f3n del INCAA: cambios en subsidios y recursos"},"content":{"rendered":"<div id=\"\">\n<p>El decreto entr\u00f3 en vigencia tras su publicaci\u00f3n en el Bolet\u00edn Oficial, <strong>excepto la reglamentaci\u00f3n del art\u00edculo 24 de la ley,<\/strong> que estipula que el Fondo de Fomento Cinematogr\u00e1fico se aplicar\u00e1 a los <strong>gastos de personal, gastos generales e inversiones del INCAA, sin exceder el 20% de los recursos anuales percibidos.<\/strong> <span class=\"saysCMSEmphasis\" id=\"saysCMSEmphasis237lhl7vzae\">La aplicaci\u00f3n de este art\u00edculo comenzar\u00e1 a regir a partir del 1 de junio de 2025. <\/span><\/p>\n<h2>Racionalizaci\u00f3n de recursos y reducci\u00f3n de personal<\/h2>\n<div contenteditable=\"false\" class=\"embed_cont type_imagen\" id=\"7950098-Libre-885308750_wrap\">\n<p>incaa <span onclick=\"parent.parent.TinyMCETdcuerpo.preview_embed('7950098-Libre-885308750')\" class=\"embed_colapse less\" id=\"7950098-Libre-885308750_colapse\"\/>  <span onclick=\"parent.parent.TinyMCETdcuerpo.delete_embed('7950098-Libre-885308750')\" class=\"embed_delete less\" id=\"7950098-Libre-885308750_delete\"\/><\/p>\n<div id=\"7950098-Libre-885308750_content\" class=\"embed_content\"><img loading=\"lazy\" decoding=\"async\" src=\"https:\/\/media.minutouno.com\/p\/3cd14cb73769ebe6b2fd55a5256924af\/adjuntos\/150\/imagenes\/041\/619\/0041619024\/incaa.jpg\" alt=\"\" title=\"\" width=\"610\" height=\"456\" id=\"7950098-Libre-885308750_embed\"\/><\/div>\n<\/p><\/div>\n<p>Uno de los objetivos principales de la reestructuraci\u00f3n es la racionalizaci\u00f3n de recursos y la reducci\u00f3n de la planta de empleados del INCAA, la cual ha crecido de manera desproporcionada en los \u00faltimos a\u00f1os. Seg\u00fan el Poder Ejecutivo, <strong>en el a\u00f1o 2000 el INCAA contaba con alrededor de 90 trabajadores<\/strong>. Sin embargo, <span class=\"saysCMSEmphasis\" id=\"saysCMSEmphasis19mad2sp5gn\">para diciembre de 2023 la cifra hab\u00eda aumentado a m\u00e1s de 900 empleados<\/span><strong>, <\/strong>afectando considerablemente el presupuesto destinado al fomento del cine.<\/p>\n<p>\u201cEl aumento desproporcionado de la planta llev\u00f3 a que, en el ejercicio anterior,<strong> el 42 % de los ingresos se destinaran a sueldos<\/strong>, lo que perjudica directamente el objeto principal del INCAA, es decir el fomento de la actividad cinematogr\u00e1fica\u201d, destac\u00f3 el Gobierno.<\/p>\n<p>Asimismo, se\u00f1alaron que <strong>se han delegado al INCAA tareas ajenas a sus misiones y funciones,<\/strong> contribuyendo al incremento desproporcionado de su plantilla.<\/p>\n<h2>Cambios en el sistema de subsidios al INCAA<\/h2>\n<div contenteditable=\"false\" class=\"embed_cont type_imagen\" id=\"1280026-Libre-1676332336_wrap\">\n<p>incaa.jpg <span onclick=\"parent.parent.TinyMCETdcuerpo.preview_embed('1280026-Libre-1676332336')\" class=\"embed_colapse less\" id=\"1280026-Libre-1676332336_colapse\"\/>  <span onclick=\"parent.parent.TinyMCETdcuerpo.delete_embed('1280026-Libre-1676332336')\" class=\"embed_delete less\" id=\"1280026-Libre-1676332336_delete\"\/><\/p>\n<div id=\"1280026-Libre-1676332336_content\" class=\"embed_content\"><img decoding=\"async\" src=\"https:\/\/media.minutouno.com\/p\/1cd05780f28299e9ce3285569c83db3e\/adjuntos\/150\/imagenes\/023\/446\/0023446966\/610x0\/smart\/incaajpg.jpg\" alt=\"\" title=\"\" width=\"610\" height=\"undefined\" id=\"1280026-Libre-1676332336_embed\"\/><\/div>\n<\/p><\/div>\n<p>Para optimizar recursos, <strong>el Gobierno propone modificar el sistema de entrega de subsidios, priorizando la calidad, exhibici\u00f3n y recuperaci\u00f3n de fondos otorgados<\/strong>, en lugar de preferencias ideol\u00f3gicas.<\/p>\n<p>Desde ahora, <strong>el presidente del INCAA fijar\u00e1 la cuota de pantalla para pel\u00edculas nacionales,<\/strong> segment\u00e1ndola seg\u00fan las caracter\u00edsticas de las salas de exhibici\u00f3n.<\/p>\n<p>Evaluaci\u00f3n y Limitaciones de Subsidios<\/p>\n<p>El INCAA evaluar\u00e1 la<strong> aptitud de los proyectos para ser subsidiados<\/strong>, considerando un plan completo de producci\u00f3n y financiamiento acreditado.<span class=\"saysCMSEmphasis\" id=\"saysCMSEmphasisfw8v90ni4n\"> El subsidio no podr\u00e1 exceder el 20% del Fondo de Fomento Cinematogr\u00e1fico ni representar m\u00e1s del 50% del costo total de producci\u00f3n del proyecto. <\/span><\/p>\n<h2>D\u00e9ficit y deuda del INCAA<\/h2>\n<p>En 2023, <strong>el INCAA requiri\u00f3 aportes extraordinarios del Tesoro Nacional por aproximadamente $1.900 millones para cubrir gastos operativos<\/strong>, incluyendo la realizaci\u00f3n del Festival Internacional de Cine de Mar del Plata y Ventana Sur.<\/p>\n<p>Adem\u00e1s, <strong>el INCAA acumul\u00f3 una <\/strong> <span class=\"saysCMSEmphasis\" id=\"saysCMSEmphasis8u96j84jb96\"> deuda <\/span><strong>con proveedores de $700 millones,<\/strong> transferida al ejercicio 2024, seg\u00fan se especific\u00f3 en los considerados del decreto.<\/p>\n<p>El <span class=\"saysCMSEmphasis\" id=\"saysCMSEmphasisbtjrsdaf14e\"> d\u00e9ficit <\/span>de ejecuci\u00f3n del INCAA en 2023 fue de <strong>$2.600 millones<\/strong>, impactando directamente en el presupuesto de 2024.<\/p>\n<div contenteditable=\"false\" class=\"embed_cont type_freetext\" rel=\"freetext\" id=\"embed46_wrap\">\n<p> Embed <span onclick=\"parent.parent.TinyMCETdcuerpo.preview_embed('embed46')\" class=\"embed_colapse less\" id=\"embed46_colapse\"\/> <span onclick=\"parent.parent.TinyMCETdcuerpo.delete_embed('embed46')\" class=\"embed_delete less\" id=\"embed46_delete\"\/><\/p>\n<div id=\"embed46_content\" class=\"embed_content\">\n<div id=\"embed46_embed\">\n<figure class=\"figure\"><a href=\"https:\/\/t.me\/minutounocom\" target=\"_blank\" rel=\"noopener\"><img decoding=\"async\" src=\"https:\/\/media.minutouno.com\/adjuntos\/150\/banners\/039\/099\/0039099175.jpg\" class=\"figure-img img-fluid\" style=\"width:100%;height:auto;\"\/><\/a><\/figure>\n<\/div>\n<\/div><\/div>\n<\/p><\/div>\n<p><a href=\"https:\/\/www.minutouno.com\/politica\/incaa\/avanzan-la-reestructuracion-del-cambios-subsidios-y-recursos-n6037462\">source<\/a><\/p>\n","protected":false},"excerpt":{"rendered":"<p>El decreto entr\u00f3 en vigencia tras su publicaci\u00f3n en el Bolet\u00edn Oficial, excepto la reglamentaci\u00f3n&#8230;<\/p>\n","protected":false},"author":0,"featured_media":194080,"comment_status":"open","ping_status":"open","sticky":false,"template":"","format":"standard","meta":{"footnotes":""},"categories":[2],"tags":[],"class_list":["post-194079","post","type-post","status-publish","format-standard","has-post-thumbnail","hentry","category-politica"],"featured_image_urls":{"full":["https:\/\/radiofenix.com.ar\/2023\/wp-content\/uploads\/2024\/07\/wp-header-logo-139.png",0,0,false],"thumbnail":["https:\/\/radiofenix.com.ar\/2023\/wp-content\/uploads\/2024\/07\/wp-header-logo-139.png",1,1,false],"medium":["https:\/\/radiofenix.com.ar\/2023\/wp-content\/uploads\/2024\/07\/wp-header-logo-139.png",1,1,false],"medium_large":["https:\/\/radiofenix.com.ar\/2023\/wp-content\/uploads\/2024\/07\/wp-header-logo-139.png",1,1,false],"large":["https:\/\/radiofenix.com.ar\/2023\/wp-content\/uploads\/2024\/07\/wp-header-logo-139.png",1,1,false],"1536x1536":["https:\/\/radiofenix.com.ar\/2023\/wp-content\/uploads\/2024\/07\/wp-header-logo-139.png",1,1,false],"2048x2048":["https:\/\/radiofenix.com.ar\/2023\/wp-content\/uploads\/2024\/07\/wp-header-logo-139.png",1,1,false],"newsium-slider-full":["https:\/\/radiofenix.com.ar\/2023\/wp-content\/uploads\/2024\/07\/wp-header-logo-139.png",1,1,false],"newsium-featured":["https:\/\/radiofenix.com.ar\/2023\/wp-content\/uploads\/2024\/07\/wp-header-logo-139.png",1,1,false],"newsium-medium":["https:\/\/radiofenix.com.ar\/2023\/wp-content\/uploads\/2024\/07\/wp-header-logo-139.png",1,1,false]},"author_info":{"info":[""]},"category_info":"<a href=\"https:\/\/radiofenix.com.ar\/2023\/category\/politica\/\" rel=\"category tag\">Pol\u00edtica<\/a>","tag_info":"Pol\u00edtica","comment_count":"0","_links":{"self":[{"href":"https:\/\/radiofenix.com.ar\/2023\/wp-json\/wp\/v2\/posts\/194079","targetHints":{"allow":["GET"]}}],"collection":[{"href":"https:\/\/radiofenix.com.ar\/2023\/wp-json\/wp\/v2\/posts"}],"about":[{"href":"https:\/\/radiofenix.com.ar\/2023\/wp-json\/wp\/v2\/types\/post"}],"replies":[{"embeddable":true,"href":"https:\/\/radiofenix.com.ar\/2023\/wp-json\/wp\/v2\/comments?post=194079"}],"version-history":[{"count":0,"href":"https:\/\/radiofenix.com.ar\/2023\/wp-json\/wp\/v2\/posts\/194079\/revisions"}],"wp:featuredmedia":[{"embeddable":true,"href":"https:\/\/radiofenix.com.ar\/2023\/wp-json\/wp\/v2\/media\/194080"}],"wp:attachment":[{"href":"https:\/\/radiofenix.com.ar\/2023\/wp-json\/wp\/v2\/media?parent=194079"}],"wp:term":[{"taxonomy":"category","embeddable":true,"href":"https:\/\/radiofenix.com.ar\/2023\/wp-json\/wp\/v2\/categories?post=194079"},{"taxonomy":"post_tag","embeddable":true,"href":"https:\/\/radiofenix.com.ar\/2023\/wp-json\/wp\/v2\/tags?post=194079"}],"curies":[{"name":"wp","href":"https:\/\/api.w.org\/{rel}","templated":true}]}}