{"id":194081,"date":"2024-07-25T08:58:19","date_gmt":"2024-07-25T08:58:19","guid":{"rendered":"https:\/\/radiofenix.com.ar\/2023\/gustavo-ruiz-y-su-serie-de-retratos-de-victimas-de-cromanon\/"},"modified":"2024-07-25T08:58:19","modified_gmt":"2024-07-25T08:58:19","slug":"gustavo-ruiz-y-su-serie-de-retratos-de-victimas-de-cromanon","status":"publish","type":"post","link":"https:\/\/radiofenix.com.ar\/2023\/gustavo-ruiz-y-su-serie-de-retratos-de-victimas-de-cromanon\/","title":{"rendered":"Gustavo Ruiz y su serie de retratos de v\u00edctimas de Croma\u00f1\u00f3n"},"content":{"rendered":"<div>\n<p><b>Gustavo Ruiz <\/b>es un artista visual que no ten\u00eda ning\u00fan v\u00ednculo con la <b>masacre de Croma\u00f1\u00f3n<\/b> hasta el 30 de diciembre del a\u00f1o pasado, cuando decidi\u00f3 comenzar a dibujar los rostros de las <b>v\u00edctimas del incendio<\/b>. Termin\u00f3 el proceso a comienzos de julio. Este a\u00f1o, cerca del vig\u00e9simo aniversario del hecho, <b>compartir\u00e1 estos retratos en muestras en distintas ciudades del Gran Buenos Aires<\/b> -de donde eran oriundos los fallecidos-, espec\u00edficamente en universidades. Su iniciativa va m\u00e1s all\u00e1 de las ilustraciones. Comprende, adem\u00e1s, un <b>libro<\/b>. Para el final del proyecto, <b>ceder\u00e1 los derechos y entregar\u00e1 los originales para que sean exhibidos en el Espacio de Memoria Croma\u00f1\u00f3n<\/b> cuando se concrete la expropiaci\u00f3n ya reglamentada del local.<\/p>\n<p>\u00abComenc\u00e9 este trabajo el 30 de diciembre de 2023. Una persona muy cercana es fan\u00e1tica de Don Osvaldo y de Pato Fontanet, y a ra\u00edz de eso me coment\u00f3 que se iba a hacer el recital por Croma\u00f1\u00f3n que se hace todos los a\u00f1os en el Obelisco. Yo no estaba enterado de que se hac\u00eda todos los a\u00f1os ni de que era el 19\u00b0 aniversario. Ah\u00ed se me ocurri\u00f3 que el vig\u00e9simo aniversario era un buen motivo para hacer los retratos de todas las v\u00edctimas\u00bb, cuenta Ruiz, en v\u00edsperas de la primera muestra en una casa de estudios (inaugura el 1\u00b0 de agosto en la <b>sede San Miguel de la Universidad Nacional de General Sarmiento<\/b>).<\/p>\n<p>\u00abMe di cuenta de que no conoc\u00eda nada de Croma\u00f1\u00f3n, que iba abriendo ventanas a un universo desconocido totalmente. Decid\u00ed salir de la vanidad de considerarme el \u00fanico que no sab\u00eda. <b>Me plante\u00e9 dirigirme a personas como yo<\/b>. Eleg\u00ed a las <b>universidades p\u00fablicas<\/b> como sede de las muestras por su transversalidad, pensando en personas que no est\u00e9n necesariamente interesadas en Croma\u00f1\u00f3n o exposiciones de arte, y que puedan ser atravesadas por estas miradas, estas vidas, rostros&#8230;\u00a0<b>interpretaciones pl\u00e1sticas <\/b>que hice yo. Quiero construir memoria de esta manera. Muchos estudiantes no hab\u00edan nacido, siquiera, cuando ocurri\u00f3 la masacre\u00bb, expresa el artista a <b>P\u00e1gina\/12<\/b>.<\/p>\n<p>En las universidades <b>Arturo Jauretche, la de Lomas de Zamora, la de La Plata, la UNSAM, la de Quilmes y la de Avellaneda<\/b> se realizar\u00e1n exposiciones hasta noviembre, en ese orden. En cada espacio, la muestra permanecer\u00e1 entre 10 y 15 d\u00edas. En diciembre, familiares de las v\u00edctimas y sobrevivientes podr\u00e1n decidir d\u00f3nde prefieren hacer el montaje.<\/p>\n<p><b>No ser\u00e1 una muestra documental, el eje es art\u00edstico<\/b>; porque siquiera los retratos llevan el nombre de cada v\u00edctima. Estos \u00abejercicios pl\u00e1sticos\u00bb, estos 194\u00a0<b>dibujos en tinta de 21 x 30 <\/b>que Ruiz realiz\u00f3 durante siete meses en su casa, su trabajo y la casa de su pareja surgieron de un <b>\u00abarchivo \u00fanico\u00bb: la bandera que contiene las fotos de quienes murieron en\u00a0el incendio<\/b>. \u00abNo s\u00e9 cu\u00e1ntos miles de fotos existen sobre m\u00ed. Pero de estos pibes las \u00fanicas que exist\u00edan eran de c\u00e1maras anal\u00f3gicas, refotografiadas en forma casera para ser impresas en la bandera, que a su vez fue fotografiada, cargada a Facebook, descargada en mi tel\u00e9fono, y eso lo reinterpret\u00e9 para hacer un retrato\u00bb, detalla Ruiz acerca del proceso. \u00abDebido a la calidad fotogr\u00e1fica hice mucha interpretaci\u00f3n, porque hay im\u00e1genes absolutamente borrosas, en movimiento, lo que me permiti\u00f3 jugar m\u00e1s est\u00e9ticamente, pero respetando siempre la literalidad de los rostros. Jugu\u00e9 con el entorno, la ropa, el pelo, los peinados. Trabaj\u00e9 con manchas, aguados y plenos.\u00bb\u00a0<\/p>\n<p>\u00abHay siete v\u00edctimas cuyas familias nunca aportaron la fotograf\u00eda. Esos siete retratos est\u00e1n reemplazados por im\u00e1genes de la cultura del rock de principios de los 2000\u00bb, precisa. Durante todo este tiempo, el dibujante pens\u00f3 en los <b>c\u00e1nones de belleza <\/b>de aquella \u00e9poca -\u00abno hab\u00eda piercings ni tatuajes en el rostro\u00bb-, pero tambi\u00e9n en los \u00ab<b>c\u00e1nones afectivos\u00bb<\/b>, es decir, los factores que determinan que una familia elija tal o cual imagen para recordar a un ser querido. Se encontr\u00f3, por ejemplo, con muchos retratos de cumplea\u00f1os de 15 de las chicas. \u00abTienen peinados elaborados, cosa que las distingue totalmente del resto del universo de fotos, porque no hab\u00eda cuidados en las cabelleras, peinados elaborados como ahora. <b>Todos los c\u00e1nones de belleza contempor\u00e1neos est\u00e1n atravesados por el uso de la fotograf\u00eda digital<\/b>\u00ab, contrasta.<\/p>\n<p><b>Llama a esta idea que tuvo \u00abProyecto Croma\u00f1\u00f3n\u00bb porque consta de distintas etapas<\/b>. Siempre estuvo en contacto con un conjunto de asociaciones -No Nos Cuenten Croma\u00f1\u00f3n, Movimiento Croma\u00f1\u00f3n, Coordinadora Croma\u00f1\u00f3n, El Camino Es Cultural, Croma\u00f1\u00f3n Tambi\u00e9n Nos Ense\u00f1\u00f3 y Familias por la Vida-. La joven fot\u00f3grafa <b>Camila Romero Venanzi <\/b>fue clave para digitalizar los dibujos, que quedaron en un Drive y fueron enseguida compartidos con las agrupaciones para que los usaran libremente. Ahora arranca la etapa de las exposiciones. Adem\u00e1s el artista, reuni\u00f3 estos trabajos en un libro de 200 p\u00e1ginas, titulado <i>Croma\u00f1\u00f3n 20 a\u00f1os 194 retratos<\/i>. La etapa final implica la cesi\u00f3n total de derechos y la entrega definitiva de los originales para que sean exhibidos en el Espacio de Memoria Croma\u00f1\u00f3n cuando se concrete la expropiaci\u00f3n del local, a\u00fan en manos de Rafael Levy.\u00a0<\/p>\n<p>\u00abMe voy a desprender por completo de mi obra. Pasar\u00e1 a ser p\u00fablica\u00bb, dice Ruiz sobre esta decisi\u00f3n. \u00abLa reciprocidad que recib\u00ed en estos meses de parte de familiares y sobrevivientes me conmov\u00eda, me dejaba seguir\u00bb, a\u00f1ade. Recuerda los agradecimientos y el abrazo de una mam\u00e1 que llor\u00f3 al ver los dibujos.<\/p>\n<p>Ruiz vive en Boulogne, pero naci\u00f3 en La Plata, donde estudi\u00f3 en la Facultad de Bellas Artes. Tambi\u00e9n se form\u00f3 en el Instituto de Dise\u00f1o Teatral Saulo Benavente. Desde 1997 integra el plantel del Taller de Escenograf\u00eda del Teatro Col\u00f3n. Es autodidacta en pintura. Su trabajo fue expuesto en distintos salones. \u00abNo tengo \u00e9xito en lo que es arte de galer\u00eda, ning\u00fan premio ganado. No me conoce nadie en el ambiente. Pero en el <b>arte popular <\/b>realmente siempre me fue bien. Me siento valorado y querido. De Maradona vend\u00ed 40 cuadros en Argentina y uno en Francia. Sobre el tango expuse en distintas ciudades. Ahora <b>que haya personas que se conmueven, como los familiares, por un retrato hecho en tinta, es la mayor retribuci\u00f3n<\/b>\u00ab, concluye.<\/p>\n<\/div>\n<p><a href=\"https:\/\/www.pagina12.com.ar\/754613-gustavo-ruiz-y-su-serie-de-retratos-de-victimas-de-cromanon\">source<\/a><\/p>\n","protected":false},"excerpt":{"rendered":"<p>Gustavo Ruiz es un artista visual que no ten\u00eda ning\u00fan v\u00ednculo con la masacre de&#8230;<\/p>\n","protected":false},"author":0,"featured_media":194082,"comment_status":"open","ping_status":"open","sticky":false,"template":"","format":"standard","meta":{"footnotes":""},"categories":[4],"tags":[],"class_list":["post-194081","post","type-post","status-publish","format-standard","has-post-thumbnail","hentry","category-espectaculos"],"featured_image_urls":{"full":["https:\/\/radiofenix.com.ar\/2023\/wp-content\/uploads\/2024\/07\/wp-header-logo-139.png",0,0,false],"thumbnail":["https:\/\/radiofenix.com.ar\/2023\/wp-content\/uploads\/2024\/07\/wp-header-logo-139.png",1,1,false],"medium":["https:\/\/radiofenix.com.ar\/2023\/wp-content\/uploads\/2024\/07\/wp-header-logo-139.png",1,1,false],"medium_large":["https:\/\/radiofenix.com.ar\/2023\/wp-content\/uploads\/2024\/07\/wp-header-logo-139.png",1,1,false],"large":["https:\/\/radiofenix.com.ar\/2023\/wp-content\/uploads\/2024\/07\/wp-header-logo-139.png",1,1,false],"1536x1536":["https:\/\/radiofenix.com.ar\/2023\/wp-content\/uploads\/2024\/07\/wp-header-logo-139.png",1,1,false],"2048x2048":["https:\/\/radiofenix.com.ar\/2023\/wp-content\/uploads\/2024\/07\/wp-header-logo-139.png",1,1,false],"newsium-slider-full":["https:\/\/radiofenix.com.ar\/2023\/wp-content\/uploads\/2024\/07\/wp-header-logo-139.png",1,1,false],"newsium-featured":["https:\/\/radiofenix.com.ar\/2023\/wp-content\/uploads\/2024\/07\/wp-header-logo-139.png",1,1,false],"newsium-medium":["https:\/\/radiofenix.com.ar\/2023\/wp-content\/uploads\/2024\/07\/wp-header-logo-139.png",1,1,false]},"author_info":{"info":[""]},"category_info":"<a href=\"https:\/\/radiofenix.com.ar\/2023\/category\/espectaculos\/\" rel=\"category tag\">Espectaculos<\/a>","tag_info":"Espectaculos","comment_count":"0","_links":{"self":[{"href":"https:\/\/radiofenix.com.ar\/2023\/wp-json\/wp\/v2\/posts\/194081","targetHints":{"allow":["GET"]}}],"collection":[{"href":"https:\/\/radiofenix.com.ar\/2023\/wp-json\/wp\/v2\/posts"}],"about":[{"href":"https:\/\/radiofenix.com.ar\/2023\/wp-json\/wp\/v2\/types\/post"}],"replies":[{"embeddable":true,"href":"https:\/\/radiofenix.com.ar\/2023\/wp-json\/wp\/v2\/comments?post=194081"}],"version-history":[{"count":0,"href":"https:\/\/radiofenix.com.ar\/2023\/wp-json\/wp\/v2\/posts\/194081\/revisions"}],"wp:featuredmedia":[{"embeddable":true,"href":"https:\/\/radiofenix.com.ar\/2023\/wp-json\/wp\/v2\/media\/194082"}],"wp:attachment":[{"href":"https:\/\/radiofenix.com.ar\/2023\/wp-json\/wp\/v2\/media?parent=194081"}],"wp:term":[{"taxonomy":"category","embeddable":true,"href":"https:\/\/radiofenix.com.ar\/2023\/wp-json\/wp\/v2\/categories?post=194081"},{"taxonomy":"post_tag","embeddable":true,"href":"https:\/\/radiofenix.com.ar\/2023\/wp-json\/wp\/v2\/tags?post=194081"}],"curies":[{"name":"wp","href":"https:\/\/api.w.org\/{rel}","templated":true}]}}