{"id":194085,"date":"2024-07-26T08:09:40","date_gmt":"2024-07-26T08:09:40","guid":{"rendered":"https:\/\/radiofenix.com.ar\/2023\/efemerides-de-hoy-que-paso-un-26-de-julio\/"},"modified":"2024-07-26T08:09:40","modified_gmt":"2024-07-26T08:09:40","slug":"efemerides-de-hoy-que-paso-un-26-de-julio","status":"publish","type":"post","link":"https:\/\/radiofenix.com.ar\/2023\/efemerides-de-hoy-que-paso-un-26-de-julio\/","title":{"rendered":"Efem\u00e9rides de hoy: qu\u00e9 pas\u00f3 un 26 de julio"},"content":{"rendered":"<div>\n<p>En las <b>efem\u00e9rides del 26 de julio <\/b>sobresalen estos hechos que ocurrieron un d\u00eda como hoy en la Argentina y el mundo:<\/p>\n<h2>1822.<br \/>\nLa entrevista de Guayaquil<\/h2>\n<p><b><a href=\"https:\/\/www.pagina12.com.ar\/280938-guayaquil-la-lectura-liberal-mitrista\">Jos\u00e9 de San Mart\u00edn y Sim\u00f3n Bol\u00edvar se encuentran en Guayaquil<\/a><\/b>. Es la primera y \u00fanica vez que los dos libertadores se re\u00fanen cara a cara. <b>La entrevista es sin testigos y se extiende hasta el d\u00eda siguiente<\/b>. San Mart\u00edn propone una monarqu\u00eda constitucional, mientras que Bol\u00edvar se inclina por una gran rep\u00fablica que re\u00fana a los distintos pueblos del continente. M\u00e1s all\u00e1 de esa diferencia, la entrevista fracasa porque San Mart\u00edn no consigue apoyo militar de Bol\u00edvar para Chile y Per\u00fa, ni siquiera cuando ofrece ponerse a las \u00f3rdenes del general venezolano.<a href=\"https:\/\/www.pagina12.com.ar\/357290-un-abordaje-desde-la-literatura-del-encuentro-entre-san-mart\"> Los testimonios de colaboradores de ambos ayudaron a reconstruir la reuni\u00f3n<\/a>.<\/p>\n<p><iframe style=\"border: 0px; position: absolute; top: 0px; left: 0px; height: 100%;\" allowfullscreen=\"\" frameborder=\"0\" src=\"https:\/\/www.youtube.com\/embed\/6tgjv69MsnU\"><\/iframe><\/p>\n<h2>1875.<br \/>\nNace Antonio Machado<\/h2>\n<p><b>Antonio Machado nace en Sevilla<\/b>. Fue el m\u00e1s joven exponente de la Generaci\u00f3n del 98. <b>Sus primeros versos se agruparon en <i>Soledades<\/i>, en 1903<\/b>. Luego llegar\u00edan t\u00edtulos como <i>Campos de Castilla<\/i>, <i>Nuevas canciones<\/i> y <i>La tierra de Alvargonz\u00e1lez<\/i>. Parti\u00f3 al exilio en los meses finales de la Guerra Civil Espa\u00f1ola. <b><a href=\"https:\/\/www.pagina12.com.ar\/176490-no-puedo-cantar-ni-quiero\">Muri\u00f3 en la localidad francesa de Colliure, el 22 de febrero de 1939<\/a><\/b>, pocas semanas antes de<a href=\"https:\/\/www.pagina12.com.ar\/184627-el-dia-que-el-fascismo-gano-la-guerra-en-espana\"> la victoria franquista<\/a>, y all\u00ed est\u00e1 enterrado.<\/p>\n<p><iframe style=\"border: 0px; position: absolute; top: 0px; left: 0px; height: 100%;\" allowfullscreen=\"\" frameborder=\"0\" src=\"https:\/\/www.youtube.com\/embed\/eZJlWOPYjy8\"><\/iframe><\/p>\n<h2>1890.<br \/>\nLa Revoluci\u00f3n del Parque<\/h2>\n<p><b>Un grupo de dirigentes pol\u00edticos se alza en armas contra el gobierno conservador de Miguel Ju\u00e1rez Celman<\/b>, en medio de una grave crisis econ\u00f3mica y cr\u00edticas hacia el mandatario por su excesivo presidencialismo, lo cual deriv\u00f3 en el mote de Unicato para referirse a su per\u00edodo. <b>Leandro Alem, Bartolom\u00e9 Mitre y Arist\u00f3bulo de Valle, entre otros, se nuclean en un frente opositor, la Uni\u00f3n C\u00edvica<\/b>, que decide pasar a la acci\u00f3n. Los sublevados se enfrentan a las fuerzas leales en la zona de la actual Plaza Lavalle. <b>Los enfrentamientos duran tres d\u00edas<\/b> y causan un n\u00famero indeterminado de v\u00edctimas, entre muertos y heridos, que podr\u00eda ser de hasta 1500.<b> Pese a su victoria, Ju\u00e1rez Celman renuncia y lo sucede el vicepresidente, Carlos Pellegrini<\/b>. De la Revoluci\u00f3n del Parque emerger\u00e1 el primer partido pol\u00edtico moderno de la Argentina: la Uni\u00f3n C\u00edvica Radical.<\/p>\n<p><iframe style=\"border: 0px; position: absolute; top: 0px; left: 0px; height: 100%;\" allowfullscreen=\"\" frameborder=\"0\" src=\"https:\/\/www.youtube.com\/embed\/NDQZFj55voQ\"><\/iframe><\/p>\n<h2>1928.<br \/>\nEl nacimiento de Stanley Kubrick<\/h2>\n<p><b>Nace<a href=\"https:\/\/www.pagina12.com.ar\/1999\/suple\/radar\/99-03\/99-03-14\/nota3.htm\"> Stanley Kubrick <\/a>en Nueva York<\/b>. Film\u00f3 doce pel\u00edculas entre 1953 y 1987. Sus primeras pel\u00edculas fueron<i> Miedo y deseo <\/i>y <i>El beso del asesino<\/i>. Se destac\u00f3 en los 50 con<i> Casta de malditos<\/i> y <i>La patrulla infernal<\/i>. En 1960 fue su \u00fanica incursi\u00f3n por encargo: <i><a href=\"https:\/\/www.pagina12.com.ar\/diario\/suplementos\/radar\/subnotas\/6405-1188-2010-08-22.html\">Espartaco<\/a><\/i>. Luego escandaliz\u00f3 con su versi\u00f3n de <i>Lolita <\/i>y con la s\u00e1tira de la guerra nuclear que es <i>Doctor Ins\u00f3lito<\/i>. Se pas\u00f3 a la ciencia-ficci\u00f3n con <i>2001: Odisea del espacio<\/i> y luego lleg\u00f3 la distop\u00eda de <i>La Naranja Mec\u00e1nica<\/i>, a la que siguieron el film de \u00e9poca <i>Barry Lyndon<\/i>, su incursi\u00f3n en el cine de terror que es <i>El resplandor<\/i>, y la lectura de la guerra de Vietnam en<i> Nacido para matar<\/i>. <a href=\"https:\/\/www.pagina12.com.ar\/1999\/99-03\/99-03-08\/pag18.htm\">Muri\u00f3 el 7 de marzo de 1999<\/a>, poco antes del estreno de <i><a href=\"https:\/\/www.pagina12.com.ar\/1999\/99-07\/99-07-05\/pag19.htm\">Ojos bien cerrados<\/a><\/i>.<b> Est\u00e1 considerado uno de los directores de cine m\u00e1s influyentes de la historia<\/b>.<\/p>\n<p><iframe style=\"border: 0px; position: absolute; top: 0px; left: 0px; height: 100%;\" allowfullscreen=\"\" frameborder=\"0\" src=\"https:\/\/www.youtube.com\/embed\/KF0gMQeKGtk\"><\/iframe><\/p>\n<h2>1942.<br \/>\nMuere Roberto Arlt<\/h2>\n<p><b>Fallece<a href=\"https:\/\/www.pagina12.com.ar\/315871-la-novela-grafica-sobre-roberto-arlt-y-su-tiempo\"> Roberto Arlt<\/a> a los 42 a\u00f1os<\/b>. Nacido el 26 de abril de 1900, su primera novela fue <i>El juguete rabioso<\/i>. A fines de los a\u00f1os 20 escribi\u00f3 para el diario <i>El Mundo<\/i> el material que formar\u00eda el corpus de sus<i> <a href=\"https:\/\/www.pagina12.com.ar\/218456-otra-mirada-sobre-las-aguafuertes-portenas-de-roberto-arlt\">Aguafuertes porte\u00f1as<\/a><\/i>. <b>En 1929 apareci\u00f3<i> Los siete locos<\/i>. Dos a\u00f1os m\u00e1s tarde vio la luz la segunda parte:<i> Los lanzallamas<\/i><\/b>. De 1932 es su cuarta y \u00faltima novela, <i>El amor brujo<\/i>. Los \u00faltimos diez a\u00f1os de su vida se dedica al teatro, con t\u00edtulos como<i> <a href=\"https:\/\/www.pagina12.com.ar\/47916-hacer-arlt-es-como-tocar-algo-de-bach\">Trescientos millones<\/a><\/i>, <i>Saverio el cruel <\/i>y<i> La isla desierta<\/i>. Sus cuentos se recopilaron en<i> El jorobadito <\/i>y <i>El criador de gorilas<\/i>.<\/p>\n<p><iframe style=\"border: 0px; position: absolute; top: 0px; left: 0px; height: 100%;\" allowfullscreen=\"\" frameborder=\"0\" src=\"https:\/\/www.youtube.com\/embed\/J5HauiO21Xw\"><\/iframe><\/p>\n<h2>1943.<br \/>\nNace Mick Jagger<\/h2>\n<p>En Dartford, en el condado de Kent, nace<a href=\"https:\/\/www.pagina12.com.ar\/185492-me-siento-mucho-mejor-y-aliviado\"> <b>Mick Jagger<\/b><\/a>. La voz de los <a href=\"https:\/\/www.pagina12.com.ar\/337672-50-anos-de-sticky-fingers-clasico-de-los-rolling-stones\">Rolling Stones<\/a> estudi\u00f3 en la London School of Economics y acumula seis d\u00e9cadas con<a href=\"https:\/\/www.pagina12.com.ar\/556531-a-60-anos-de-la-primera-grabacion-de-los-rolling-stones\"> la m\u00edtica banda<\/a>. <b>Por fuera de los Stones tiene cuatro discos solistas y tambi\u00e9n ha actuado en cine<\/b>. Padre de ocho hijos, <b>fue nombrado Caballero de la Orden del Imperio Brit\u00e1nico en 2003<\/b>.<\/p>\n<p><iframe style=\"border: 0px; position: absolute; top: 0px; left: 0px; height: 100%;\" allowfullscreen=\"\" frameborder=\"0\" src=\"https:\/\/www.youtube.com\/embed\/KzYWTIHqutA\"><\/iframe><\/p>\n<h2>1952.<br \/>\nLa muerte de Evita<\/h2>\n<p>Muere <b><a href=\"https:\/\/www.pagina12.com.ar\/280850-eva-y-esa-costumbre-de-resucitar\">Eva Per\u00f3n <\/a><\/b>a los 33 a\u00f1os, <a href=\"https:\/\/www.pagina12.com.ar\/281071-iluminaron-los-murales-de-evita-a-68-anos-de-su-muerte\">v\u00edctima de c\u00e1ncer<\/a>. Creci\u00f3 con tres hermanas y un hermano, criados todos por su madre. Lleg\u00f3 de muy joven a Buenos Aires, con el sue\u00f1o de ser actriz. Trabaj\u00f3 en radio y cine. Conoci\u00f3 a Juan Domingo Per\u00f3n en 1944 y se cas\u00f3 con \u00e9l despu\u00e9s del hist\u00f3rico 17 de octubre de 1945. <b>Convertida en Primera Dama, lider\u00f3 la acci\u00f3n social a trav\u00e9s de la fundaci\u00f3n que llev\u00f3 su nombre<\/b>. <a href=\"https:\/\/www.pagina12.com.ar\/305148-a-69-anos-del-primer-voto-femenino\">Tambi\u00e9n se pleg\u00f3 a la lucha por el voto femenino <\/a>y renunci\u00f3 a ser candidata a vicepresidenta en 1951.<b> Su cuerpo fue robado y vejado despu\u00e9s del derrocamiento de Per\u00f3n <\/b>y estuvo enterrado con nombre falso en Mil\u00e1n hasta 1971. <b>Hoy descansa en el cementerio de la Recoleta<\/b>.<\/p>\n<p><iframe style=\"border: 0px; position: absolute; top: 0px; left: 0px; height: 100%;\" allowfullscreen=\"\" frameborder=\"0\" src=\"https:\/\/www.youtube.com\/embed\/_67Cbl5kB2w\"><\/iframe><\/p>\n<h2>1953.<br \/>\nEl asalto al cuartel Moncada en Cuba<\/h2>\n<p><b>Un grupo de opositores a la dictadura de Fulgencio Batista <a href=\"https:\/\/www.pagina12.com.ar\/diario\/elmundo\/4-225305-2013-07-26.html\">asalta el cuartel Moncada, en Santiago de Cuba<\/a><\/b>. La acci\u00f3n es repelida con brutalidad: Batista impone el estado de sitio y sus hombres matan a decenas de asaltantes que ya se hab\u00edan rendido. <a href=\"https:\/\/www.pagina12.com.ar\/diario\/elmundo\/4-70525-2006-07-27.html\">Entre los detenidos hay un abogado de 26 a\u00f1os: Fidel Castro<\/a>. Recibe quince a\u00f1os de c\u00e1rcel. A su hermano Ra\u00fal le dan trece. <b>En el juicio, Fidel se hace su cargo de su defensa con un alegato que se conoce como <i>La Historia me absolver\u00e1<\/i><\/b>. En mayo de 1955, los condenados se benefician de una amnist\u00eda y parten a M\u00e9xico, donde planean c\u00f3mo continuar la lucha contra la dictadura.<\/p>\n<p><iframe style=\"border: 0px; position: absolute; top: 0px; left: 0px; height: 100%;\" allowfullscreen=\"\" frameborder=\"0\" src=\"https:\/\/www.youtube.com\/embed\/n9NWG9XiF4M\"><\/iframe><\/p>\n<h2>1954.<br \/>\nEl nacimiento de Leo Masl\u00edah<\/h2>\n<p>El m\u00fasico uruguayo<b> <a href=\"https:\/\/www.pagina12.com.ar\/316288-el-instituto-de-carreras-alternativas-de-leo-masliah\">Leo Masl\u00edah<\/a> <\/b>nace en Montevideo. De formaci\u00f3n acad\u00e9mica, tiene una vasta discograf\u00eda en su pa\u00eds natal y en la Argentina. Tambi\u00e9n tiene una amplia obra literaria y teatral. <b>En todas sus facetas se apoya en el humor<\/b>.<\/p>\n<p><iframe style=\"border: 0px; position: absolute; top: 0px; left: 0px; height: 100%;\" allowfullscreen=\"\" frameborder=\"0\" src=\"https:\/\/www.youtube.com\/embed\/-tS5kSj84bY\"><\/iframe><\/p>\n<h2>1967.<br \/>\nMuere Ignacio Corsini<\/h2>\n<p><b>El cantante y compositor<a href=\"https:\/\/www.pagina12.com.ar\/380723-el-cantautor-pablo-dacal-publico-el-libro-por-que-escuchamos\"> Ignacio Corsini <\/a>fallece a los 76 a\u00f1os<\/b>. Hab\u00eda nacido como Andrea Corsini en Sicilia. Arrib\u00f3 a la Argentina a los diez a\u00f1os, en 1901. Conoci\u00f3 al payador Jos\u00e9 Betinotti y fue amigo de Carlos Gardel. <a href=\"https:\/\/www.pagina12.com.ar\/384616-pablo-dacal-escribe-sobre-ignacio-corsini\">Su producci\u00f3n discogr\u00e1fica fue extensa<\/a>, acompa\u00f1ado casi siempre de guitarras. <b>Se retir\u00f3 en 1949<\/b>.<\/p>\n<p><iframe style=\"border: 0px; position: absolute; top: 0px; left: 0px; height: 100%;\" allowfullscreen=\"\" frameborder=\"0\" src=\"https:\/\/www.youtube.com\/embed\/jROdeAW33GI\"><\/iframe><\/p>\n<h2>2006.<br \/>\nGranizo en Buenos Aires<\/h2>\n<p><b><a href=\"https:\/\/www.pagina12.com.ar\/diario\/sociedad\/3-70540-2006-07-27.html\">Una lluvia de granizo cae sobre Buenos Aires y alrededores<\/a><\/b>. La precipitaci\u00f3n dura veinte intensos minutos y se vuelve memorable por el tama\u00f1o de las piedras de hielo, de <b>hasta diez cent\u00edmetros de di\u00e1metro<\/b>. Las piedras abollan autos y rompen vidrios. En los d\u00edas posteriores, <a href=\"https:\/\/www.pagina12.com.ar\/diario\/sociedad\/3-70587-2006-07-28.html\">los talleres mec\u00e1nicos se abarrotan de clientes que quieren que les saquen los bollos de sus veh\u00edculos<\/a>. <b>Se abre un debate: los seguros no cubren da\u00f1os por granizo<\/b>.<\/p>\n<p><iframe style=\"border: 0px; position: absolute; top: 0px; left: 0px; height: 100%;\" allowfullscreen=\"\" frameborder=\"0\" src=\"https:\/\/www.youtube.com\/embed\/Q3CsJa43--0\"><\/iframe><\/p>\n<h2>2020.<br \/>\nFallece Olivia de Havilland<\/h2>\n<p><b><a href=\"https:\/\/www.pagina12.com.ar\/280972-murio-olivia-de-havilland-la-actriz-de-lo-que-el-viento-se-l\">La actriz Olivia de Havilland muere a los 104 a\u00f1os en Par\u00eds<\/a><\/b>. \u00cdcono del Hollywood cl\u00e1sico, hab\u00eda nacido en Tokio el 1\u00b0 de julio de 1916. Integr\u00f3 el elenco de <i>Lo que el viento se llev\u00f3<\/i>. <b>Por <i>La vida \u00edntima de Julia Norris<\/i> y <i>La heredera<\/i> recibi\u00f3 el Oscar a la mejor actriz<\/b>. Su hermana fue la tambi\u00e9n actriz Joan Fontaine, con quien mantuvo una fuerte rivalidad. <b>A los 101 a\u00f1os se convirti\u00f3 en la persona m\u00e1s longeva en ser nombrada Dama del Imperio Brit\u00e1nico<\/b>.<\/p>\n<p><iframe style=\"border: 0px; position: absolute; top: 0px; left: 0px; height: 100%;\" allowfullscreen=\"\" frameborder=\"0\" src=\"https:\/\/www.youtube.com\/embed\/T-h4iq99GP8\"><\/iframe><\/p>\n<h2>2023.<br \/>\nAdi\u00f3s a Sin\u00e9ad O&#8217;Connor<\/h2>\n<p>La cantante irlandesa<a href=\"https:\/\/www.pagina12.com.ar\/571640-adios-a-sinead-oconnor-mucho-mas-que-aquel-hit\"> <b>Sin\u00e9ad O&#8217;Connor <\/b>fallece en Londres a los 56 a\u00f1os<\/a>. Nacida en Dubl\u00edn, <b>fue una de las grandes voces de la m\u00fasica en los a\u00f1os 90<\/b>. Qued\u00f3 envuelta en la controversia <a href=\"https:\/\/www.pagina12.com.ar\/571884-el-dia-que-sinead-oconnor-arremetio-contra-los-abusos-en-la-\">por haber roto en TV una foto de Juan Pablo II<\/a> en 1992, como forma de denunciar los abusos de la Iglesia Cat\u00f3lica. Se convirti\u00f3 al Islam y en 2022 sufri\u00f3 el suicidio de un hijo.<\/p>\n<p><iframe style=\"border: 0px; position: absolute; top: 0px; left: 0px; height: 100%;\" allowfullscreen=\"\" frameborder=\"0\" src=\"https:\/\/www.youtube.com\/embed\/0-EF60neguk\"><\/iframe><\/p>\n<p>Adem\u00e1s, es el <b>D\u00eda Internacional de Conservaci\u00f3n del Ecosistema de Manglares<\/b>, tal cual lo dispuso la Unesco.<\/p>\n<\/div>\n<p><a href=\"https:\/\/www.pagina12.com.ar\/755032-efemerides-de-hoy-que-paso-un-26-de-julio\">source<\/a><\/p>\n","protected":false},"excerpt":{"rendered":"<p>En las efem\u00e9rides del 26 de julio sobresalen estos hechos que ocurrieron un d\u00eda como&#8230;<\/p>\n","protected":false},"author":0,"featured_media":194086,"comment_status":"open","ping_status":"open","sticky":false,"template":"","format":"standard","meta":{"footnotes":""},"categories":[7],"tags":[],"class_list":["post-194085","post","type-post","status-publish","format-standard","has-post-thumbnail","hentry","category-sociedad"],"featured_image_urls":{"full":["https:\/\/radiofenix.com.ar\/2023\/wp-content\/uploads\/2024\/07\/wp-header-logo-139.png",0,0,false],"thumbnail":["https:\/\/radiofenix.com.ar\/2023\/wp-content\/uploads\/2024\/07\/wp-header-logo-139.png",1,1,false],"medium":["https:\/\/radiofenix.com.ar\/2023\/wp-content\/uploads\/2024\/07\/wp-header-logo-139.png",1,1,false],"medium_large":["https:\/\/radiofenix.com.ar\/2023\/wp-content\/uploads\/2024\/07\/wp-header-logo-139.png",1,1,false],"large":["https:\/\/radiofenix.com.ar\/2023\/wp-content\/uploads\/2024\/07\/wp-header-logo-139.png",1,1,false],"1536x1536":["https:\/\/radiofenix.com.ar\/2023\/wp-content\/uploads\/2024\/07\/wp-header-logo-139.png",1,1,false],"2048x2048":["https:\/\/radiofenix.com.ar\/2023\/wp-content\/uploads\/2024\/07\/wp-header-logo-139.png",1,1,false],"newsium-slider-full":["https:\/\/radiofenix.com.ar\/2023\/wp-content\/uploads\/2024\/07\/wp-header-logo-139.png",1,1,false],"newsium-featured":["https:\/\/radiofenix.com.ar\/2023\/wp-content\/uploads\/2024\/07\/wp-header-logo-139.png",1,1,false],"newsium-medium":["https:\/\/radiofenix.com.ar\/2023\/wp-content\/uploads\/2024\/07\/wp-header-logo-139.png",1,1,false]},"author_info":{"info":[""]},"category_info":"<a href=\"https:\/\/radiofenix.com.ar\/2023\/category\/sociedad\/\" rel=\"category tag\">Sociedad<\/a>","tag_info":"Sociedad","comment_count":"0","_links":{"self":[{"href":"https:\/\/radiofenix.com.ar\/2023\/wp-json\/wp\/v2\/posts\/194085","targetHints":{"allow":["GET"]}}],"collection":[{"href":"https:\/\/radiofenix.com.ar\/2023\/wp-json\/wp\/v2\/posts"}],"about":[{"href":"https:\/\/radiofenix.com.ar\/2023\/wp-json\/wp\/v2\/types\/post"}],"replies":[{"embeddable":true,"href":"https:\/\/radiofenix.com.ar\/2023\/wp-json\/wp\/v2\/comments?post=194085"}],"version-history":[{"count":0,"href":"https:\/\/radiofenix.com.ar\/2023\/wp-json\/wp\/v2\/posts\/194085\/revisions"}],"wp:featuredmedia":[{"embeddable":true,"href":"https:\/\/radiofenix.com.ar\/2023\/wp-json\/wp\/v2\/media\/194086"}],"wp:attachment":[{"href":"https:\/\/radiofenix.com.ar\/2023\/wp-json\/wp\/v2\/media?parent=194085"}],"wp:term":[{"taxonomy":"category","embeddable":true,"href":"https:\/\/radiofenix.com.ar\/2023\/wp-json\/wp\/v2\/categories?post=194085"},{"taxonomy":"post_tag","embeddable":true,"href":"https:\/\/radiofenix.com.ar\/2023\/wp-json\/wp\/v2\/tags?post=194085"}],"curies":[{"name":"wp","href":"https:\/\/api.w.org\/{rel}","templated":true}]}}