{"id":194089,"date":"2024-07-26T08:09:45","date_gmt":"2024-07-26T08:09:45","guid":{"rendered":"https:\/\/radiofenix.com.ar\/2023\/italia-carceles-saturadas-malos-tratos-y-pesimos-servicios\/"},"modified":"2024-07-26T08:09:45","modified_gmt":"2024-07-26T08:09:45","slug":"italia-carceles-saturadas-malos-tratos-y-pesimos-servicios","status":"publish","type":"post","link":"https:\/\/radiofenix.com.ar\/2023\/italia-carceles-saturadas-malos-tratos-y-pesimos-servicios\/","title":{"rendered":"Italia: c\u00e1rceles saturadas, malos tratos y p\u00e9simos servicios"},"content":{"rendered":"<div>\n<p><i> Desde Roma<\/i><\/p>\n<p>Como hac\u00eda mucho que no suced\u00eda, las <b>c\u00e1rceles de Italia<\/b> est\u00e1n siendo motivo de atenci\u00f3n en los \u00faltimos meses, sobre todo luego de algunas revueltas internas por <a href=\"https:\/\/www.pagina12.com.ar\/752671-golpes-y-drogas-los-malos-tratos-a-inmigrantes-en-italia\">malos tratos, torturas y p\u00e9simos servicios<\/a> y por el caso de tres menores que escaparon de la prisi\u00f3n de Casal del Marmo, cerca de Roma. Los tres j\u00f3venes, tunecinos y menores de edad, aprovecharon un momento de confusi\u00f3n porque se hab\u00eda desatado una pelea en las celdas, y saltaron los muros de la c\u00e1rcel pudiendo as\u00ed escapar. Dos fueron ya encontrados por la polic\u00eda en distintas ciudades. Del tercero, de 15 a\u00f1os, nada se sabe hasta ahora.<\/p>\n<p>Las 190 c\u00e1rceles que existen en Italia, todas tienen una capacidad ampliamente superada por el n\u00famero actual de detenidos. A nivel nacional los detenidos son 61.246 pero los puestos disponibles son 46.953. En las c\u00e1rceles para adultos, se habla de una saturaci\u00f3n del 130,4% , seg\u00fan datos difundidos ante el Parlamento por Maurizio D\u2019Ettore, el Garante nacional de los derechos de la personas detenidas. <\/p>\n<p><b>La c\u00e1rcel de Mil\u00e1n San Vittore, es una de las peores, est\u00e1 saturada al 224,78%. <\/b>Hay all\u00ed numerosos j\u00f3venes, sobre todo extranjeros, y muchos con dependencia de drogas u otros problemas. Los datos son proporcionados entre otros por la Asociaci\u00f3n Naga que da asistencia sanitaria, social y legal a los ciudadanos extranjeros, y tambi\u00e9n Antigone, una asociaci\u00f3n de jueces, parlamentarios, estudiosos, que se interesa por la justicia penal y recoge y divulga informaciones sobre la realidad carcelaria.<\/p>\n<h2>Disminuir o no la poblaci\u00f3n carcelaria<\/h2>\n<p>Todos estos datos han incentivado el debate en el Parlamento italiano donde los partidos deb\u00edan discutir y aprobar o no el mi\u00e9rcoles, un proyecto de ley sobre este tema, que pretende <b>disminuir la cantidad de detenidos<\/b> en las c\u00e1rceles. Entre las propuestas, una del diputado del partido Italia Viva (centroizquierda), Roberto Giachetti, que contempla la posibilidad de semilibertad para los que tengan una pena no superior a 4 a\u00f1os y la posibilidad de cumplir la pena en casa a los mayores de 70 a\u00f1os o a quien est\u00e1 en graves condiciones de salud.\u00a0<\/p>\n<p>El mi\u00e9rcoles, el presidente de la Rep\u00fablica, Sergio Mattarella, habl\u00f3 de una situaci\u00f3n en la c\u00e1rceles \u201cindecente para un pa\u00eds civilizado\u201d que debe ser reformada. Pero <b>los aliados de la primera ministra<\/b> <b>Giorgia Meloni<\/b> <b>decidieron bloquear el debate<\/b> y postergar la discusi\u00f3n en el Parlamento.<\/p>\n<h2>Los inmigrantes a riesgo<\/h2>\n<p>Para mejor interpretar los datos difundidos sobre las c\u00e1rceles hay que tener presente que <b>muchos de los detenidos son inmigrantes y j\u00f3venes,<\/b> <b>que llegaron a Italia porque es uno de los pa\u00edses europeos m\u00e1s cercanos a \u00c1frica<\/b>, y que vinieron escapando del hambre, la pobreza, las persecuciones, las guerras, con la ilusi\u00f3n de encontrar una vida mejor. Pero claro, generalmente no conocen las reglas que rigen para los extranjeros en Italia y entonces tienen mil problemas, no encuentran trabajo o consiguen empleo informal, no tienen residencia legal, no tienen d\u00f3nde dormir ni qu\u00e9 comer. Entonces son aprovechados por bandas criminales o traficantes de drogas para que vendan drogas, y as\u00ed ganan algunos euros. Y a veces ellos mismos empiezan a usarla para poder sobrevivir y hasta cometen otros actos ilegales como robar. <\/p>\n<p>Si hubieran tenido asistencia desde el principio de parte de los mediadores culturales, es decir, apenas desembarcaban en Italia, seguramente habr\u00edan entendido mejor el pa\u00eds donde les tocaba vivir y no habr\u00edan elegido caminos peligrosos, lo que hubiera facilitado su integraci\u00f3n, sostienen las asociaciones que los ayudan.<\/p>\n<p>Adem\u00e1s, l<b>as migraciones no disminuir\u00e1n por ahora<\/b>. Al contrario, la gente seguir\u00e1 escapando del hambre. Seg\u00fan datos difundidos por \u201cEl estado de la seguridad alimentaria y la nutrici\u00f3n en el mundo\u201d publicado el mi\u00e9rcoles por cinco organismos especializados de las Naciones Unidas, cerca de 733 millones de personas pasaron hambre en 2023, lo que equivale a una de cada 11 personas en el mundo y una de cada cinco en \u00c1frica, el continente en peores condiciones en este sentido. El informe indic\u00f3 asimismo que el mundo ha retrocedido 15 a\u00f1os a nivel de la alimentaci\u00f3n, con niveles de subalimentaci\u00f3n comparables a los de 2008-09.<\/p>\n<h2>\u00abEl basurero social\u00bb<\/h2>\n<p>\u201cViven en celdas muy calurosas, el espacio es muy limitado, si tienen suerte cuentan con dos sillas. Muchos tienen disturbios psiqui\u00e1tricos. Sus familias est\u00e1n muy lejos. La c\u00e1rcel se transforma as\u00ed en un basurero social porque afuera no hay nada para ayudarlos\u201d, seg\u00fan declar\u00f3 Fanny Gerli, miembro de Naga, al diario <i>La Repubblica <\/i>de Roma.<\/p>\n<p>Hoy los presos en San Vittore son 1.074, 996 hombres y 78 mujeres. Cada d\u00eda entran 15 o 20 detenidos nuevos, muchos de ellos j\u00f3venes entre 18 y 25 a\u00f1os. Seg\u00fan Antigone la secci\u00f3n masculina est\u00e1 saturada al 227%. A veces los derivan a otras c\u00e1rceles del pa\u00eds. Pero no siempre es as\u00ed porque muchas de ellas est\u00e1n tambi\u00e9n saturadas. <\/p>\n<p><b>Duermen a veces hasta 8 o 9 personas en la misma celda<\/b>, con camas cuchetas, una ducha que comparten y no siempre funciona. Las personas que tienen necesidad de asistencia especial por problemas ps\u00edquicos o depresi\u00f3n no la reciben. Y es as\u00ed como <b>se han producido numerosos suicidios en las c\u00e1rceles de todo el pa\u00eds<\/b>. Seg\u00fan Antigone, hasta lo que va del a\u00f1o los suicidios en las prisiones fueron 58, de los cuales 12 en el mes de junio, lo que hace suponer que a fin de a\u00f1o se podr\u00eda superar la cifra de 2022 (85 suicidios), la m\u00e1s alta verificada en muchos a\u00f1os.<\/p>\n<p>En la secci\u00f3n femenina de las c\u00e1rceles, las detenidas han denunciado entre otras cosas, que no siempre tienen agua para lavarse, que las duchas son compartidas por muchas y a menudo no funcionan, y que el bidet, del que salen a veces ratones, sirve para lavarse y tambi\u00e9n lavar platos.<\/p>\n<h2>Denuncias contra los guardias de la prisi\u00f3n<\/h2>\n<p>Despu\u00e9s de haber recibido denuncias de numerosos detenidos por torturas y malos tratos, <b>la justicia de Mil\u00e1n abri\u00f3 una investigaci\u00f3n contra los guardias de la Prisi\u00f3n de Menores de Beccaria<\/b>, acusando al jefe de los guardias de haber tenido un presunto comportamiento de omisi\u00f3n e intencional. Seg\u00fan el ex omandante de la polic\u00eda penitenciaria de Beccaria, Francesco Ferone, que fue interrogado en mayo por los jueces junto a otros guardias investigados por violencias y torturas, \u00e9l no se hab\u00eda dado cuenta de nada.<\/p>\n<p>Los jueces interrogaron a unos 20 detenidos y presuntas v\u00edctimas y por eso en un primer momento fueron arrestados 13 agentes y 8 suspendidos. Y esto desencaden\u00f3 una serie de protestas dentro de la c\u00e1rcel donde el clima cotidiano es muy tenso.<\/p>\n<p>Los sindicatos que defienden a los guardias de prisi\u00f3n salieron a protestar en Lombard\u00eda (la regi\u00f3n a la que pertenece Mil\u00e1n) denunciando que ellos no dan a basto porque las c\u00e1rceles tiene unos 9.000 presos cuando te\u00f3ricamente est\u00e1n pensadas para alojar poco m\u00e1s de 6.000.<\/p>\n<h2>Qu\u00e9 hacer por los detenidos<\/h2>\n<p> Dado que las c\u00e1rceles italianas alojan actualmente m\u00e1s de 61.000 detenidos cuando en realidad est\u00e1n preparadas para alojar a casi 47.000, la situaci\u00f3n se ha complicado much\u00edsimos para los presos. En los primeros seis meses de 2024, en efecto, comparando los datos con el mismo per\u00edodo del a\u00f1o pasado, aumentaron los actos de autolesionismo (184 m\u00e1s), las peleas internas (174 m\u00e1s), las revueltas (348 m\u00e1s), los suicidios e intentos de suicidios (17 y 73 m\u00e1s) y las agresiones a las guardias penitenciarias, seg\u00fan datos recolectados por Antigone.<\/p>\n<p><b>\u201cLa saturaci\u00f3n de las c\u00e1rceles no es una calamidad natural sino una responsabilidad pol\u00edtica -sostiene Antigone- <\/b>. Frente a eventos de cr\u00f3nica catalogados como \u201cemergencias\u201d el actual gobierno ha tomado una serie de medidas represivas emitiendo decretos o propuestas de leyes que tratan de resolver la inseguridad social con la introducci\u00f3n de medidas contra supuestos delitos y aumentando el recurso a la prisi\u00f3n preventiva. Y esas medidas afectan sobre todo a los sectores m\u00e1s vulnerables como menores, toxicodependientes, gente perteneciente a minor\u00edas \u00e9tnicas, aumentando la tasa de saturaci\u00f3n carcelaria\u201d, seg\u00fan el informe de Antigone. <\/p>\n<p>\u201cUn tercio de los detenidos son extranjeros y cada uno cuesta al estado entre 137 y 150 euros al d\u00eda. Basta multiplicar los 19.213 detenidos extranjeros en todo el pa\u00eds por esta cifra (137-150) y por 365 d\u00edas y entonces tendr\u00edamos los fondos para construir nuevas c\u00e1rceles y asumir nuevos agentes\u201d, declar\u00f3 a la prensa italiana Andrea Delmastro, subsecretario de Justicia del gobierno de Meloni. Delmastro no descart\u00f3 que una parte de la soluci\u00f3n a este problema ser\u00eda la expulsi\u00f3n de los detenidos a sus propios pa\u00edses. Pero esto tampoco debe ser barato porque seguramente deber\u00edan pagar los pasajes de avi\u00f3n o aviones especiales con personal especializado para el traslado de los detenidos.<\/p>\n<p>Seg\u00fan Antigone, en cambio, para vaciar un poco las c\u00e1rceles y dar dignidad a los detenidos, <b>habr\u00eda que ofrecerles la posibilidad de hacer llamadas telef\u00f3nicas cada d\u00eda, tener ventiladores en cada celda, asumir mediadores culturales y educadores<\/b> que los ayuden a entender el mundo en el que viven ahora y a adquirir nuevas habilidades para poder trabajar, y <b>multiplicar la presencia de psiquiatras y m\u00e9dicos,<\/b> cerrando adem\u00e1s las zonas de aislamiento.<\/p>\n<\/div>\n<p><a href=\"https:\/\/www.pagina12.com.ar\/754958-italia-carceles-saturadas-malos-tratos-y-pesimos-servicios\">source<\/a><\/p>\n","protected":false},"excerpt":{"rendered":"<p>Desde Roma Como hac\u00eda mucho que no suced\u00eda, las c\u00e1rceles de Italia est\u00e1n siendo motivo&#8230;<\/p>\n","protected":false},"author":0,"featured_media":194090,"comment_status":"open","ping_status":"open","sticky":false,"template":"","format":"standard","meta":{"footnotes":""},"categories":[60],"tags":[],"class_list":["post-194089","post","type-post","status-publish","format-standard","has-post-thumbnail","hentry","category-internacional"],"featured_image_urls":{"full":["https:\/\/radiofenix.com.ar\/2023\/wp-content\/uploads\/2024\/07\/wp-header-logo-139.png",0,0,false],"thumbnail":["https:\/\/radiofenix.com.ar\/2023\/wp-content\/uploads\/2024\/07\/wp-header-logo-139.png",1,1,false],"medium":["https:\/\/radiofenix.com.ar\/2023\/wp-content\/uploads\/2024\/07\/wp-header-logo-139.png",1,1,false],"medium_large":["https:\/\/radiofenix.com.ar\/2023\/wp-content\/uploads\/2024\/07\/wp-header-logo-139.png",1,1,false],"large":["https:\/\/radiofenix.com.ar\/2023\/wp-content\/uploads\/2024\/07\/wp-header-logo-139.png",1,1,false],"1536x1536":["https:\/\/radiofenix.com.ar\/2023\/wp-content\/uploads\/2024\/07\/wp-header-logo-139.png",1,1,false],"2048x2048":["https:\/\/radiofenix.com.ar\/2023\/wp-content\/uploads\/2024\/07\/wp-header-logo-139.png",1,1,false],"newsium-slider-full":["https:\/\/radiofenix.com.ar\/2023\/wp-content\/uploads\/2024\/07\/wp-header-logo-139.png",1,1,false],"newsium-featured":["https:\/\/radiofenix.com.ar\/2023\/wp-content\/uploads\/2024\/07\/wp-header-logo-139.png",1,1,false],"newsium-medium":["https:\/\/radiofenix.com.ar\/2023\/wp-content\/uploads\/2024\/07\/wp-header-logo-139.png",1,1,false]},"author_info":{"info":[""]},"category_info":"<a href=\"https:\/\/radiofenix.com.ar\/2023\/category\/internacional\/\" rel=\"category tag\">Internacional<\/a>","tag_info":"Internacional","comment_count":"0","_links":{"self":[{"href":"https:\/\/radiofenix.com.ar\/2023\/wp-json\/wp\/v2\/posts\/194089","targetHints":{"allow":["GET"]}}],"collection":[{"href":"https:\/\/radiofenix.com.ar\/2023\/wp-json\/wp\/v2\/posts"}],"about":[{"href":"https:\/\/radiofenix.com.ar\/2023\/wp-json\/wp\/v2\/types\/post"}],"replies":[{"embeddable":true,"href":"https:\/\/radiofenix.com.ar\/2023\/wp-json\/wp\/v2\/comments?post=194089"}],"version-history":[{"count":0,"href":"https:\/\/radiofenix.com.ar\/2023\/wp-json\/wp\/v2\/posts\/194089\/revisions"}],"wp:featuredmedia":[{"embeddable":true,"href":"https:\/\/radiofenix.com.ar\/2023\/wp-json\/wp\/v2\/media\/194090"}],"wp:attachment":[{"href":"https:\/\/radiofenix.com.ar\/2023\/wp-json\/wp\/v2\/media?parent=194089"}],"wp:term":[{"taxonomy":"category","embeddable":true,"href":"https:\/\/radiofenix.com.ar\/2023\/wp-json\/wp\/v2\/categories?post=194089"},{"taxonomy":"post_tag","embeddable":true,"href":"https:\/\/radiofenix.com.ar\/2023\/wp-json\/wp\/v2\/tags?post=194089"}],"curies":[{"name":"wp","href":"https:\/\/api.w.org\/{rel}","templated":true}]}}