{"id":194095,"date":"2024-07-26T08:58:08","date_gmt":"2024-07-26T08:58:08","guid":{"rendered":"https:\/\/radiofenix.com.ar\/2023\/otro-mes-de-caida-para-la-industria\/"},"modified":"2024-07-26T08:58:08","modified_gmt":"2024-07-26T08:58:08","slug":"otro-mes-de-caida-para-la-industria","status":"publish","type":"post","link":"https:\/\/radiofenix.com.ar\/2023\/otro-mes-de-caida-para-la-industria\/","title":{"rendered":"Otro mes de ca\u00edda para la industria"},"content":{"rendered":"<div>\n<p>Aunque el ministro de Econom\u00eda, Luis Caputo, sostenga que la econom\u00eda empez\u00f3 la recuperaci\u00f3n, por ahora eso solo se observa con nitidez en el sector rural, que dej\u00f3 atr\u00e1s una sequ\u00eda hist\u00f3rica. En cambio, la producci\u00f3n industrial volvi\u00f3 a exhibir un registro negativo, al caer 11,2 por ciento interanual en junio, de acuerdo al \u00cdndice de Producci\u00f3n Industrial (IPI) que elabora la consultora de Orlando Ferreres.<\/p>\n<p>El estudio arroj\u00f3 que en el primer semestre del a\u00f1o la actividad acumul\u00f3 una contracci\u00f3n del 9,7 por ciento. Por su parte, la medici\u00f3n desestacionalizada registr\u00f3 una ca\u00edda mensual de 0,4 por ciento. En este sentido, se observ\u00f3 una leve desaceleraci\u00f3n del retroceso frente a la medici\u00f3n de mayo, que hab\u00eda arrojado una merma del 1 por ciento. Pero son variaciones menores que no permiten anticipar el fin de la ca\u00edda.<\/p>\n<p>Adem\u00e1s, la consultora indic\u00f3 que \u00aben t\u00e9rminos desestacionalizados, el segundo trimestre del a\u00f1o mostr\u00f3 una contracci\u00f3n de 1,5 por ciento al comparar con el primer trimestre\u00bb.<\/p>\n<p>Al analizar el declive en la comparaci\u00f3n interanual, la consultora manifest\u00f3 que \u00aben el sector manufacturero la contracci\u00f3n no encontr\u00f3 un piso, a pesar de que lleva 14 meses consecutivos de n\u00fameros negativos\u00bb, y precis\u00f3 que \u00abentre los sectores, las ca\u00eddas anuales m\u00e1s fuertes se dieron en maquinaria y equipo, minerales no met\u00e1licos y metales b\u00e1sicos\u00bb.<\/p>\n<p>Estos resultados son producto no solo de la pol\u00edtica macroecon\u00f3mica del Gobierno, con un violento ajuste fiscal y monetario, ca\u00edda de los ingresos populares y liberalizaci\u00f3n de precios, sino tambi\u00e9n de la supresi\u00f3n de las medidas de promoci\u00f3n a la industria que aplicaba el gobierno de Alberto Fern\u00e1ndez, con cr\u00e9ditos subsidiados, planes de encadenamiento productivo y apoyo para la generaci\u00f3n de puestos de trabajo. Ese cambio de orientaci\u00f3n es lo que m\u00e1s preocupa a los sectores manufactureros, m\u00e1s all\u00e1 de la recesi\u00f3n actual.<\/p>\n<p> El informe de Ferreres se\u00f1al\u00f3 que \u00abla producci\u00f3n del sexto mes estuvo influenciada por factores circunstanciales, como un conflicto laboral de los trabajadores del neum\u00e1tico y paradas industriales en la semana que tuvo tres d\u00edas feriados, particularmente en varias terminales automotrices, que decidieron por la baja demanda parar por toda esa semana\u00bb.<\/p>\n<p>\u00abHacia adelante esperamos un per\u00edodo de estancamiento cercano a los bajos niveles actuales, que dar\u00eda luego lugar a una paulatina recuperaci\u00f3n cuando la recomposici\u00f3n de los ingresos de las familias provoque una mejora en la demanda interna\u00bb, indic\u00f3 la consultora. El rendimiento por sectores fue el siguiente:<\/p>\n<p>* Alimentos, Bebidas y Tabaco: este sector registr\u00f3 durante el sexto mes del a\u00f1o un crecimiento anual de 9,4%, acumulando un avance de 8,7% para el primer semestre. La suba anual se explica por la producci\u00f3n oleaginosa (+29,6%), que m\u00e1s que compens\u00f3 la ca\u00edda en el resto de los sectores.<\/p>\n<p>* Maquinaria y Equipo: la producci\u00f3n de maquinaria y equipos registr\u00f3 para junio la ca\u00edda anual m\u00e1s pronunciada desde mayo de 2020, al anotar una merma de 35,0%, y acumulando un descenso de 26,0% para la primera mitad del a\u00f1o. En el detalle de la producci\u00f3n automotriz, ADEFA inform\u00f3 un total de 32.029 unidades nuevas, marcando una baja de 40,2% en la comparaci\u00f3n anual.<\/p>\n<p>*Metales b\u00e1sicos: la producci\u00f3n de metales b\u00e1sicos observ\u00f3 una ca\u00edda de 33,2% anual, acumulando para los primeros seis meses una baja de 27,6%. Entre las principales l\u00edneas, destacamos las bajas en laminados en caliente (-43,5%), acero crudo (-35,0%) y laminados terminados en fr\u00edo (-29,0%).<\/p>\n<p>* Minerales no met\u00e1licos: el sector que provee insumos para la construcci\u00f3n registr\u00f3 en junio una contracci\u00f3n de 32,7% en la comparaci\u00f3n anual, acumulando para el primer semestre del a\u00f1o una p\u00e9rdida de 30,9%. En detalle, la Asociaci\u00f3n de Fabricantes de Cemento Portland report\u00f3 para el sexto mes una ca\u00edda de 32,8% en la producci\u00f3n de este insumo.<\/p>\n<\/div>\n<p><a href=\"https:\/\/www.pagina12.com.ar\/754629-otro-mes-de-caida-para-la-industria\">source<\/a><\/p>\n","protected":false},"excerpt":{"rendered":"<p>Aunque el ministro de Econom\u00eda, Luis Caputo, sostenga que la econom\u00eda empez\u00f3 la recuperaci\u00f3n, por&#8230;<\/p>\n","protected":false},"author":0,"featured_media":194096,"comment_status":"open","ping_status":"open","sticky":false,"template":"","format":"standard","meta":{"footnotes":""},"categories":[5],"tags":[],"class_list":["post-194095","post","type-post","status-publish","format-standard","has-post-thumbnail","hentry","category-economia"],"featured_image_urls":{"full":["https:\/\/radiofenix.com.ar\/2023\/wp-content\/uploads\/2024\/07\/wp-header-logo-139.png",0,0,false],"thumbnail":["https:\/\/radiofenix.com.ar\/2023\/wp-content\/uploads\/2024\/07\/wp-header-logo-139.png",1,1,false],"medium":["https:\/\/radiofenix.com.ar\/2023\/wp-content\/uploads\/2024\/07\/wp-header-logo-139.png",1,1,false],"medium_large":["https:\/\/radiofenix.com.ar\/2023\/wp-content\/uploads\/2024\/07\/wp-header-logo-139.png",1,1,false],"large":["https:\/\/radiofenix.com.ar\/2023\/wp-content\/uploads\/2024\/07\/wp-header-logo-139.png",1,1,false],"1536x1536":["https:\/\/radiofenix.com.ar\/2023\/wp-content\/uploads\/2024\/07\/wp-header-logo-139.png",1,1,false],"2048x2048":["https:\/\/radiofenix.com.ar\/2023\/wp-content\/uploads\/2024\/07\/wp-header-logo-139.png",1,1,false],"newsium-slider-full":["https:\/\/radiofenix.com.ar\/2023\/wp-content\/uploads\/2024\/07\/wp-header-logo-139.png",1,1,false],"newsium-featured":["https:\/\/radiofenix.com.ar\/2023\/wp-content\/uploads\/2024\/07\/wp-header-logo-139.png",1,1,false],"newsium-medium":["https:\/\/radiofenix.com.ar\/2023\/wp-content\/uploads\/2024\/07\/wp-header-logo-139.png",1,1,false]},"author_info":{"info":[""]},"category_info":"<a href=\"https:\/\/radiofenix.com.ar\/2023\/category\/economia\/\" rel=\"category tag\">Economia<\/a>","tag_info":"Economia","comment_count":"0","_links":{"self":[{"href":"https:\/\/radiofenix.com.ar\/2023\/wp-json\/wp\/v2\/posts\/194095","targetHints":{"allow":["GET"]}}],"collection":[{"href":"https:\/\/radiofenix.com.ar\/2023\/wp-json\/wp\/v2\/posts"}],"about":[{"href":"https:\/\/radiofenix.com.ar\/2023\/wp-json\/wp\/v2\/types\/post"}],"replies":[{"embeddable":true,"href":"https:\/\/radiofenix.com.ar\/2023\/wp-json\/wp\/v2\/comments?post=194095"}],"version-history":[{"count":0,"href":"https:\/\/radiofenix.com.ar\/2023\/wp-json\/wp\/v2\/posts\/194095\/revisions"}],"wp:featuredmedia":[{"embeddable":true,"href":"https:\/\/radiofenix.com.ar\/2023\/wp-json\/wp\/v2\/media\/194096"}],"wp:attachment":[{"href":"https:\/\/radiofenix.com.ar\/2023\/wp-json\/wp\/v2\/media?parent=194095"}],"wp:term":[{"taxonomy":"category","embeddable":true,"href":"https:\/\/radiofenix.com.ar\/2023\/wp-json\/wp\/v2\/categories?post=194095"},{"taxonomy":"post_tag","embeddable":true,"href":"https:\/\/radiofenix.com.ar\/2023\/wp-json\/wp\/v2\/tags?post=194095"}],"curies":[{"name":"wp","href":"https:\/\/api.w.org\/{rel}","templated":true}]}}