{"id":194113,"date":"2024-07-27T08:57:23","date_gmt":"2024-07-27T08:57:23","guid":{"rendered":"https:\/\/radiofenix.com.ar\/2023\/homenaje-a-kosice-en-el-malba\/"},"modified":"2024-07-27T08:57:23","modified_gmt":"2024-07-27T08:57:23","slug":"homenaje-a-kosice-en-el-malba","status":"publish","type":"post","link":"https:\/\/radiofenix.com.ar\/2023\/homenaje-a-kosice-en-el-malba\/","title":{"rendered":"Homenaje a Kosice en el Malba"},"content":{"rendered":"<div>\n<p><b>\u00abEl hombre no ha de terminar en la Tierra\u00bb<\/b>, escribi\u00f3 <b>Gyula Kosice<\/b> en 1944, en el \u00fanico n\u00famero de la legendaria revista <i>Arturo<\/i>. La frase da cierre a una importante exposici\u00f3n en su homenaje en el Malba; aparece en una pared luego de que el visitante presencie el despliegue de <b>\u00abLa ciudad hidroespacial\u00bb<\/b>, su creaci\u00f3n m\u00e1s emblem\u00e1tica, proyecto est\u00e9tico y pol\u00edtico que sintetiza su pensamiento y praxis.\u00a0<i><b>Gyula Kosice: Intergal\u00e1ctico<\/b> <\/i>re\u00fane <b>m\u00e1s de 80 obras <\/b>realizadas entre 1950 y 1980, entre ellas <b>esculturas de pl\u00e1stico, relieves cin\u00e9ticos y gotas de agua<\/b>, la mayor\u00eda con luces y activadas por aireados y motores.<\/p>\n<p><b>Esta es la primera vez que se exhibe \u00abLa ciudad hidroespacial\u00bb en su conjunto en la Argentina en muchos a\u00f1os<\/b>, por eso puede decirse que es el punto fuerte de una muestra muy completa, con curadur\u00eda de <b>Mar\u00eda Amalia Garc\u00eda y Mari Carmen Rodr\u00edguez<\/b>. En una de las salas se pueden apreciar 19 maquetas de h\u00e1bitats hidroespaciales y, a su alrededor, siete constelaciones lum\u00ednicas; una instalaci\u00f3n que plasma una idea revolucionaria que obsesion\u00f3 al artista desde 1946 -cuando empez\u00f3 a escribir, dibujar y maquetar en torno a ella- y que fue cient\u00edficamente aprobada por la NASA -era viable, aunque requer\u00eda de un presupuesto excesivo-: el hombre podr\u00eda habitar m\u00f3dulos sostenidos por las nubes. Las piezas que ahora deslumbran a grandes y chicos forman parte de la colecci\u00f3n del Museum of Fine Arts de Houstoun desde 2009, que tambi\u00e9n produce esta muestra.<\/p>\n<p>La propuesta de una sociedad que flotar\u00eda a 1,5 kil\u00f3metros sobre la superficie terrestre iba, como se sabe, m\u00e1s all\u00e1 de lo escult\u00f3rico y planteaba otro modo de organizaci\u00f3n social. \u00abS\u00f3lo utilizamos una m\u00ednima proporci\u00f3n de nuestras facultades mentales adaptadas a m\u00f3dulos que derivan de la arquitectura llamada moderna o funcional. Es decir, el departamento o la celdilla para habitar, que <b>una sociedad de clases nos impone en su econom\u00eda y su explotaci\u00f3n compulsiva<\/b>\u00ab, escribi\u00f3 Kosice en su manifiesto <i><b>Arquitectura y urbanismo hidroespacial<\/b><\/i>, en 1972. En su idea, la divisi\u00f3n convencional del hogar en cocina, dormitorio y ba\u00f1os es sustituida por espacios que incentivan a una humanidad l\u00fadica y emocional.\u00a0<\/p>\n<p>\u00abMostraba una preocupaci\u00f3n por el ambiente y por el agua, su distribuci\u00f3n, su cuidado y potabilizaci\u00f3n. Esta obra atenta contra un concepto de propiedad capitalista, porque estos h\u00e1bitats pod\u00edan desplazarse, no ten\u00edan que estar en un lugar fijo. Habla de lugares para la poes\u00eda, el amor, para tener ganas; pensaba en la emancipaci\u00f3n humana. Esto que vemos es el conjunto m\u00e1s amplio, representativo de la ciudad hidroespacial, pero hay h\u00e1bitats en otros museos, como el Kosice o el Bellas Artes\u00bb, cuenta Garc\u00eda. \u00abEs interesante resaltar la cuesti\u00f3n de la <b>habitabilidad del planeta<\/b>, la necesidad de pensar en otros espacios y modos de vivir. Sintoniza mucho con las preocupaciones actuales\u00bb, analiza.<\/p>\n<p>El <b>poeta, escultor y te\u00f3rico<\/b>, precursor del <b>arte cin\u00e9tico, lum\u00ednico e hidrocin\u00e9tico<\/b> -que quer\u00eda ser reconocido como el Messi de su especialidad- <a href=\"https:\/\/www.pagina12.com.ar\/diario\/suplementos\/espectaculos\/6-38960-2016-05-26.html\">muri\u00f3 en 2016 a los 92 a\u00f1os<\/a>. Cofundador de los grupos de arte constructivo rioplatenses <b>Arturo <\/b>(1944) y <b>Mad\u00ed <\/b>(1946), fue una figura destacada de la vanguardia internacional posterior a 1945. Esta exposici\u00f3n, que no mantiene un orden cronol\u00f3gico sino que se estructura en n\u00facleos tem\u00e1ticos, fue pensada a prop\u00f3sito del<b> centenario de su nacimiento<\/b>. Y fue dise\u00f1ada a partir de un relevamiento integral del archivo del artista. El prop\u00f3sito, dice la gacetilla, es \u00abdestacar su rol pionero y reposicionarlo en el contexto internacional del arte de posguerra\u00bb.\u00a0<\/p>\n<p>\u00abEsta es la primera muestra importante luego de su fallecimiento. No es una retrospectiva; no es total. Recorta su producci\u00f3n en pl\u00e1stico y su obra lum\u00ednica e hidrocin\u00e9tica. Es importante porque \u00e9l fue un artista que public\u00f3 mucho sobre sus producciones, pero <b>la mirada sobre su obra estaba ahogada en este tiempo<\/b>: \u00e9l era una persona que controlaba mucho lo que se dec\u00eda de su producci\u00f3n. Entramos a su archivo y nos adentramos en an\u00e1lisis cr\u00edticos que hasta el momento no se hab\u00edan realizado por la omnipresencia de su figura\u00bb, dice Garc\u00eda a <b>P\u00e1gina\/12<\/b>. En el Malba hay piezas de colecciones privadas y de museos (Bellas Artes, el de Arte Moderno, Castagnino y Macba) y el Planetario. La muestra luego se exhibir\u00e1 en el P\u00e9rez Art Museum Miami y en el Museo de Bellas Artes de Houston. <\/p>\n<p>Por supuesto que el agua es una de las grandes protagonistas de una exposici\u00f3n que realza, tambi\u00e9n, su car\u00e1cter prof\u00e9tico. \u00ab<b>Llegu\u00e9 a la ciudad de Buenos Aires atravesando el Atl\u00e1ntico durante 32 d\u00edas en barco y lo que recuerdo de all\u00ed es justamente el agua. Durante tantos d\u00edas lo que ve\u00eda era agua y estela, estela y agua<\/b>\u00ab, ha dicho el hombre nacido en Checoslovaquia en 1924. Sol\u00eda se\u00f1alar que hab\u00eda sido pionero en la utilizaci\u00f3n del agua en t\u00e9rminos est\u00e9ticos. Las famosas gotas en un display, con luces de distintos colores, el agua en chorros y el agua en cascada y hasta un divisor transparente de ambientes arman el paisaje de la sala \u00abCuerpo de agua\u00bb.\u00a0<\/p>\n<p>La primera sala, \u00abEspacio y transparencia\u00bb, alberga algunas de sus obras en <b>pl\u00e1stico<\/b>, espec\u00edficamente en plexigl\u00e1s, un material que lo atrap\u00f3 por su ductilidad y que implic\u00f3 una alianza con empresas. \u00abEl ven\u00eda quebrando una idea de escultura tradicional o de bloque. Ya hab\u00eda trabajado con piezas articulables como\u00a0R\u00f6yi. El pl\u00e1stico le permiti\u00f3 trabajar la transparencia; la idea de un espacio virtual que se genera entre la transparencia y la espacialidad de la obra\u00bb, precisa Garc\u00eda. Durante los a\u00f1os cuarenta y cincuenta comenz\u00f3 a trabajar con el <b>ne\u00f3n<\/b>, elemento presente en la sala \u00abLuces en movimiento\u00bb, llena de color, con graf\u00edas lum\u00ednicas, relieves y semiesferas. <\/p>\n<p>Investigaciones geom\u00e9tricas, una pieza en homenaje a\u00a0Diyi Laa\u00f1 -su esposa, tambi\u00e9n artista, que termin\u00f3 cediendo el protagonismo a su marido, como promotora de su arte-, un cortometraje de Alejandro Vignati y notas period\u00edsticas que muestran las joyas que vend\u00eda a celebridades -Susana Gim\u00e9nez, Mirtha Legrand- desde finales de los sesenta completan el universo Kosice. \u00abEn uno de los textos para la muestra hago una interpretaci\u00f3n respecto del erotismo en sus piezas, por ejemplo en el homenaje a Diyi, en el que hay un intercambio de fluidos. Es algo que sintoniza con el pensamiento contempor\u00e1neo. Lo importante de la muestra es que abre <b>nuevas l\u00edneas interpretativas<\/b> en relaci\u00f3n a su producci\u00f3n y rompe con la cajita cerrada de su relato\u00bb, concluye Garc\u00eda.<\/p>\n<p><i>*Gyula Kosice intergal\u00e1ctico se puede visitar en el Malba, Av. Figueroa Alcorta 3415. De jueves a lunes, de 12 a 20, y mi\u00e9rcoles desde las 11. Martes cerrado.<\/i><\/p>\n<\/div>\n<p><a href=\"https:\/\/www.pagina12.com.ar\/755254-homenaje-a-kosice-en-el-malba\">source<\/a><\/p>\n","protected":false},"excerpt":{"rendered":"<p>\u00abEl hombre no ha de terminar en la Tierra\u00bb, escribi\u00f3 Gyula Kosice en 1944, en&#8230;<\/p>\n","protected":false},"author":0,"featured_media":194114,"comment_status":"open","ping_status":"open","sticky":false,"template":"","format":"standard","meta":{"footnotes":""},"categories":[4],"tags":[],"class_list":["post-194113","post","type-post","status-publish","format-standard","has-post-thumbnail","hentry","category-espectaculos"],"featured_image_urls":{"full":["https:\/\/radiofenix.com.ar\/2023\/wp-content\/uploads\/2024\/07\/wp-header-logo-139.png",0,0,false],"thumbnail":["https:\/\/radiofenix.com.ar\/2023\/wp-content\/uploads\/2024\/07\/wp-header-logo-139.png",1,1,false],"medium":["https:\/\/radiofenix.com.ar\/2023\/wp-content\/uploads\/2024\/07\/wp-header-logo-139.png",1,1,false],"medium_large":["https:\/\/radiofenix.com.ar\/2023\/wp-content\/uploads\/2024\/07\/wp-header-logo-139.png",1,1,false],"large":["https:\/\/radiofenix.com.ar\/2023\/wp-content\/uploads\/2024\/07\/wp-header-logo-139.png",1,1,false],"1536x1536":["https:\/\/radiofenix.com.ar\/2023\/wp-content\/uploads\/2024\/07\/wp-header-logo-139.png",1,1,false],"2048x2048":["https:\/\/radiofenix.com.ar\/2023\/wp-content\/uploads\/2024\/07\/wp-header-logo-139.png",1,1,false],"newsium-slider-full":["https:\/\/radiofenix.com.ar\/2023\/wp-content\/uploads\/2024\/07\/wp-header-logo-139.png",1,1,false],"newsium-featured":["https:\/\/radiofenix.com.ar\/2023\/wp-content\/uploads\/2024\/07\/wp-header-logo-139.png",1,1,false],"newsium-medium":["https:\/\/radiofenix.com.ar\/2023\/wp-content\/uploads\/2024\/07\/wp-header-logo-139.png",1,1,false]},"author_info":{"info":[""]},"category_info":"<a href=\"https:\/\/radiofenix.com.ar\/2023\/category\/espectaculos\/\" rel=\"category tag\">Espectaculos<\/a>","tag_info":"Espectaculos","comment_count":"0","_links":{"self":[{"href":"https:\/\/radiofenix.com.ar\/2023\/wp-json\/wp\/v2\/posts\/194113","targetHints":{"allow":["GET"]}}],"collection":[{"href":"https:\/\/radiofenix.com.ar\/2023\/wp-json\/wp\/v2\/posts"}],"about":[{"href":"https:\/\/radiofenix.com.ar\/2023\/wp-json\/wp\/v2\/types\/post"}],"replies":[{"embeddable":true,"href":"https:\/\/radiofenix.com.ar\/2023\/wp-json\/wp\/v2\/comments?post=194113"}],"version-history":[{"count":0,"href":"https:\/\/radiofenix.com.ar\/2023\/wp-json\/wp\/v2\/posts\/194113\/revisions"}],"wp:featuredmedia":[{"embeddable":true,"href":"https:\/\/radiofenix.com.ar\/2023\/wp-json\/wp\/v2\/media\/194114"}],"wp:attachment":[{"href":"https:\/\/radiofenix.com.ar\/2023\/wp-json\/wp\/v2\/media?parent=194113"}],"wp:term":[{"taxonomy":"category","embeddable":true,"href":"https:\/\/radiofenix.com.ar\/2023\/wp-json\/wp\/v2\/categories?post=194113"},{"taxonomy":"post_tag","embeddable":true,"href":"https:\/\/radiofenix.com.ar\/2023\/wp-json\/wp\/v2\/tags?post=194113"}],"curies":[{"name":"wp","href":"https:\/\/api.w.org\/{rel}","templated":true}]}}