{"id":194123,"date":"2024-07-27T22:45:11","date_gmt":"2024-07-27T22:45:11","guid":{"rendered":"https:\/\/radiofenix.com.ar\/2023\/sumergirse-en-alquitran-una-linea-tendida-desde-el-tango-a-la-plastica\/"},"modified":"2024-07-27T22:45:11","modified_gmt":"2024-07-27T22:45:11","slug":"sumergirse-en-alquitran-una-linea-tendida-desde-el-tango-a-la-plastica","status":"publish","type":"post","link":"https:\/\/radiofenix.com.ar\/2023\/sumergirse-en-alquitran-una-linea-tendida-desde-el-tango-a-la-plastica\/","title":{"rendered":"&quot;Sumergirse en alquitr\u00e1n&quot;, una l\u00ednea tendida desde el tango a la pl\u00e1stica"},"content":{"rendered":"<div>\n<p>En el principio esta vez no fue el Verbo sino una frase, m\u00e1s precisamente el verso \u201cSumergirse en alquitr\u00e1n\u201d, que se repite en el tango \u201cFelicidad\u201d de Guido Iacoppeti. En \u00e9l se inspir\u00f3 el artista pl\u00e1stico y arquitecto Gabriel Feld para dar vida a las ocho obras -collages sobre papel- que conforman la muestra no casualmente titulada \u201cSumergirse en alquitr\u00e1n\u201d inaugurada en el Espacio Cultural Bol\u00edvar.<\/p>\n<p>Hechos con cintas adhesivas de distintos anchos, colores y transparencias, los collages exploran regularidades geom\u00e9tricas e irregularidades materiales, construyendo variaciones de tramas superpuestas. <\/p>\n<p>Feld se refiere a estos trabajos como \u201cpeque\u00f1os poemas sin palabras, que m\u00e1s que decir algo, intentan compartir una experiencia, material, t\u00e1ctil, donde las huellas de la vida cotidiana se transforman en reflexiones sobre la condici\u00f3n humana\u201d.<\/p>\n<p>La noche de la inauguraci\u00f3n incluy\u00f3, tampoco casualmente, la presencia del d\u00fao C\u2019est Pic\u00f3, formado por Ezequiel Ag\u00fcero y Guido Iacopetti. Ellos interpretaron varios temas, como una versi\u00f3n muy aplaudida de Adi\u00f3s Nonino<u>, <\/u>pero la atenci\u00f3n estuvo por supuesto centrada en \u201cFelicidad\u201d, y en la inevitable b\u00fasqueda de v\u00ednculos o interacciones\u00a0 entre la pieza musical y las piezas exhibidas en las paredes del sal\u00f3n.<\/p>\n<p>La historia, revelada en ese momento por Feld, puede brindar algunas pistas. \u201cAna y yo bailamos tango en Boston; el d\u00fao C\u2019est Pic\u00f3 vino a tocar a una milonga all\u00e1, y yo me sorprend\u00ed cuando la organizadora del evento (la bailarina y maestra de tango Fernanda Ghi) lo present\u00f3 a Guido como el autor de \u201cFelicidad\u201d, un tango fant\u00e1stico. A partir de ah\u00ed empec\u00e9 a hacer una serie de trabajos inspirados en el tango. Y de a poquito apareci\u00f3 la idea de traer los trabajos a Bueno Aires y que C\u2019est Pic\u00f3 viniera a tocar para la inauguraci\u00f3n\u201d, cuenta con tono de no creer todav\u00eda del todo que esa fantas\u00eda se hizo realidad.<\/p>\n<p>Para ello result\u00f3 fundamental el trabajo de Ana Periss\u00e9, la curadora del Espacio Cultural Bol\u00edvar, que se entusiasm\u00f3 con la idea y abri\u00f3 las puertas de un lugar que parece dise\u00f1ado para la muestra y el evento.<\/p>\n<p><i>*La exhibici\u00f3n estar\u00e1 abierta hasta el 1\u00ba de agosto en Bol\u00edvar 1019, CABA.<\/i><\/p>\n<\/div>\n<p><a href=\"https:\/\/www.pagina12.com.ar\/754686-sumergirse-en-alquitran-una-linea-tendida-desde-el-tango-a-l\">source<\/a><\/p>\n","protected":false},"excerpt":{"rendered":"<p>En el principio esta vez no fue el Verbo sino una frase, m\u00e1s precisamente el&#8230;<\/p>\n","protected":false},"author":0,"featured_media":194124,"comment_status":"open","ping_status":"open","sticky":false,"template":"","format":"standard","meta":{"footnotes":""},"categories":[4],"tags":[],"class_list":["post-194123","post","type-post","status-publish","format-standard","has-post-thumbnail","hentry","category-espectaculos"],"featured_image_urls":{"full":["https:\/\/radiofenix.com.ar\/2023\/wp-content\/uploads\/2024\/07\/wp-header-logo-139.png",0,0,false],"thumbnail":["https:\/\/radiofenix.com.ar\/2023\/wp-content\/uploads\/2024\/07\/wp-header-logo-139.png",1,1,false],"medium":["https:\/\/radiofenix.com.ar\/2023\/wp-content\/uploads\/2024\/07\/wp-header-logo-139.png",1,1,false],"medium_large":["https:\/\/radiofenix.com.ar\/2023\/wp-content\/uploads\/2024\/07\/wp-header-logo-139.png",1,1,false],"large":["https:\/\/radiofenix.com.ar\/2023\/wp-content\/uploads\/2024\/07\/wp-header-logo-139.png",1,1,false],"1536x1536":["https:\/\/radiofenix.com.ar\/2023\/wp-content\/uploads\/2024\/07\/wp-header-logo-139.png",1,1,false],"2048x2048":["https:\/\/radiofenix.com.ar\/2023\/wp-content\/uploads\/2024\/07\/wp-header-logo-139.png",1,1,false],"newsium-slider-full":["https:\/\/radiofenix.com.ar\/2023\/wp-content\/uploads\/2024\/07\/wp-header-logo-139.png",1,1,false],"newsium-featured":["https:\/\/radiofenix.com.ar\/2023\/wp-content\/uploads\/2024\/07\/wp-header-logo-139.png",1,1,false],"newsium-medium":["https:\/\/radiofenix.com.ar\/2023\/wp-content\/uploads\/2024\/07\/wp-header-logo-139.png",1,1,false]},"author_info":{"info":[""]},"category_info":"<a href=\"https:\/\/radiofenix.com.ar\/2023\/category\/espectaculos\/\" rel=\"category tag\">Espectaculos<\/a>","tag_info":"Espectaculos","comment_count":"0","_links":{"self":[{"href":"https:\/\/radiofenix.com.ar\/2023\/wp-json\/wp\/v2\/posts\/194123","targetHints":{"allow":["GET"]}}],"collection":[{"href":"https:\/\/radiofenix.com.ar\/2023\/wp-json\/wp\/v2\/posts"}],"about":[{"href":"https:\/\/radiofenix.com.ar\/2023\/wp-json\/wp\/v2\/types\/post"}],"replies":[{"embeddable":true,"href":"https:\/\/radiofenix.com.ar\/2023\/wp-json\/wp\/v2\/comments?post=194123"}],"version-history":[{"count":0,"href":"https:\/\/radiofenix.com.ar\/2023\/wp-json\/wp\/v2\/posts\/194123\/revisions"}],"wp:featuredmedia":[{"embeddable":true,"href":"https:\/\/radiofenix.com.ar\/2023\/wp-json\/wp\/v2\/media\/194124"}],"wp:attachment":[{"href":"https:\/\/radiofenix.com.ar\/2023\/wp-json\/wp\/v2\/media?parent=194123"}],"wp:term":[{"taxonomy":"category","embeddable":true,"href":"https:\/\/radiofenix.com.ar\/2023\/wp-json\/wp\/v2\/categories?post=194123"},{"taxonomy":"post_tag","embeddable":true,"href":"https:\/\/radiofenix.com.ar\/2023\/wp-json\/wp\/v2\/tags?post=194123"}],"curies":[{"name":"wp","href":"https:\/\/api.w.org\/{rel}","templated":true}]}}