{"id":194133,"date":"2024-07-28T08:57:28","date_gmt":"2024-07-28T08:57:28","guid":{"rendered":"https:\/\/radiofenix.com.ar\/2023\/grave-denuncia-contra-victoria-caillava-en-el-caso-loan-hizo-papeles-para-vender-bebes\/"},"modified":"2024-07-28T08:57:28","modified_gmt":"2024-07-28T08:57:28","slug":"grave-denuncia-contra-victoria-caillava-en-el-caso-loan-hizo-papeles-para-vender-bebes","status":"publish","type":"post","link":"https:\/\/radiofenix.com.ar\/2023\/grave-denuncia-contra-victoria-caillava-en-el-caso-loan-hizo-papeles-para-vender-bebes\/","title":{"rendered":"Grave denuncia contra Victoria Caillava en el caso Loan: &quot;Hizo papeles para vender beb\u00e9s&quot;"},"content":{"rendered":"<div id=\"\">\n<p>\u201cTambi\u00e9n<strong> se la vincul\u00f3 con una madre que hab\u00eda vendido a su hijo y que Caillava le hab\u00eda hecho los papeles, el tr\u00e1mite digamos. <\/strong>Esto era lo que se comentaba, es el rumor que se corr\u00eda\u201d, agreg\u00f3 en di\u00e1logo con C5N.<\/p>\n<p>\u201cMe enter\u00e9 porque lo conozco (al chico). No la voy a nombrar a la madre que tuvo a la criatura porque es una persona muy conocida m\u00eda, pero bueno, esto ya viene hace rato\u201d, aclar\u00f3 y agreg\u00f3: \u201cTengo entendido que la madre no pod\u00eda mantener al chico y ah\u00ed estuvo la intervenci\u00f3n de Caillava\u201d.<\/p>\n<p>Para ser m\u00e1s espec\u00edfica, en otra entrevista televisiva detall\u00f3: \u201c<span class=\"saysCMSEmphasis\" id=\"saysCMSEmphasisxbf7wxd8z3\">Conozco el caso de una se\u00f1ora de Buenos Aires que compr\u00f3 un beb\u00e9 de 9 de Julio y Caillava fue la encargada de hacer los papeles para que lo anoten como que esa mujer lo pari\u00f3.<\/span> Era un beb\u00e9 que la madre no lo pod\u00eda tener y lo vendi\u00f3. Hoy en d\u00eda ese beb\u00e9 tiene 25 a\u00f1os y ya es pap\u00e1\u201d.<\/p>\n<div contenteditable=\"false\" class=\"embed_cont type_video\" id=\"7961526-1936471711_wrap\">\n<p>caso loan julieta vecina 9 de julio <span onclick=\"parent.parent.TinyMCETdcuerpo.preview_embed('7961526-1936471711')\" class=\"embed_colapse less\" id=\"7961526-1936471711_colapse\"\/>  <span onclick=\"parent.parent.TinyMCETdcuerpo.delete_embed('7961526-1936471711')\" class=\"embed_delete less\" id=\"7961526-1936471711_delete\"\/><\/p>\n<div id=\"7961526-1936471711_epigrafe\" class=\"embed_epigrafe\">\n<p> La denuncia de una vecina de 9 de Julio contra Victoria Caillava en medio de la desaparici\u00f3n de Loan Danilo Pe\u00f1a<\/p>\n<\/div><\/div>\n<p>\u201cHace once a\u00f1os lo escucho, pasa que <strong>a veces la gente tiene miedo y no quiere hablar<\/strong>\u201d, agreg\u00f3 al respecto Julieta, aunque aclar\u00f3 que no lo pude atestiguar con pruebas.<\/p>\n<p>La vecina de 9 de Julio indic\u00f3 que \u201cquiz\u00e1s ahora no tanto, pero antes s\u00ed se regalaban chicos\u201d y que \u201cera como com\u00fan\u201d: <strong>\u201cNunca hubo una intervenci\u00f3n social de la provincia de Corrientes<\/strong>. Lo s\u00e9 bien claro porque mi marido, por ejemplo, viene de una familia que a \u00e9l lo regalaron, y ya tiene 32 a\u00f1os\u201d, revel\u00f3.<\/p>\n<p>Tras su alarmante declaraci\u00f3n ante diferentes medios de comunicaci\u00f3n, la jueza federal Cristina Pozzer Penzo cit\u00f3 a Julieta a declarar este viernes en los tribunales de Goya.<\/p>\n<p>\u00abDespu\u00e9s de la nota con un medio, la Polic\u00eda Federal vino a mi casa, me dijeron que la jueza hab\u00eda visto mi entrevista y que lo que yo hab\u00eda dicho era muy importante para la causa, entonces me citaron para ma\u00f1ana a las 10 (por hoy, viernes). Tengo que ir a al juzgado a hacer mi declaraci\u00f3n\u201d, indic\u00f3 la mujer.<\/p>\n<div contenteditable=\"false\" class=\"embed_cont type_freetext\" rel=\"freetext\" id=\"embed79_wrap\">\n<p>Embed <span onclick=\"parent.parent.TinyMCETdcuerpo.preview_embed('embed79')\" class=\"embed_colapse less\" id=\"embed79_colapse\"\/>  <span onclick=\"parent.parent.TinyMCETdcuerpo.delete_embed('embed79')\" class=\"embed_delete less\" id=\"embed79_delete\"\/><\/p>\n<div id=\"embed79_content\" class=\"embed_content\">\n<div id=\"embed79_embed\">\n<figure class=\"figure\"><a href=\"https:\/\/t.me\/minutounocom\" target=\"_blank\" rel=\"noopener\"><img decoding=\"async\" src=\"https:\/\/media.minutouno.com\/adjuntos\/150\/banners\/039\/099\/0039099175.jpg\" class=\"figure-img img-fluid\" style=\"width:100%;height:auto;\"\/><\/a><\/figure>\n<\/div>\n<\/div><\/div>\n<\/p><\/div>\n<p><a href=\"https:\/\/www.minutouno.com\/sociedad\/loan-danilo-pena\/grave-denuncia-contra-victoria-caillava-el-caso-loan-hizo-papeles-vender-bebes-n6038997\">source<\/a><\/p>\n","protected":false},"excerpt":{"rendered":"<p>\u201cTambi\u00e9n se la vincul\u00f3 con una madre que hab\u00eda vendido a su hijo y que&#8230;<\/p>\n","protected":false},"author":0,"featured_media":194134,"comment_status":"open","ping_status":"open","sticky":false,"template":"","format":"standard","meta":{"footnotes":""},"categories":[2],"tags":[],"class_list":["post-194133","post","type-post","status-publish","format-standard","has-post-thumbnail","hentry","category-politica"],"featured_image_urls":{"full":["https:\/\/radiofenix.com.ar\/2023\/wp-content\/uploads\/2024\/07\/wp-header-logo-139.png",0,0,false],"thumbnail":["https:\/\/radiofenix.com.ar\/2023\/wp-content\/uploads\/2024\/07\/wp-header-logo-139.png",1,1,false],"medium":["https:\/\/radiofenix.com.ar\/2023\/wp-content\/uploads\/2024\/07\/wp-header-logo-139.png",1,1,false],"medium_large":["https:\/\/radiofenix.com.ar\/2023\/wp-content\/uploads\/2024\/07\/wp-header-logo-139.png",1,1,false],"large":["https:\/\/radiofenix.com.ar\/2023\/wp-content\/uploads\/2024\/07\/wp-header-logo-139.png",1,1,false],"1536x1536":["https:\/\/radiofenix.com.ar\/2023\/wp-content\/uploads\/2024\/07\/wp-header-logo-139.png",1,1,false],"2048x2048":["https:\/\/radiofenix.com.ar\/2023\/wp-content\/uploads\/2024\/07\/wp-header-logo-139.png",1,1,false],"newsium-slider-full":["https:\/\/radiofenix.com.ar\/2023\/wp-content\/uploads\/2024\/07\/wp-header-logo-139.png",1,1,false],"newsium-featured":["https:\/\/radiofenix.com.ar\/2023\/wp-content\/uploads\/2024\/07\/wp-header-logo-139.png",1,1,false],"newsium-medium":["https:\/\/radiofenix.com.ar\/2023\/wp-content\/uploads\/2024\/07\/wp-header-logo-139.png",1,1,false]},"author_info":{"info":[""]},"category_info":"<a href=\"https:\/\/radiofenix.com.ar\/2023\/category\/politica\/\" rel=\"category tag\">Pol\u00edtica<\/a>","tag_info":"Pol\u00edtica","comment_count":"0","_links":{"self":[{"href":"https:\/\/radiofenix.com.ar\/2023\/wp-json\/wp\/v2\/posts\/194133","targetHints":{"allow":["GET"]}}],"collection":[{"href":"https:\/\/radiofenix.com.ar\/2023\/wp-json\/wp\/v2\/posts"}],"about":[{"href":"https:\/\/radiofenix.com.ar\/2023\/wp-json\/wp\/v2\/types\/post"}],"replies":[{"embeddable":true,"href":"https:\/\/radiofenix.com.ar\/2023\/wp-json\/wp\/v2\/comments?post=194133"}],"version-history":[{"count":0,"href":"https:\/\/radiofenix.com.ar\/2023\/wp-json\/wp\/v2\/posts\/194133\/revisions"}],"wp:featuredmedia":[{"embeddable":true,"href":"https:\/\/radiofenix.com.ar\/2023\/wp-json\/wp\/v2\/media\/194134"}],"wp:attachment":[{"href":"https:\/\/radiofenix.com.ar\/2023\/wp-json\/wp\/v2\/media?parent=194133"}],"wp:term":[{"taxonomy":"category","embeddable":true,"href":"https:\/\/radiofenix.com.ar\/2023\/wp-json\/wp\/v2\/categories?post=194133"},{"taxonomy":"post_tag","embeddable":true,"href":"https:\/\/radiofenix.com.ar\/2023\/wp-json\/wp\/v2\/tags?post=194133"}],"curies":[{"name":"wp","href":"https:\/\/api.w.org\/{rel}","templated":true}]}}