{"id":194149,"date":"2024-07-29T08:57:16","date_gmt":"2024-07-29T08:57:16","guid":{"rendered":"https:\/\/radiofenix.com.ar\/2023\/efemerides-de-hoy-que-paso-un-28-de-julio\/"},"modified":"2024-07-29T08:57:16","modified_gmt":"2024-07-29T08:57:16","slug":"efemerides-de-hoy-que-paso-un-28-de-julio","status":"publish","type":"post","link":"https:\/\/radiofenix.com.ar\/2023\/efemerides-de-hoy-que-paso-un-28-de-julio\/","title":{"rendered":"Efem\u00e9rides de hoy: qu\u00e9 pas\u00f3 un 28 de julio"},"content":{"rendered":"<div>\n<p>En las<b> efem\u00e9rides del 28 de julio <\/b>sobresalen estos hechos que ocurrieron un d\u00eda como hoy en la Argentina y el mundo:<\/p>\n<h2>1741. Muere Antonio Vivaldi<\/h2>\n<p><b>Antonio Vivaldi<\/b>, acaso el principal compositor del Barroco en Italia, fallece en Viena a los 63 a\u00f1os. Nacido en Venecia en 1678, se lo conoci\u00f3 como \u00abIl Prete Rosso\u00bb (\u00abEl Cura Rojo\u00bb), por su doble condici\u00f3n de sacerdote y pelirrojo.<b> Su fama se debe a la primera obra program\u00e1tica de la historia de la m\u00fasica:<i> Las cuatro estaciones<\/i><\/b>, un conjunto de conciertos para viol\u00edn que describen la primavera, el verano, el oto\u00f1o y el invierno. <b>Compuso decenas de \u00f3peras, entre las que destaca <i>Orlando furioso<\/i>, basada en el poema de Ludovico Ariosto<\/b>. Tambi\u00e9n escribi\u00f3 gran cantidad de obras de m\u00fasica sacra.<\/p>\n<p><iframe style=\"border: 0px; position: absolute; top: 0px; left: 0px; height: 100%;\" allowfullscreen=\"\" frameborder=\"0\" src=\"https:\/\/www.youtube.com\/embed\/UWg5ugyMjIc\"><\/iframe><\/p>\n<h2>1750. Fallece Johann Sebastian Bach<\/h2>\n<p><b><a href=\"https:\/\/www.pagina12.com.ar\/diario\/discos\/12-361-2002-01-02.html\">Johann Sebastian Bach <\/a><\/b><b>muere a los 65 a\u00f1os en Leipzig<\/b>. Fue el m\u00e1s grande compositor del barroco alem\u00e1n y una de las cumbres de la m\u00fasica universal. Se destac\u00f3 como organista y clavecinista y <b><a href=\"https:\/\/www.pagina12.com.ar\/diario\/suplementos\/radar\/9-1397-2004-05-02.html\">fue el patriarca de una fecunda familia de m\u00fasicos<\/a><\/b>. Entre sus obras destacan la Misa en Si Menor, las seis suites para cello solo, <i>La Pasi\u00f3n seg\u00fan San Mateo<\/i>, <a href=\"https:\/\/www.pagina12.com.ar\/diario\/contratapa\/13-197860-2012-07-04.html\">las Variaciones <i>Goldberg<\/i><\/a>, las cuatro suites para orquesta, los dos conciertos para viol\u00edn, el concierto para dos violines, la <i>Ofrenda Musical<\/i>, la Toccata y Fuga en Re Menor, los seis Conciertos de Brandeburgo, <i>El clave bien temperado<\/i>, <i>El arte de la fuga<\/i> y m\u00e1s de 200 cantatas.<\/p>\n<p><iframe style=\"border: 0px; position: absolute; top: 0px; left: 0px; height: 100%;\" allowfullscreen=\"\" frameborder=\"0\" src=\"https:\/\/www.youtube.com\/embed\/b0MAsUW91oU\"><\/iframe><\/p>\n<h2>1821. La independencia de Per\u00fa<\/h2>\n<p><b><a href=\"https:\/\/www.pagina12.com.ar\/diario\/universidad\/10-151475-2010-08-17.html\">Jos\u00e9 de San Mart\u00edn proclama en Lima la independencia del Per\u00fa<\/a><\/b>. Culmina as\u00ed el plan continental del Libertador: cruzar los Andes para liberar a Chile y luego llegar por mar al Per\u00fa para derrotar el colonialismo espa\u00f1ol en su centro neur\u00e1lgico. San Mart\u00edn encabez\u00f3 una expedici\u00f3n mar\u00edtima en septiembre de 1820 y venci\u00f3 a los realistas despu\u00e9s de sitiar Lima. <b>Al declarar la Independencia recibe el t\u00edtulo de Protector del Per\u00fa<\/b>.<\/p>\n<p><iframe style=\"border: 0px; position: absolute; top: 0px; left: 0px; height: 100%;\" allowfullscreen=\"\" frameborder=\"0\" src=\"https:\/\/www.youtube.com\/embed\/ZKNu2A5RPPY\"><\/iframe><\/p>\n<h2>1903. Nace Silvina Ocampo<\/h2>\n<p><b><a href=\"https:\/\/www.pagina12.com.ar\/diario\/suplementos\/radar\/9-2558-2005-10-09.html\">Silvina Ocampo, una de las mayores voces de la literatura argentina<\/a><\/b>, nace en Buenos Aires. Opacada como<a href=\"https:\/\/www.pagina12.com.ar\/diario\/suplementos\/libros\/10-5358-2014-07-06.html\"> hermana de Victoria Ocampo<\/a> y esposa de Adolfo Bioy Casares, fue una exquisita cuentista. <b>Public\u00f3 libros como <i>Autobiograf\u00eda de Irene <\/i>y <i>Las invitadas<\/i><\/b>. Con Bioy escribi\u00f3, a cuatro manos, la novela policial <i>Los que aman, odian<\/i>, publicada en la colecci\u00f3n El S\u00e9ptimo C\u00edrculo. Tambi\u00e9n compil\u00f3, con Bioy y Jorge Luis Borges, la <i>Antolog\u00eda de la literatura fant\u00e1stica<\/i>. <b>Falleci\u00f3 en 1993, a los 90 a\u00f1os<\/b>.<\/p>\n<p><iframe style=\"border: 0px; position: absolute; top: 0px; left: 0px; height: 100%;\" allowfullscreen=\"\" frameborder=\"0\" src=\"https:\/\/www.youtube.com\/embed\/eGXBGx3i3KY\"><\/iframe><\/p>\n<h2>1909. El nacimiento de Malcolm Lowry<\/h2>\n<p>El escritor ingl\u00e9s <b>Malcolm Lowry<\/b> nace en Cheshire. El consumo de alcohol acab\u00f3 con su vida en 1957. Public\u00f3 poco en vida y el reconocimiento le lleg\u00f3 de manera p\u00f3stuma. <b><a href=\"https:\/\/www.pagina12.com.ar\/diario\/suplementos\/radar\/9-10914-2015-09-20.html\">De 1947 es su obra m\u00e1s famosa, <i>Bajo el volc\u00e1n<\/i><\/a><\/b>, considerada una de las novelas m\u00e1s grandes del siglo XX, escrita luego de su estancia en M\u00e9xico. Otras obras: <i>Ultramarina<\/i>, <i><a href=\"https:\/\/www.pagina12.com.ar\/diario\/suplementos\/espectaculos\/2-18978-2010-08-17.html\">Piedra infernal<\/a><\/i>, <i>Oscuro como la tumba donde yace mi amigo<\/i> y <i>Un trueno sobre el Popocat\u00e9petl<\/i>.<\/p>\n<p><iframe style=\"border: 0px; position: absolute; top: 0px; left: 0px; height: 100%;\" allowfullscreen=\"\" frameborder=\"0\" src=\"https:\/\/www.youtube.com\/embed\/Y3aBcnYkJd4\"><\/iframe><\/p>\n<h2>1927. Nace David Vi\u00f1as<\/h2>\n<p><b>Nace David Vi\u00f1as<\/b>. En su juventud, fue uno de los animadores de la revista <i>Contorno<\/i>, junto a su hermano Ismael, No\u00e9 Jitrik, Le\u00f3n Rozitchner y Juan Jos\u00e9 Sebreli. Autor de novelas como<i> Los due\u00f1os de la tierra<\/i> y <i>Dar la cara<\/i>, tambi\u00e9n fue autor de uno de los ensayos m\u00e1s relevantes que se han publicado en el pa\u00eds:<i> <b>Literatura argentina y realidad pol\u00edtica<\/b><\/i>. Adem\u00e1s, escribi\u00f3 teatro, y su cuento<i> El Jefe<\/i> fue llevado al cine por Fernando Ayala. <b>Perdi\u00f3 dos hijos en la dictadura y debi\u00f3 exiliarse<\/b>. Polemista incansable, a su regreso al pa\u00eds <b>se sum\u00f3 a la Facultad de Filosof\u00eda y Letras de la UBA<\/b>. Fue columnista de <b><i>P\u00e1ginaI12<\/i><\/b>.<a href=\"https:\/\/www.pagina12.com.ar\/diario\/suplementos\/espectaculos\/17-21028-2011-03-12.html\"> Falleci\u00f3 en 2011<\/a>.<\/p>\n<p><iframe style=\"border: 0px; position: absolute; top: 0px; left: 0px; height: 100%;\" allowfullscreen=\"\" frameborder=\"0\" src=\"https:\/\/www.youtube.com\/embed\/JeUTBI2iFoY\"><\/iframe><\/p>\n<h2>1928. El nacimiento de Ang\u00e9lica Gorodischer<\/h2>\n<p><b><a href=\"https:\/\/www.pagina12.com.ar\/274924-angelica-gorodischer-tres-novelas-en-una\">Ang\u00e9lica Gorodischer<\/a><\/b><b> nace en Buenos Aires<\/b>. <a href=\"https:\/\/www.pagina12.com.ar\/400564-una-entrevista-a-angelica-gorodischer\">Una de las principales voces de la literatura de ciencia-ficci\u00f3n en castellano<\/a>, vivi\u00f3 toda su vida en Rosario. <b>Entre sus obras destacan el volumen de cuentos <i>Trafalgar<\/i><\/b><i> <\/i>(sobre los viajes intergal\u00e1cticos del pintoresco Trafalgar Medrano) y otros libros de cuentos, como <i>Las Rep\u00fablicas<\/i>, <i>T\u00e9cnicas de supervivencia<\/i>, <i>Menta <\/i>y <i><a href=\"https:\/\/www.pagina12.com.ar\/diario\/suplementos\/espectaculos\/4-37989-2016-02-14.html\">Las nenas<\/a><\/i>. Como novelista fue autora de t\u00edtulos como <b><i>Kalpa imperial<\/i><\/b><i> <\/i>(traducida al ingl\u00e9s por<a href=\"https:\/\/www.pagina12.com.ar\/91081-adios-a-la-madre-de-terramar\"> Ursula K. Le Guin<\/a>), <i>Floreros de alabastro, alfombras de Bokhara<\/i>,<i> F\u00e1bula de la virgen y el bombero<\/i>, <i>Tumba de jaguares<\/i> y <i>Tirabuz\u00f3n<\/i>. <a href=\"https:\/\/www.pagina12.com.ar\/399913-angelica-gorodischer-la-mujer-que-imagino-universos\">Falleci\u00f3 en 2022<\/a>.<\/p>\n<p><iframe style=\"border: 0px; position: absolute; top: 0px; left: 0px; height: 100%;\" allowfullscreen=\"\" frameborder=\"0\" src=\"https:\/\/www.youtube.com\/embed\/8a3ek46K5vc\"><\/iframe><\/p>\n<h2>1928. Nace Griselda Gambaro<\/h2>\n<p>La escritora y dramaturga<a href=\"https:\/\/www.pagina12.com.ar\/1999\/99-06\/99-06-18\/pag29.htm\"> Griselda Gambaro<\/a> nace en Buenos Aires.<b> Es autora de libros de cuentos como <i>El desatino<\/i> y <i>Lo mejor que se tiene<\/i><\/b>. Entre sus novelas se pueden mencionar <i>Madrigal en ciudad<\/i>, <b><i>Ganarse la muerte<\/i><\/b>, <i>Despu\u00e9s del d\u00eda de la fiesta <\/i>y <i>El mar que nos trajo<\/i>. Para la escena escribi\u00f3, entre otras obras, <i>El desatino<\/i>, <i><a href=\"https:\/\/www.pagina12.com.ar\/1999\/suple\/radar\/99-09\/99-09-26\/nota2.htm\">Dar la vuelta<\/a><\/i>, <i>Decir s\u00ed<\/i> (estrenada en 1981 en Teatro Abierto), <b><i>La malasangre<\/i><\/b>,<i> Ant\u00edgona furiosa<\/i>, <i>La casa sin sosiego <\/i>y <i>Atando cabos<\/i>.<\/p>\n<p><iframe style=\"border: 0px; position: absolute; top: 0px; left: 0px; height: 100%;\" allowfullscreen=\"\" frameborder=\"0\" src=\"https:\/\/www.youtube.com\/embed\/xmGtdKapquQ\"><\/iframe><\/p>\n<h2>1936. El nacimiento de Norberto Galasso<\/h2>\n<p>El historiador revisionista <b><a href=\"https:\/\/www.pagina12.com.ar\/318587-norberto-galasso-hay-que-tomar-la-historia-como-una-militanc\">Norberto Galasso <\/a><\/b>nace en Buenos Aires. Dentro de su extensa producci\u00f3n se destacan <i>Los malditos<\/i>, <i>Disc\u00e9polo y su \u00e9poca<\/i>, <i>Vida de Scalabrini Ortiz<\/i>, <i>Felipe Varela y la lucha por la uni\u00f3n latinoamericana<\/i>, <i>Verdades y mentiras sobre Per\u00f3n y Eva Per\u00f3n<\/i>, <b>su biograf\u00eda de San Mart\u00edn titulada <i>Seamos libres y lo dem\u00e1s no importa nada <\/i>y <i>De Per\u00f3n a Kirchner<\/i><\/b>.<\/p>\n<p><iframe style=\"border: 0px; position: absolute; top: 0px; left: 0px; height: 100%;\" allowfullscreen=\"\" frameborder=\"0\" src=\"https:\/\/www.youtube.com\/embed\/H7pSHN6QQhQ\"><\/iframe><\/p>\n<h2>1947. Muere Celedonio Flores<\/h2>\n<p><b>Celedonio Flores<\/b>, uno de los poetas fundacionales del tango, fallece pocos d\u00edas antes de cumplir 51 a\u00f1os. A su pluma se le deben los versos de tangos can\u00f3nicos como<b> \u201cMano a mano\u201d<\/b>, \u201cCorrientes y Esmeralda\u201d, \u201cEl bul\u00edn de la calle Ayacucho\u201d y \u201cMargot\u201d.<\/p>\n<p><iframe style=\"border: 0px; position: absolute; top: 0px; left: 0px; height: 100%;\" allowfullscreen=\"\" frameborder=\"0\" src=\"https:\/\/www.youtube.com\/embed\/aEYhTmbTHV0\"><\/iframe><\/p>\n<h2>1954. Nace Hugo Ch\u00e1vez<\/h2>\n<p><b>Nace Hugo Ch\u00e1vez<\/b>. Militar de carrera, salt\u00f3 a la fama con el intento de golpe de Estado de febrero de 1992 contra Carlos Andr\u00e9s P\u00e9rez. Fue encarcelado. Tras recuperar la libertad, se postul\u00f3 a la presidencia de Venezuela en 1998. Gan\u00f3 y reform\u00f3 la Constituci\u00f3n. Volvi\u00f3 a ganar en 2000 y 2006.<a href=\"https:\/\/www.pagina12.com.ar\/diario\/elmundo\/4-3994-2002-04-14.html\"> En 2002 logr\u00f3 revertir un golpe en su contra<\/a>. Como l\u00edder de la Revoluci\u00f3n Bolivariana llev\u00f3 adelante lo que llamo<a href=\"https:\/\/www.pagina12.com.ar\/diario\/economia\/2-204602-2012-10-01.html\"> \u201csocialismo del siglo XXI\u201d<\/a>. Fue clave para voltear el <a href=\"https:\/\/www.pagina12.com.ar\/diario\/elpais\/1-270386-2015-04-13.html\">ALCA en Mar del Plata<\/a>, en 2005. Un a\u00f1o antes hab\u00eda superado un <a href=\"https:\/\/www.pagina12.com.ar\/diario\/elpais\/1-39788-2004-08-17.html\">referendo revocatorio<\/a>. En 2007 <a href=\"https:\/\/www.pagina12.com.ar\/diario\/elmundo\/4-95666-2007-12-03.html\">perdi\u00f3 una votaci\u00f3n para buscar la reforma que permitiera la reelecci\u00f3n indefinida<\/a>. As\u00ed y todo, <a href=\"https:\/\/www.pagina12.com.ar\/diario\/elmundo\/4-205136-2012-10-08.html\">compiti\u00f3, muy enfermo, en 2012, y volvi\u00f3 a ganar<\/a>. Antes de fallecer design\u00f3 como su sucesor a Nicol\u00e1s Maduro. <b><a href=\"https:\/\/www.pagina12.com.ar\/diario\/elmundo\/4-215191-2013-03-06.html\">Muri\u00f3 el 5 de marzo de 2013<\/a><\/b>.<\/p>\n<p><iframe style=\"border: 0px; position: absolute; top: 0px; left: 0px; height: 100%;\" allowfullscreen=\"\" frameborder=\"0\" src=\"https:\/\/www.youtube.com\/embed\/F5gMiWX5kr8\"><\/iframe><\/p>\n<h2>1957. Elecci\u00f3n de constituyentes en la Argentina<\/h2>\n<p>El r\u00e9gimen dictatorial que derroc\u00f3 a Juan Domingo Per\u00f3n en 1955 convoca a<b> elecciones para elegir a los constituyentes que restablecer\u00e1n la Constituci\u00f3n de 1853<\/b> en lugar de<a href=\"https:\/\/www.pagina12.com.ar\/diario\/elpais\/1-121271-2009-03-10.html\"> la derogada Carta Magna peronista de 1949<\/a>. <b>La vuelta a la primera Constituci\u00f3n se hace con el Congreso cerrado y, por ende, sin ley de necesidad emanada del Parlamento para la reforma constitucional<\/b>. Tambi\u00e9n se vota por primera vez con el peronismo proscripto. La UCR del Pueblo gana con el 32 por ciento de los sufragios. Le sigue la otra fracci\u00f3n separada del radicalismo, la UCRI, que llega al 28. Los socialistas obtienen el ocho por ciento. Pero<b> la gran novedad es el voto en blanco, que alcanza el 24 por ciento<\/b>. All\u00ed es donde se expresan los peronistas al no tener a sus candidatos habilitados.<\/p>\n<p><iframe style=\"border: 0px; position: absolute; top: 0px; left: 0px; height: 100%;\" allowfullscreen=\"\" frameborder=\"0\" src=\"https:\/\/www.youtube.com\/embed\/cDIDk3lCjXw\"><\/iframe><\/p>\n<h2>1977. El nacimiento de Emanuel Gin\u00f3bili<\/h2>\n<p><b>En Bah\u00eda Blanca nace <a href=\"https:\/\/www.pagina12.com.ar\/370568-manu-ginobili-vuelve-a-los-spurs-ahora-como-dirigente\">Emanuel Gin\u00f3bili<\/a><\/b>, uno de los m\u00e1s importantes deportistas de la historia argentina. Debut\u00f3 en la Liga Nacional de B\u00e1squet jugando para Andino de La Rioja, en 1995. De all\u00ed emigr\u00f3 al Viola Reggio Calabria de Italia. En 2002 arrib\u00f3 a la NBA, contratado por San Antonio Spurs. En 2003, 2005, 2007 y 2014 se consagr\u00f3 campe\u00f3n. <b>Con la selecci\u00f3n argentina logr\u00f3 <a href=\"https:\/\/www.pagina12.com.ar\/diario\/suplementos\/libero\/9-331-2002-09-09.html\">el subcampeonato mundial en Indian\u00e1polis, en 2002<\/a>. Dos a\u00f1os m\u00e1s tarde consigui\u00f3 <a href=\"https:\/\/www.pagina12.com.ar\/diario\/deportes\/8-40335-2004-08-29.html\">el oro ol\u00edmpico en Atenas<\/a><\/b>. En los Juegos de Beijing 2008 sum\u00f3 una medalla de bronce. <a href=\"https:\/\/www.pagina12.com.ar\/138419-tengo-41-anos-y-estire-bastante-el-temita\">Se retir\u00f3 en 2018 <\/a>y en 2022 <a href=\"https:\/\/www.pagina12.com.ar\/412686-ginobili-entra-al-salon-de-la-fama-junto-a-uno-de-sus-idolos\">accedi\u00f3 al Sal\u00f3n de la Fama de la NBA<\/a>.<\/p>\n<p><iframe style=\"border: 0px; position: absolute; top: 0px; left: 0px; height: 100%;\" allowfullscreen=\"\" frameborder=\"0\" src=\"https:\/\/www.youtube.com\/embed\/0OVr1VfRJiY\"><\/iframe><\/p>\n<h2>1981. El comienzo de Teatro Abierto<\/h2>\n<p>Comienza la mayor experiencia de resistencia cultural contra la dictadura: <b><a href=\"https:\/\/www.pagina12.com.ar\/2001\/01-08\/01-08-05\/pag35.htm#:~:text=P%C3%A1gina%2F12&amp;text=Esta%20es%20la%20historia%20de,pol%C3%ADtica%20contra%20la%20barbarie%20militar.\">Teatro Abierto<\/a><\/b>. El movimiento es una iniciativa de actores y dramaturgos, que presentan obras cortas en el Teatro Picadero.<b> A los pocos d\u00edas, el 6 de agosto, la sala sufre un incendio y las obras se mudan al Tabar\u00eds, concitando gran adhesi\u00f3n de p\u00fablico<\/b>. Entre las obras escritas para la ocasi\u00f3n destacan <i>Gris de ausencia<\/i> de Roberto Cossa, <i><a href=\"https:\/\/www.pagina12.com.ar\/2001\/01-08\/01-08-03\/pag29.htm\">Decir s\u00ed <\/a><\/i>de Griselda Gambaro, <i>Lejana tierra prometida<\/i> de Ricardo Halac y <i>Mi Obelisco y yo<\/i> de <a href=\"https:\/\/www.pagina12.com.ar\/diario\/suplementos\/radar\/subnotas\/9218-2057-2013-10-20.html\">Osvaldo Drag\u00fan<\/a>.<\/p>\n<p><iframe style=\"border: 0px; position: absolute; top: 0px; left: 0px; height: 100%;\" allowfullscreen=\"\" frameborder=\"0\" src=\"https:\/\/www.youtube.com\/embed\/hZ4QXCoYmC4\"><\/iframe><\/p>\n<h2>1998. Fallece Zbigniew Herbert<\/h2>\n<p><b>A los 73 a\u00f1os muere <a href=\"https:\/\/www.pagina12.com.ar\/diario\/contratapa\/13-242819-2014-03-28.html\">el poeta polaco Zbigniew Herbert<\/a><\/b>. Nacido en 1924, est\u00e1 considerado <b>u<b>no de los principales poetas europeos de la segunda mitad del siglo XX<\/b><\/b>. Entre sus obras destacan <i>Naturaleza muerta con brida<\/i>,<i> Informe desde la ciudad sitiada y otros poemas<\/i>, <i>Un b\u00e1rbaro en el jard\u00edn<\/i> y <i>El laberinto junto al mar<\/i>.<\/p>\n<p><iframe style=\"border: 0px; position: absolute; top: 0px; left: 0px; height: 100%;\" allowfullscreen=\"\" frameborder=\"0\" src=\"https:\/\/www.youtube.com\/embed\/lJXqRCqJSyU\"><\/iframe><\/p>\n<p>\u00a0<\/p>\n<p>Adem\u00e1s, es el <b>D\u00eda Mundial contra la Hepatitis<\/b>; y en la Argentina es el <b>D\u00eda de la Gendarmer\u00eda Nacional<\/b>.<\/p>\n<\/div>\n<p><a href=\"https:\/\/www.pagina12.com.ar\/755548-efemerides-de-hoy-que-paso-un-28-de-julio\">source<\/a><\/p>\n","protected":false},"excerpt":{"rendered":"<p>En las efem\u00e9rides del 28 de julio sobresalen estos hechos que ocurrieron un d\u00eda como&#8230;<\/p>\n","protected":false},"author":0,"featured_media":194150,"comment_status":"open","ping_status":"open","sticky":false,"template":"","format":"standard","meta":{"footnotes":""},"categories":[7],"tags":[],"class_list":["post-194149","post","type-post","status-publish","format-standard","has-post-thumbnail","hentry","category-sociedad"],"featured_image_urls":{"full":["https:\/\/radiofenix.com.ar\/2023\/wp-content\/uploads\/2024\/07\/wp-header-logo-139.png",0,0,false],"thumbnail":["https:\/\/radiofenix.com.ar\/2023\/wp-content\/uploads\/2024\/07\/wp-header-logo-139.png",1,1,false],"medium":["https:\/\/radiofenix.com.ar\/2023\/wp-content\/uploads\/2024\/07\/wp-header-logo-139.png",1,1,false],"medium_large":["https:\/\/radiofenix.com.ar\/2023\/wp-content\/uploads\/2024\/07\/wp-header-logo-139.png",1,1,false],"large":["https:\/\/radiofenix.com.ar\/2023\/wp-content\/uploads\/2024\/07\/wp-header-logo-139.png",1,1,false],"1536x1536":["https:\/\/radiofenix.com.ar\/2023\/wp-content\/uploads\/2024\/07\/wp-header-logo-139.png",1,1,false],"2048x2048":["https:\/\/radiofenix.com.ar\/2023\/wp-content\/uploads\/2024\/07\/wp-header-logo-139.png",1,1,false],"newsium-slider-full":["https:\/\/radiofenix.com.ar\/2023\/wp-content\/uploads\/2024\/07\/wp-header-logo-139.png",1,1,false],"newsium-featured":["https:\/\/radiofenix.com.ar\/2023\/wp-content\/uploads\/2024\/07\/wp-header-logo-139.png",1,1,false],"newsium-medium":["https:\/\/radiofenix.com.ar\/2023\/wp-content\/uploads\/2024\/07\/wp-header-logo-139.png",1,1,false]},"author_info":{"info":[""]},"category_info":"<a href=\"https:\/\/radiofenix.com.ar\/2023\/category\/sociedad\/\" rel=\"category tag\">Sociedad<\/a>","tag_info":"Sociedad","comment_count":"0","_links":{"self":[{"href":"https:\/\/radiofenix.com.ar\/2023\/wp-json\/wp\/v2\/posts\/194149","targetHints":{"allow":["GET"]}}],"collection":[{"href":"https:\/\/radiofenix.com.ar\/2023\/wp-json\/wp\/v2\/posts"}],"about":[{"href":"https:\/\/radiofenix.com.ar\/2023\/wp-json\/wp\/v2\/types\/post"}],"replies":[{"embeddable":true,"href":"https:\/\/radiofenix.com.ar\/2023\/wp-json\/wp\/v2\/comments?post=194149"}],"version-history":[{"count":0,"href":"https:\/\/radiofenix.com.ar\/2023\/wp-json\/wp\/v2\/posts\/194149\/revisions"}],"wp:featuredmedia":[{"embeddable":true,"href":"https:\/\/radiofenix.com.ar\/2023\/wp-json\/wp\/v2\/media\/194150"}],"wp:attachment":[{"href":"https:\/\/radiofenix.com.ar\/2023\/wp-json\/wp\/v2\/media?parent=194149"}],"wp:term":[{"taxonomy":"category","embeddable":true,"href":"https:\/\/radiofenix.com.ar\/2023\/wp-json\/wp\/v2\/categories?post=194149"},{"taxonomy":"post_tag","embeddable":true,"href":"https:\/\/radiofenix.com.ar\/2023\/wp-json\/wp\/v2\/tags?post=194149"}],"curies":[{"name":"wp","href":"https:\/\/api.w.org\/{rel}","templated":true}]}}