{"id":194165,"date":"2024-07-29T15:47:25","date_gmt":"2024-07-29T15:47:25","guid":{"rendered":"https:\/\/radiofenix.com.ar\/2023\/agredieron-al-periodista-de-c5n-en-la-embajada-de-venezuela\/"},"modified":"2024-07-29T15:47:25","modified_gmt":"2024-07-29T15:47:25","slug":"agredieron-al-periodista-de-c5n-en-la-embajada-de-venezuela","status":"publish","type":"post","link":"https:\/\/radiofenix.com.ar\/2023\/agredieron-al-periodista-de-c5n-en-la-embajada-de-venezuela\/","title":{"rendered":"Agredieron al periodista de C5N en la Embajada de Venezuela"},"content":{"rendered":"<div id=\"\">\n<p><strong>\u00abFuera, fuera C5N de mierda, fuera, no los queremos\u00bb<\/strong>, dijo uno venezolano mientras empujaba primero el micr\u00f3fono y luego al propio cronista.<\/p>\n<p>Cuando se retir\u00f3, Onega lament\u00f3 que fue la \u00fanica persona con la que tuvieron inconvenientes durante la cobertura, por lo que una mujer venezolana que se encontraba en el lugar repudi\u00f3 el episodio. \u00abEsto no es Venezuela\u00bb, aclar\u00f3.<\/p>\n<p>En la <strong>Ciudad de Buenos Aires<\/strong>, m\u00e1s de <strong>1500 venezolanos<\/strong> se concentraban frente a la <strong>sede de la embajada, ubicada en el barrio porte\u00f1o de Palermo<\/strong>, a la espera de que el Consejo Nacional Electoral difunda los primeros resultados de los comicios.<\/p>\n<p>La esquina de Emilio Ravignani y Luis Mar\u00eda Campos se encontraba poblada de personas que <strong>acudieron hasta la embajada para votar<\/strong> y esperar junto a otros compatriotas los resultados.<\/p>\n<p>En su mayor\u00eda antichavistas, varios hicieron vigilia desde horas de la madrugada en las puertas de la <strong>embajada<\/strong> antes de la apertura de las puertas. Las casillas de votaci\u00f3n se mantuvieron abiertas hasta las 18, con cinco mesas disponibles paras sufragar. <\/p>\n<p>Fue en el marco de la espera de los resultados, y luego de varias horas sin que se registraran incidentes, cuando uno de los antichavistas atac\u00f3 a Mariano Onega. <\/p>\n<p><span class=\"saysCMSEmphasis\" id=\"saysCMSEmphasisty4dmaxg9ob\">\u00abQuiero aclarar para quienes estaban viendo @C5N Siempre es constructivo escuchar, con mucho respeto, diferentes historias de hermanos venezolanos frente a la Embajada en Buenos Aires. Un solo inadaptado no merece empa\u00f1ar la libertad de expresi\u00f3n de todos que nos recibieron con alegr\u00eda y compartimos toda la tarde\u00bb<\/span>, escribi\u00f3 el periodista en su cuenta de X, luego del incidente.<\/p>\n<div contenteditable=\"false\" class=\"embed_cont type_freetext\" rel=\"freetext\" id=\"embed8824_wrap\" data-provider=\"Twitter\">\n<p>Embed &#8211; https:\/\/publish.twitter.com\/oembed?url=https:\/\/twitter.com\/MarianoOnega\/status\/1817722996091412827&amp;partner=&amp;hide_thread=false<span onclick=\"parent.parent.TinyMCETdcuerpo.preview_embed('embed8824')\" class=\"embed_colapse less\" id=\"embed8824_colapse\"\/><span onclick=\"parent.parent.TinyMCETdcuerpo.delete_embed('embed8824')\" class=\"embed_delete less\" id=\"embed8824_delete\"\/><\/p>\n<div id=\"embed8824_content\" class=\"embed_content\">\n<div id=\"embed8824_embed\">\n<blockquote data-td-script-src=\"https:\/\/platform.twitter.com\/widgets.js\" class=\"twitter-tweet\">\n<p dir=\"ltr\" lang=\"es\"> Quiero aclarar para quienes estaban viendo <a href=\"https:\/\/twitter.com\/C5N?ref_src=twsrc%5Etfw\">@C5N<\/a> Siempre es <br \/>constructivo escuchar, con mucho respeto, diferentes historias de hermanos venezolanos frente a la Embajada en Buenos Aires. Un solo inadaptado no merece empa\u00f1ar la libertad de expresi\u00f3n de todos que nos recibieron con\u2026<\/p>\n<p> \u2014 Mariano Onega (@MarianoOnega) <a href=\"https:\/\/twitter.com\/MarianoOnega\/status\/1817722996091412827?ref_src=twsrc%5Etfw\">July 29, 2024<\/a><\/p><\/blockquote>\n<\/div><\/div>\n<\/p><\/div>\n<div contenteditable=\"false\" class=\"embed_cont type_freetext\" rel=\"freetext\" id=\"embed19_wrap\">\n<p> Embed <span onclick=\"parent.parent.TinyMCETdcuerpo.preview_embed('embed19')\" class=\"embed_colapse less\" id=\"embed19_colapse\"\/> <span onclick=\"parent.parent.TinyMCETdcuerpo.delete_embed('embed19')\" class=\"embed_delete less\" id=\"embed19_delete\"\/><\/p>\n<div id=\"embed19_content\" class=\"embed_content\">\n<div id=\"embed19_embed\">\n<figure class=\"figure\"><a href=\"https:\/\/t.me\/minutounocom\" target=\"_blank\" rel=\"noopener\"><img decoding=\"async\" src=\"https:\/\/media.minutouno.com\/adjuntos\/150\/banners\/039\/099\/0039099175.jpg\" class=\"figure-img img-fluid\" style=\"width:100%;height:auto;\"\/><\/a><\/figure>\n<\/div>\n<\/div><\/div>\n<\/p><\/div>\n<p><a href=\"https:\/\/www.minutouno.com\/sociedad\/c5n\/agredieron-al-periodista-la-embajada-venezuela-n6040100\">source<\/a><\/p>\n","protected":false},"excerpt":{"rendered":"<p>\u00abFuera, fuera C5N de mierda, fuera, no los queremos\u00bb, dijo uno venezolano mientras empujaba primero&#8230;<\/p>\n","protected":false},"author":0,"featured_media":194166,"comment_status":"open","ping_status":"open","sticky":false,"template":"","format":"standard","meta":{"footnotes":""},"categories":[2],"tags":[],"class_list":["post-194165","post","type-post","status-publish","format-standard","has-post-thumbnail","hentry","category-politica"],"featured_image_urls":{"full":["https:\/\/radiofenix.com.ar\/2023\/wp-content\/uploads\/2024\/07\/wp-header-logo-139.png",0,0,false],"thumbnail":["https:\/\/radiofenix.com.ar\/2023\/wp-content\/uploads\/2024\/07\/wp-header-logo-139.png",1,1,false],"medium":["https:\/\/radiofenix.com.ar\/2023\/wp-content\/uploads\/2024\/07\/wp-header-logo-139.png",1,1,false],"medium_large":["https:\/\/radiofenix.com.ar\/2023\/wp-content\/uploads\/2024\/07\/wp-header-logo-139.png",1,1,false],"large":["https:\/\/radiofenix.com.ar\/2023\/wp-content\/uploads\/2024\/07\/wp-header-logo-139.png",1,1,false],"1536x1536":["https:\/\/radiofenix.com.ar\/2023\/wp-content\/uploads\/2024\/07\/wp-header-logo-139.png",1,1,false],"2048x2048":["https:\/\/radiofenix.com.ar\/2023\/wp-content\/uploads\/2024\/07\/wp-header-logo-139.png",1,1,false],"newsium-slider-full":["https:\/\/radiofenix.com.ar\/2023\/wp-content\/uploads\/2024\/07\/wp-header-logo-139.png",1,1,false],"newsium-featured":["https:\/\/radiofenix.com.ar\/2023\/wp-content\/uploads\/2024\/07\/wp-header-logo-139.png",1,1,false],"newsium-medium":["https:\/\/radiofenix.com.ar\/2023\/wp-content\/uploads\/2024\/07\/wp-header-logo-139.png",1,1,false]},"author_info":{"info":[""]},"category_info":"<a href=\"https:\/\/radiofenix.com.ar\/2023\/category\/politica\/\" rel=\"category tag\">Pol\u00edtica<\/a>","tag_info":"Pol\u00edtica","comment_count":"0","_links":{"self":[{"href":"https:\/\/radiofenix.com.ar\/2023\/wp-json\/wp\/v2\/posts\/194165","targetHints":{"allow":["GET"]}}],"collection":[{"href":"https:\/\/radiofenix.com.ar\/2023\/wp-json\/wp\/v2\/posts"}],"about":[{"href":"https:\/\/radiofenix.com.ar\/2023\/wp-json\/wp\/v2\/types\/post"}],"replies":[{"embeddable":true,"href":"https:\/\/radiofenix.com.ar\/2023\/wp-json\/wp\/v2\/comments?post=194165"}],"version-history":[{"count":0,"href":"https:\/\/radiofenix.com.ar\/2023\/wp-json\/wp\/v2\/posts\/194165\/revisions"}],"wp:featuredmedia":[{"embeddable":true,"href":"https:\/\/radiofenix.com.ar\/2023\/wp-json\/wp\/v2\/media\/194166"}],"wp:attachment":[{"href":"https:\/\/radiofenix.com.ar\/2023\/wp-json\/wp\/v2\/media?parent=194165"}],"wp:term":[{"taxonomy":"category","embeddable":true,"href":"https:\/\/radiofenix.com.ar\/2023\/wp-json\/wp\/v2\/categories?post=194165"},{"taxonomy":"post_tag","embeddable":true,"href":"https:\/\/radiofenix.com.ar\/2023\/wp-json\/wp\/v2\/tags?post=194165"}],"curies":[{"name":"wp","href":"https:\/\/api.w.org\/{rel}","templated":true}]}}