{"id":194175,"date":"2024-07-30T04:18:26","date_gmt":"2024-07-30T04:18:26","guid":{"rendered":"https:\/\/radiofenix.com.ar\/2023\/drastico-cambio-del-pronostico-del-tiempo-en-buenos-aires-vuelven-las-lluvias-y-llega-el-calor\/"},"modified":"2024-07-30T04:18:26","modified_gmt":"2024-07-30T04:18:26","slug":"drastico-cambio-del-pronostico-del-tiempo-en-buenos-aires-vuelven-las-lluvias-y-llega-el-calor","status":"publish","type":"post","link":"https:\/\/radiofenix.com.ar\/2023\/drastico-cambio-del-pronostico-del-tiempo-en-buenos-aires-vuelven-las-lluvias-y-llega-el-calor\/","title":{"rendered":"Dr\u00e1stico cambio del pron\u00f3stico del tiempo en Buenos Aires: vuelven las lluvias y llega el calor"},"content":{"rendered":"<div id=\"note-body\">\n<p><strong> El tiempo est\u00e1 loco <\/strong>y de eso ser\u00e1n testigos los habitantes de<strong> la zona del AMBA,<\/strong> que tendr\u00edan <strong>lluvias <\/strong>y luego pasar\u00e1n de marcas t\u00e9rmicas bajo cero en lo profundo del conurbano bonaerense a temperaturas m\u00ednimas cercanas a los 20 grados, seg\u00fan anuncia el Servicio Meteorol\u00f3gico Nacional (SMN).<\/p>\n<\/div>\n<p><a href=\"https:\/\/www.minutouno.com\/sociedad\/lluvias\/drastico-cambio-del-pronostico-del-tiempo-buenos-aires-vuelven-las-y-llega-el-calor-n6040319\">source<\/a><\/p>\n","protected":false},"excerpt":{"rendered":"<p>El tiempo est\u00e1 loco y de eso ser\u00e1n testigos los habitantes de la zona del&#8230;<\/p>\n","protected":false},"author":0,"featured_media":194176,"comment_status":"open","ping_status":"open","sticky":false,"template":"","format":"standard","meta":{"footnotes":""},"categories":[2],"tags":[],"class_list":["post-194175","post","type-post","status-publish","format-standard","has-post-thumbnail","hentry","category-politica"],"featured_image_urls":{"full":["https:\/\/radiofenix.com.ar\/2023\/wp-content\/uploads\/2024\/07\/wp-header-logo-139.png",0,0,false],"thumbnail":["https:\/\/radiofenix.com.ar\/2023\/wp-content\/uploads\/2024\/07\/wp-header-logo-139.png",1,1,false],"medium":["https:\/\/radiofenix.com.ar\/2023\/wp-content\/uploads\/2024\/07\/wp-header-logo-139.png",1,1,false],"medium_large":["https:\/\/radiofenix.com.ar\/2023\/wp-content\/uploads\/2024\/07\/wp-header-logo-139.png",1,1,false],"large":["https:\/\/radiofenix.com.ar\/2023\/wp-content\/uploads\/2024\/07\/wp-header-logo-139.png",1,1,false],"1536x1536":["https:\/\/radiofenix.com.ar\/2023\/wp-content\/uploads\/2024\/07\/wp-header-logo-139.png",1,1,false],"2048x2048":["https:\/\/radiofenix.com.ar\/2023\/wp-content\/uploads\/2024\/07\/wp-header-logo-139.png",1,1,false],"newsium-slider-full":["https:\/\/radiofenix.com.ar\/2023\/wp-content\/uploads\/2024\/07\/wp-header-logo-139.png",1,1,false],"newsium-featured":["https:\/\/radiofenix.com.ar\/2023\/wp-content\/uploads\/2024\/07\/wp-header-logo-139.png",1,1,false],"newsium-medium":["https:\/\/radiofenix.com.ar\/2023\/wp-content\/uploads\/2024\/07\/wp-header-logo-139.png",1,1,false]},"author_info":{"info":[""]},"category_info":"<a href=\"https:\/\/radiofenix.com.ar\/2023\/category\/politica\/\" rel=\"category tag\">Pol\u00edtica<\/a>","tag_info":"Pol\u00edtica","comment_count":"0","_links":{"self":[{"href":"https:\/\/radiofenix.com.ar\/2023\/wp-json\/wp\/v2\/posts\/194175","targetHints":{"allow":["GET"]}}],"collection":[{"href":"https:\/\/radiofenix.com.ar\/2023\/wp-json\/wp\/v2\/posts"}],"about":[{"href":"https:\/\/radiofenix.com.ar\/2023\/wp-json\/wp\/v2\/types\/post"}],"replies":[{"embeddable":true,"href":"https:\/\/radiofenix.com.ar\/2023\/wp-json\/wp\/v2\/comments?post=194175"}],"version-history":[{"count":0,"href":"https:\/\/radiofenix.com.ar\/2023\/wp-json\/wp\/v2\/posts\/194175\/revisions"}],"wp:featuredmedia":[{"embeddable":true,"href":"https:\/\/radiofenix.com.ar\/2023\/wp-json\/wp\/v2\/media\/194176"}],"wp:attachment":[{"href":"https:\/\/radiofenix.com.ar\/2023\/wp-json\/wp\/v2\/media?parent=194175"}],"wp:term":[{"taxonomy":"category","embeddable":true,"href":"https:\/\/radiofenix.com.ar\/2023\/wp-json\/wp\/v2\/categories?post=194175"},{"taxonomy":"post_tag","embeddable":true,"href":"https:\/\/radiofenix.com.ar\/2023\/wp-json\/wp\/v2\/tags?post=194175"}],"curies":[{"name":"wp","href":"https:\/\/api.w.org\/{rel}","templated":true}]}}