{"id":194179,"date":"2024-07-30T08:57:17","date_gmt":"2024-07-30T08:57:17","guid":{"rendered":"https:\/\/radiofenix.com.ar\/2023\/si-sacan-el-cepo-el-dolar-se-va-a-1500-pesos-o-mas\/"},"modified":"2024-07-30T08:57:17","modified_gmt":"2024-07-30T08:57:17","slug":"si-sacan-el-cepo-el-dolar-se-va-a-1500-pesos-o-mas","status":"publish","type":"post","link":"https:\/\/radiofenix.com.ar\/2023\/si-sacan-el-cepo-el-dolar-se-va-a-1500-pesos-o-mas\/","title":{"rendered":"&quot;Si sacan el cepo, el d\u00f3lar se va a 1500 pesos o m\u00e1s&quot;"},"content":{"rendered":"<p>El economista, que comparte las ideas de Milei, avis\u00f3 que \u00abest\u00e1n buscando fondos para hacer frente a casos especulativos de corridas\u00bb y que \u00abno tienen m\u00e1s remedio que levantarlo, pase lo que pase\u00bb.\u00a0<br \/><a href=\"https:\/\/www.pagina12.com.ar\/756014-si-sacan-el-cepo-el-dolar-se-va-a-1500-pesos-o-mas\">source<\/a><\/p>\n","protected":false},"excerpt":{"rendered":"<p>El economista, que comparte las ideas de Milei, avis\u00f3 que \u00abest\u00e1n buscando fondos para hacer&#8230;<\/p>\n","protected":false},"author":0,"featured_media":194180,"comment_status":"open","ping_status":"open","sticky":false,"template":"","format":"standard","meta":{"footnotes":""},"categories":[5],"tags":[],"class_list":["post-194179","post","type-post","status-publish","format-standard","has-post-thumbnail","hentry","category-economia"],"featured_image_urls":{"full":["https:\/\/radiofenix.com.ar\/2023\/wp-content\/uploads\/2024\/07\/wp-header-logo-139.png",0,0,false],"thumbnail":["https:\/\/radiofenix.com.ar\/2023\/wp-content\/uploads\/2024\/07\/wp-header-logo-139.png",1,1,false],"medium":["https:\/\/radiofenix.com.ar\/2023\/wp-content\/uploads\/2024\/07\/wp-header-logo-139.png",1,1,false],"medium_large":["https:\/\/radiofenix.com.ar\/2023\/wp-content\/uploads\/2024\/07\/wp-header-logo-139.png",1,1,false],"large":["https:\/\/radiofenix.com.ar\/2023\/wp-content\/uploads\/2024\/07\/wp-header-logo-139.png",1,1,false],"1536x1536":["https:\/\/radiofenix.com.ar\/2023\/wp-content\/uploads\/2024\/07\/wp-header-logo-139.png",1,1,false],"2048x2048":["https:\/\/radiofenix.com.ar\/2023\/wp-content\/uploads\/2024\/07\/wp-header-logo-139.png",1,1,false],"newsium-slider-full":["https:\/\/radiofenix.com.ar\/2023\/wp-content\/uploads\/2024\/07\/wp-header-logo-139.png",1,1,false],"newsium-featured":["https:\/\/radiofenix.com.ar\/2023\/wp-content\/uploads\/2024\/07\/wp-header-logo-139.png",1,1,false],"newsium-medium":["https:\/\/radiofenix.com.ar\/2023\/wp-content\/uploads\/2024\/07\/wp-header-logo-139.png",1,1,false]},"author_info":{"info":[""]},"category_info":"<a href=\"https:\/\/radiofenix.com.ar\/2023\/category\/economia\/\" rel=\"category tag\">Economia<\/a>","tag_info":"Economia","comment_count":"0","_links":{"self":[{"href":"https:\/\/radiofenix.com.ar\/2023\/wp-json\/wp\/v2\/posts\/194179","targetHints":{"allow":["GET"]}}],"collection":[{"href":"https:\/\/radiofenix.com.ar\/2023\/wp-json\/wp\/v2\/posts"}],"about":[{"href":"https:\/\/radiofenix.com.ar\/2023\/wp-json\/wp\/v2\/types\/post"}],"replies":[{"embeddable":true,"href":"https:\/\/radiofenix.com.ar\/2023\/wp-json\/wp\/v2\/comments?post=194179"}],"version-history":[{"count":0,"href":"https:\/\/radiofenix.com.ar\/2023\/wp-json\/wp\/v2\/posts\/194179\/revisions"}],"wp:featuredmedia":[{"embeddable":true,"href":"https:\/\/radiofenix.com.ar\/2023\/wp-json\/wp\/v2\/media\/194180"}],"wp:attachment":[{"href":"https:\/\/radiofenix.com.ar\/2023\/wp-json\/wp\/v2\/media?parent=194179"}],"wp:term":[{"taxonomy":"category","embeddable":true,"href":"https:\/\/radiofenix.com.ar\/2023\/wp-json\/wp\/v2\/categories?post=194179"},{"taxonomy":"post_tag","embeddable":true,"href":"https:\/\/radiofenix.com.ar\/2023\/wp-json\/wp\/v2\/tags?post=194179"}],"curies":[{"name":"wp","href":"https:\/\/api.w.org\/{rel}","templated":true}]}}