{"id":194207,"date":"2024-07-31T08:57:55","date_gmt":"2024-07-31T08:57:55","guid":{"rendered":"https:\/\/radiofenix.com.ar\/2023\/israel-anuncio-la-muerte-de-un-comandante-de-hezbola-en-un-bombardeo-en-beirut\/"},"modified":"2024-07-31T08:57:55","modified_gmt":"2024-07-31T08:57:55","slug":"israel-anuncio-la-muerte-de-un-comandante-de-hezbola-en-un-bombardeo-en-beirut","status":"publish","type":"post","link":"https:\/\/radiofenix.com.ar\/2023\/israel-anuncio-la-muerte-de-un-comandante-de-hezbola-en-un-bombardeo-en-beirut\/","title":{"rendered":"Israel anunci\u00f3 la muerte de un comandante de Hezbol\u00e1 en un bombardeo en Beirut"},"content":{"rendered":"<div>\n<p><b>El Ej\u00e9rcito israel\u00ed confirm\u00f3 haber matado en el bombardeo en Beirut al comandante de Hezbol\u00e1 Fuad Shukr, \u00abel jefe militar de mayor rango\u00bb del grupo chiita liban\u00e9s <\/b>y asesor cercano del l\u00edder de la organizaci\u00f3n Hasan Nasrallah. <b>Las autoridades israel\u00edes consideran a Shukr <\/b><a href=\"https:\/\/www.pagina12.com.ar\/755685-israel-bombardeo-7-regiones-del-libano-en-respuesta-a-un-ata\"><b>responsable de la muerte de 12 ni\u00f1os el s\u00e1bado<\/b> en un ataque con un cohete en la ciudad drusa de Majdal Shams<\/a>, en los Altos del Gol\u00e1n ocupados por Israel, as\u00ed como del \u00abasesinato de muchos ciudadanos israel\u00edes y extranjeros a lo largo de los a\u00f1os\u00bb.<\/p>\n<p>\u00abEn una operaci\u00f3n de asesinato selectivo, aviones de combate atacaron Beirut, mataron a Fuad Shukr\u00bb, el comandante militar de mayor rango de la organizaci\u00f3n terrorista Hezbol\u00e1 y responsable de la formaci\u00f3n estrat\u00e9gica de la organizaci\u00f3n, confirm\u00f3 un comunicado castrense. Tres civiles, una mujer y dos ni\u00f1os, murieron en el bombardeo israel\u00ed que dej\u00f3 tambi\u00e9n 74 heridos, indic\u00f3 un balance provisional del ministerio de Salud local.<\/p>\n<div class=\"iframely-embed medium-embedded-content\" data-html=\"Jmx0O2Jsb2NrcXVvdGUgY2xhc3M9InR3aXR0ZXItdHdlZXQiIGRhdGEtZG50PSJ0cnVlIiBhbGlnbj0iY2VudGVyIiZndDsmbHQ7cCBsYW5nPSJlbiIgZGlyPSJsdHIiJmd0O0JSRUFLSU5HOiZsdDticiZndDsmbHQ7YnImZ3Q7VGhlIHNjZW5lIGluIExlYmFub27igJlzIGNhcGl0YWwgY2l0eSBvZiBCZWlydXQgcmlnaHQgbm93IGFmdGVyIElzcmFlbCBib21iZWQgdGhlIGRlbnNlbHkgcG9wdWxhdGVkIGFyZWEgb2YgSGFyZXQgSHJlaWssIHRhcmdldGluZyByZXNpZGVudGlhbCBidWlsZGluZ3MuJmx0O2JyJmd0OyZsdDticiZndDtUaGlzIGlzIHRlcnJvcmlzbS4gJmx0O2EgaHJlZj0iaHR0cHM6Ly90LmNvL2U0cDJZVU1VY0siJmd0O3BpYy50d2l0dGVyLmNvbS9lNHAyWVVNVWNLJmx0Oy9hJmd0OyZsdDsvcCZndDsmYW1wO21kYXNoOyBzYXJhaCAoQHNhaG91cmF4bykgJmx0O2EgaHJlZj0iaHR0cHM6Ly90d2l0dGVyLmNvbS9zYWhvdXJheG8vc3RhdHVzLzE4MTgzMzQzMjUwNzY5MDIzNzg\/cmVmX3NyYz10d3NyYyU1RXRmdyImZ3Q7SnVseSAzMCwgMjAyNCZsdDsvYSZndDsmbHQ7L2Jsb2NrcXVvdGUmZ3Q7CiZsdDtzY3JpcHQgYXN5bmMgc3JjPSJodHRwczovL3BsYXRmb3JtLnR3aXR0ZXIuY29tL3dpZGdldHMuanMiIGNoYXJzZXQ9InV0Zi04IiZndDsmbHQ7L3NjcmlwdCZndDsKCiZsdDtkaXYgY2xhc3M9Im1lZGl1bS1pbnNlcnQtZW1iZWRzLW1ldGEiJmd0OyZsdDtzY3JpcHQgdHlwZT0idGV4dC9qc29uIiZndDt7InVybCI6Imh0dHBzOi8vdHdpdHRlci5jb20vc2Fob3VyYXhvL3N0YXR1cy8xODE4MzM0MzI1MDc2OTAyMzc4IiwidHlwZSI6InJpY2giLCJ2ZXJzaW9uIjoiMS4wIiwidGl0bGUiOiJzYXJhaCBvbiBUd2l0dGVyIC8gWCIsImF1dGhvciI6InNhcmFoIiwiYXV0aG9yX3VybCI6Imh0dHBzOi8vdHdpdHRlci5jb20vc2Fob3VyYXhvIiwicHJvdmlkZXJfbmFtZSI6IlR3aXR0ZXIiLCJkZXNjcmlwdGlvbiI6IkJSRUFLSU5HOlRoZSBzY2VuZSBpbiBMZWJhbm9u4oCZcyBjYXBpdGFsIGNpdHkgb2YgQmVpcnV0IHJpZ2h0IG5vdyBhZnRlciBJc3JhZWwgYm9tYmVkIHRoZSBkZW5zZWx5IHBvcHVsYXRlZCBhcmVhIG9mIEhhcmV0IEhyZWlrLCB0YXJnZXRpbmcgcmVzaWRlbnRpYWwgYnVpbGRpbmdzLlRoaXMgaXMgdGVycm9yaXNtLiBwaWMudHdpdHRlci5jb20vZTRwMllVTVVjS+KAlCBzYXJhaCAoQHNhaG91cmF4bykgSnVseSAzMCwgMjAyNFxuXG5cbiIsImNhY2hlX2FnZSI6ODY0MDAsIm9wdGlvbnMiOnsiX2hpZGVfbWVkaWEiOnsibGFiZWwiOiJIaWRlIHBob3RvcywgdmlkZW9zLCBhbmQgY2FyZHMiLCJ2YWx1ZSI6ZmFsc2V9LCJfdGhlbWUiOnsidmFsdWUiOiIiLCJ2YWx1ZXMiOnsiZGFyayI6IlVzZSBkYXJrIHRoZW1lIn19LCJfbWF4d2lkdGgiOnsidmFsdWUiOiIiLCJsYWJlbCI6IkFkanVzdCB3aWR0aCIsInBsYWNlaG9sZGVyIjoiMjIwLTU1MCwgaW4gcHgifX19Jmx0Oy9zY3JpcHQmZ3Q7Jmx0Oy9kaXYmZ3Q7\">\n<a data-iframely-url=\"\" href=\"https:\/\/twitter.com\/sahouraxo\/status\/1818334325076902378\">https:\/\/twitter.com\/sahouraxo\/status\/1818334325076902378<\/a>\n<\/div>\n<p>Considerado el \u00abjefe del Estado Mayor\u00bb del grupo, <b>Shukr estaba a cargo del arsenal de armas m\u00e1s avanzadas de Hezbol\u00e1<\/b>, en particular los misiles de precisi\u00f3n, misiles de crucero, misiles costeros, cohetes de largo alcance y veh\u00edculos a\u00e9reos no tripulados. Adem\u00e1s fue responsable de la planificaci\u00f3n de los ataques contra Israel, seg\u00fan el Ej\u00e9rcito.<\/p>\n<p>Lleva activo en Hezbol\u00e1 m\u00e1s de 30 a\u00f1os y particip\u00f3 en la planificaci\u00f3n y ejecuci\u00f3n del ataque contra la Marina de EE.UU. en Beirut el 23 de octubre de 1983, que caus\u00f3 la muerte de 241 soldados estadounidenses. Desde entonces figuraba en la lista de los m\u00e1s buscados del Departamento de Estado, que lleg\u00f3 a ofrecer cinco millones de d\u00f3lares por informaci\u00f3n sobre su paradero.<\/p>\n<p>El Ej\u00e9rcito israel\u00ed confirm\u00f3 horas antes haber bombardeado Beirut en una operaci\u00f3n dirigida contra el \u00abcomandante responsable del asesinato de ni\u00f1os en Majdal Shams\u00bb, en referencia al ataque atribuido a Hezbol\u00e1 en el que murieron 12 menores de entre 10 y 16 a\u00f1os, pero hasta ahora no hab\u00eda difundido su identidad.\u00a0<\/p>\n<p>La vicepresidenta estadounidense <b>Kamala Harris<\/b>, que se perfila como candidata dem\u00f3crata a la Casa Blanca, dijo que <b>Israel tiene \u00abderecho a defenderse\u00bb<\/b>. Harris, quien la semana pasada se mostr\u00f3 tajante con el primer ministro israel\u00ed, Benjamin Netanyahu, por la guerra en Gaza, pidi\u00f3 una soluci\u00f3n diplom\u00e1tica para reducir el riesgo de un conflicto m\u00e1s amplio en la frontera entre el L\u00edbano e Israel.\u00a0<\/p>\n<p>Por su parte la coordinadora especial de la ONU en el L\u00edbano, Jeanine Hennis-Plasschaert, sostuvo que que \u00abno existe una soluci\u00f3n militar\u00bb a las hostilidades iniciadas entre ambas partes.<\/p>\n<\/div>\n<p><script async src=\"\/\/platform.twitter.com\/widgets.js\" charset=\"utf-8\"><\/script><br \/><a href=\"https:\/\/www.pagina12.com.ar\/756446-israel-anuncio-la-muerte-de-un-comandante-de-hezbola-en-un-b\">source<\/a><\/p>\n","protected":false},"excerpt":{"rendered":"<p>El Ej\u00e9rcito israel\u00ed confirm\u00f3 haber matado en el bombardeo en Beirut al comandante de Hezbol\u00e1&#8230;<\/p>\n","protected":false},"author":0,"featured_media":194208,"comment_status":"open","ping_status":"open","sticky":false,"template":"","format":"standard","meta":{"footnotes":""},"categories":[60],"tags":[],"class_list":["post-194207","post","type-post","status-publish","format-standard","has-post-thumbnail","hentry","category-internacional"],"featured_image_urls":{"full":["https:\/\/radiofenix.com.ar\/2023\/wp-content\/uploads\/2024\/07\/wp-header-logo-139.png",0,0,false],"thumbnail":["https:\/\/radiofenix.com.ar\/2023\/wp-content\/uploads\/2024\/07\/wp-header-logo-139.png",1,1,false],"medium":["https:\/\/radiofenix.com.ar\/2023\/wp-content\/uploads\/2024\/07\/wp-header-logo-139.png",1,1,false],"medium_large":["https:\/\/radiofenix.com.ar\/2023\/wp-content\/uploads\/2024\/07\/wp-header-logo-139.png",1,1,false],"large":["https:\/\/radiofenix.com.ar\/2023\/wp-content\/uploads\/2024\/07\/wp-header-logo-139.png",1,1,false],"1536x1536":["https:\/\/radiofenix.com.ar\/2023\/wp-content\/uploads\/2024\/07\/wp-header-logo-139.png",1,1,false],"2048x2048":["https:\/\/radiofenix.com.ar\/2023\/wp-content\/uploads\/2024\/07\/wp-header-logo-139.png",1,1,false],"newsium-slider-full":["https:\/\/radiofenix.com.ar\/2023\/wp-content\/uploads\/2024\/07\/wp-header-logo-139.png",1,1,false],"newsium-featured":["https:\/\/radiofenix.com.ar\/2023\/wp-content\/uploads\/2024\/07\/wp-header-logo-139.png",1,1,false],"newsium-medium":["https:\/\/radiofenix.com.ar\/2023\/wp-content\/uploads\/2024\/07\/wp-header-logo-139.png",1,1,false]},"author_info":{"info":[""]},"category_info":"<a href=\"https:\/\/radiofenix.com.ar\/2023\/category\/internacional\/\" rel=\"category tag\">Internacional<\/a>","tag_info":"Internacional","comment_count":"0","_links":{"self":[{"href":"https:\/\/radiofenix.com.ar\/2023\/wp-json\/wp\/v2\/posts\/194207","targetHints":{"allow":["GET"]}}],"collection":[{"href":"https:\/\/radiofenix.com.ar\/2023\/wp-json\/wp\/v2\/posts"}],"about":[{"href":"https:\/\/radiofenix.com.ar\/2023\/wp-json\/wp\/v2\/types\/post"}],"replies":[{"embeddable":true,"href":"https:\/\/radiofenix.com.ar\/2023\/wp-json\/wp\/v2\/comments?post=194207"}],"version-history":[{"count":0,"href":"https:\/\/radiofenix.com.ar\/2023\/wp-json\/wp\/v2\/posts\/194207\/revisions"}],"wp:featuredmedia":[{"embeddable":true,"href":"https:\/\/radiofenix.com.ar\/2023\/wp-json\/wp\/v2\/media\/194208"}],"wp:attachment":[{"href":"https:\/\/radiofenix.com.ar\/2023\/wp-json\/wp\/v2\/media?parent=194207"}],"wp:term":[{"taxonomy":"category","embeddable":true,"href":"https:\/\/radiofenix.com.ar\/2023\/wp-json\/wp\/v2\/categories?post=194207"},{"taxonomy":"post_tag","embeddable":true,"href":"https:\/\/radiofenix.com.ar\/2023\/wp-json\/wp\/v2\/tags?post=194207"}],"curies":[{"name":"wp","href":"https:\/\/api.w.org\/{rel}","templated":true}]}}