{"id":194209,"date":"2024-07-31T08:57:58","date_gmt":"2024-07-31T08:57:58","guid":{"rendered":"https:\/\/radiofenix.com.ar\/2023\/nueva-suba-de-combustibles-desde-este-jueves-a-cuanto-se-va-el-litro-de-nafta\/"},"modified":"2024-07-31T08:57:58","modified_gmt":"2024-07-31T08:57:58","slug":"nueva-suba-de-combustibles-desde-este-jueves-a-cuanto-se-va-el-litro-de-nafta","status":"publish","type":"post","link":"https:\/\/radiofenix.com.ar\/2023\/nueva-suba-de-combustibles-desde-este-jueves-a-cuanto-se-va-el-litro-de-nafta\/","title":{"rendered":"Nueva suba de combustibles desde este jueves: a cu\u00e1nto se va el litro de nafta"},"content":{"rendered":"<div id=\"\">\n<p>De esta manera, la decisi\u00f3n de la gesti\u00f3n libertaria es aplicar s\u00f3lo una peque\u00f1a suba del tributo, con el fin de no aumentar la presi\u00f3n sobre el costo de vida.<\/p>\n<div contenteditable=\"false\" class=\"embed_cont type_imagen\" id=\"7947370-Libre-905651499_wrap\">\n<p> estacion de servicio nafta combustibles <span onclick=\"parent.parent.TinyMCETdcuerpo.preview_embed('7947370-Libre-905651499')\" class=\"embed_colapse less\" id=\"7947370-Libre-905651499_colapse\"\/>  <span onclick=\"parent.parent.TinyMCETdcuerpo.delete_embed('7947370-Libre-905651499')\" class=\"embed_delete less\" id=\"7947370-Libre-905651499_delete\"\/><\/p>\n<div id=\"7947370-Libre-905651499_content\" class=\"embed_content\"><img loading=\"lazy\" decoding=\"async\" src=\"https:\/\/media.minutouno.com\/p\/b54ff1807af7d315cd911e8e2b41c8e3\/adjuntos\/150\/imagenes\/041\/599\/0041599750\/estacion-servicio-nafta-combustibles.jpg\" alt=\"\" title=\"\" width=\"610\" height=\"456\" id=\"7947370-Libre-905651499_embed\"\/><\/div>\n<\/p><\/div>\n<h2>A cu\u00e1nto se va el litro de nafta desde este jueves<\/h2>\n<p>As\u00ed las cosas, desde el 1\u00b0 de agosto, el litro de nafta s\u00faper de YPF pasar\u00e1 <strong>de $940 a $970<\/strong> en la Ciudad de Buenos Aires, mientras que el gasoil se apreciar\u00e1 de $980 a unos $1.010 por litro.<\/p>\n<p>De este modo, los combustibles <strong>subieron m\u00e1s del 126% promedio en el a\u00f1o<\/strong>, ubic\u00e1ndose por encima de la inflaci\u00f3n.<\/p>\n<h2>Fuerte ca\u00edda en la venta de combustibles<\/h2>\n<p>En junio, la <strong>venta de combustibles <\/strong>experiment\u00f3 una significativa ca\u00edda del <strong>12,05%<\/strong>, seg\u00fan los datos proporcionados por la Secretar\u00eda de Energ\u00eda. En total, se despacharon 1.313.239 metros c\u00fabicos de combustible, siendo <strong>la nafta premium el segmento m\u00e1s afectado,<\/strong> con una disminuci\u00f3n del 20,61%.<\/p>\n<p>Las ventas en junio fueron dominadas por las <strong>naftas<\/strong>, que representaron el 61,4% del total de combustibles vendidos, en contraste con el 38,6% correspondiente al <strong>gasoil<\/strong>. La ca\u00edda en la venta de nafta premium resalta una tendencia preocupante para el sector, que ya acumula siete meses consecutivos de descenso.<\/p>\n<p>El impacto de esta disminuci\u00f3n se siente con especial fuerza en las <strong>provincias lim\u00edtrofes con otros pa\u00edses<\/strong>, donde <strong>la venta de combustibles se desplom\u00f3 hasta un 34%.<\/strong> Este descenso es notablemente superior a la media nacional, indicando que las zonas fronterizas enfrentan desaf\u00edos particulares en cuanto al consumo de combustibles.<\/p>\n<p>Adem\u00e1s de la nafta premium, la categor\u00eda de <strong>nafta s\u00faper tambi\u00e9n experiment\u00f3 una ca\u00edda,<\/strong> aunque menor, del <strong>6,27%<\/strong>. Esto sugiere que algunos consumidores optaron por cambiar a una calidad inferior de combustible.<\/p>\n<p>Por otro lado, el<strong> gasoil com\u00fan <\/strong>registr\u00f3 una <strong>disminuci\u00f3n del 16,72% <\/strong>en los \u00faltimos 12 meses, mientras que el <strong>gasoil premium cay\u00f3 un 9,04%.<\/strong><\/p>\n<ul>\n<li> Nafta s\u00faper: las ventas cayeron 6,27%.<\/li>\n<li>Nafta premium: el consumo baj\u00f3 20,61%.<\/li>\n<li>Gasoil: las ventas cayeron 9,03%.<\/li>\n<li>Gasoil premium: el consumo baj\u00f3 un 16,72%.<\/li>\n<\/ul>\n<div contenteditable=\"false\" class=\"embed_cont type_freetext\" rel=\"freetext\" id=\"embed81_wrap\">\n<p> Embed <span onclick=\"parent.parent.TinyMCETdcuerpo.preview_embed('embed81')\" class=\"embed_colapse less\" id=\"embed81_colapse\"\/>  <span onclick=\"parent.parent.TinyMCETdcuerpo.delete_embed('embed81')\" class=\"embed_delete less\" id=\"embed81_delete\"\/><\/p>\n<div id=\"embed81_content\" class=\"embed_content\">\n<div id=\"embed81_embed\">\n<figure class=\"figure\"><a href=\"https:\/\/t.me\/minutounocom\" target=\"_blank\" rel=\"noopener\"><img decoding=\"async\" src=\"https:\/\/media.minutouno.com\/adjuntos\/150\/banners\/039\/099\/0039099175.jpg\" class=\"figure-img img-fluid\" style=\"width:100%;height:auto;\"\/><\/a><\/figure>\n<\/div>\n<\/div><\/div>\n<\/p><\/div>\n<p><a href=\"https:\/\/www.minutouno.com\/economia\/combustibles\/nueva-suba-este-jueves-cuanto-se-va-el-litro-nafta-n6041595\">source<\/a><\/p>\n","protected":false},"excerpt":{"rendered":"<p>De esta manera, la decisi\u00f3n de la gesti\u00f3n libertaria es aplicar s\u00f3lo una peque\u00f1a suba&#8230;<\/p>\n","protected":false},"author":0,"featured_media":194210,"comment_status":"open","ping_status":"open","sticky":false,"template":"","format":"standard","meta":{"footnotes":""},"categories":[2],"tags":[],"class_list":["post-194209","post","type-post","status-publish","format-standard","has-post-thumbnail","hentry","category-politica"],"featured_image_urls":{"full":["https:\/\/radiofenix.com.ar\/2023\/wp-content\/uploads\/2024\/07\/wp-header-logo-139.png",0,0,false],"thumbnail":["https:\/\/radiofenix.com.ar\/2023\/wp-content\/uploads\/2024\/07\/wp-header-logo-139.png",1,1,false],"medium":["https:\/\/radiofenix.com.ar\/2023\/wp-content\/uploads\/2024\/07\/wp-header-logo-139.png",1,1,false],"medium_large":["https:\/\/radiofenix.com.ar\/2023\/wp-content\/uploads\/2024\/07\/wp-header-logo-139.png",1,1,false],"large":["https:\/\/radiofenix.com.ar\/2023\/wp-content\/uploads\/2024\/07\/wp-header-logo-139.png",1,1,false],"1536x1536":["https:\/\/radiofenix.com.ar\/2023\/wp-content\/uploads\/2024\/07\/wp-header-logo-139.png",1,1,false],"2048x2048":["https:\/\/radiofenix.com.ar\/2023\/wp-content\/uploads\/2024\/07\/wp-header-logo-139.png",1,1,false],"newsium-slider-full":["https:\/\/radiofenix.com.ar\/2023\/wp-content\/uploads\/2024\/07\/wp-header-logo-139.png",1,1,false],"newsium-featured":["https:\/\/radiofenix.com.ar\/2023\/wp-content\/uploads\/2024\/07\/wp-header-logo-139.png",1,1,false],"newsium-medium":["https:\/\/radiofenix.com.ar\/2023\/wp-content\/uploads\/2024\/07\/wp-header-logo-139.png",1,1,false]},"author_info":{"info":[""]},"category_info":"<a href=\"https:\/\/radiofenix.com.ar\/2023\/category\/politica\/\" rel=\"category tag\">Pol\u00edtica<\/a>","tag_info":"Pol\u00edtica","comment_count":"0","_links":{"self":[{"href":"https:\/\/radiofenix.com.ar\/2023\/wp-json\/wp\/v2\/posts\/194209","targetHints":{"allow":["GET"]}}],"collection":[{"href":"https:\/\/radiofenix.com.ar\/2023\/wp-json\/wp\/v2\/posts"}],"about":[{"href":"https:\/\/radiofenix.com.ar\/2023\/wp-json\/wp\/v2\/types\/post"}],"replies":[{"embeddable":true,"href":"https:\/\/radiofenix.com.ar\/2023\/wp-json\/wp\/v2\/comments?post=194209"}],"version-history":[{"count":0,"href":"https:\/\/radiofenix.com.ar\/2023\/wp-json\/wp\/v2\/posts\/194209\/revisions"}],"wp:featuredmedia":[{"embeddable":true,"href":"https:\/\/radiofenix.com.ar\/2023\/wp-json\/wp\/v2\/media\/194210"}],"wp:attachment":[{"href":"https:\/\/radiofenix.com.ar\/2023\/wp-json\/wp\/v2\/media?parent=194209"}],"wp:term":[{"taxonomy":"category","embeddable":true,"href":"https:\/\/radiofenix.com.ar\/2023\/wp-json\/wp\/v2\/categories?post=194209"},{"taxonomy":"post_tag","embeddable":true,"href":"https:\/\/radiofenix.com.ar\/2023\/wp-json\/wp\/v2\/tags?post=194209"}],"curies":[{"name":"wp","href":"https:\/\/api.w.org\/{rel}","templated":true}]}}