{"id":194741,"date":"2024-08-29T08:57:10","date_gmt":"2024-08-29T08:57:10","guid":{"rendered":"https:\/\/radiofenix.com.ar\/2023\/francia-experimentara-con-la-prohibicion-de-los-moviles-en-algunas-escuelas\/"},"modified":"2024-08-29T08:57:10","modified_gmt":"2024-08-29T08:57:10","slug":"francia-experimentara-con-la-prohibicion-de-los-moviles-en-algunas-escuelas","status":"publish","type":"post","link":"https:\/\/radiofenix.com.ar\/2023\/francia-experimentara-con-la-prohibicion-de-los-moviles-en-algunas-escuelas\/","title":{"rendered":"Francia experimentar\u00e1 con la prohibici\u00f3n de los m\u00f3viles en algunas escuelas\u00a0"},"content":{"rendered":"<div>\n<p>Francia <b>experimentar\u00e1 <\/b>el pr\u00f3ximo curso escolar con l<b>a prohibici\u00f3n de los tel\u00e9fonos m\u00f3viles en las clases en 200 escuelas secundarias<\/b>, con el objetivo de generalizarla en enero del a\u00f1o pr\u00f3ximo. <\/p>\n<p>Se trata de una de las principales novedades de la vuelta a las clases, que tendr\u00e1 lugar el pr\u00f3ximo 2 de septiembre, y que anunci\u00f3 este martes la ministra de Educaci\u00f3n en funciones, Nicole Belloubet, en una conferencia de prensa.<\/p>\n<p>\u00abDoscientas escuelas secundarias est\u00e1n listas para comenzar\u00bb ya con esta \u00abexperimentaci\u00f3n\u00bb, precis\u00f3 la ministra, y <b>el objetivo es que los estudiantes \u00abno tengan su tel\u00e9fono, especialmente en el patio\u00bb.<\/b><\/p>\n<p>La otra meta es extender la medida al resto de las escuelas de ense\u00f1anza primaria y media \u00abdesde 2025\u00bb, avanz\u00f3, aunque <b>todav\u00eda no a los liceos donde se realiza el \u00faltimo ciclo de ense\u00f1anzas secundarias (de los 15 a los 18 a\u00f1os). <\/b><\/p>\n<p>Adem\u00e1s, <b>este curso comenzar\u00e1 la prueba piloto<\/b> ya anunciada hace meses con <b>uniformes obligatorios en las escuelas p\u00fablicas<\/b>, que se realizar\u00e1 sobre 90 establecimientos escolares de diversos niveles.<\/p>\n<p>Este retorno a la escuela tiene lugar en un momento de gran incertidumbre pol\u00edtica en Francia, con un gobierno en funciones que est\u00e1 intentando prorrogar los presupuestos. Belloubet dijo que, por \u00abcoherencia\u00bb, el presupuesto de educaci\u00f3n deber\u00eda estar \u00abprotegido como m\u00ednimo\u00bb y evitar posibles recortes, algo que el Ejecutivo en funciones ya est\u00e1 realizando en otros cap\u00edtulos a fin de reducir el d\u00e9ficit p\u00fablico de acuerdo con las exigencias de la Comisi\u00f3n Europea.<\/p>\n<p>A\u00fan as\u00ed, insisti\u00f3 en que \u00abel contexto pol\u00edtico no debe tener impacto en el retorno de los escolares a las clases\u00bb.<\/p>\n<p>La ministra en funciones avanz\u00f3 que para el curso 2025-26 habr\u00e1 nuevos programas en franc\u00e9s y matem\u00e1ticas, para que sean m\u00e1s claros y est\u00e9 mejor definido \u00abqu\u00e9 es lo que deben saber los alumnos\u00bb al final de cada curso y de cada ciclo.\u00a0<\/p>\n<\/div>\n<p><a href=\"https:\/\/www.pagina12.com.ar\/762886-francia-experimentara-con-la-prohibicion-de-los-moviles-en-a\">source<\/a><\/p>\n","protected":false},"excerpt":{"rendered":"<p>Francia experimentar\u00e1 el pr\u00f3ximo curso escolar con la prohibici\u00f3n de los tel\u00e9fonos m\u00f3viles en las&#8230;<\/p>\n","protected":false},"author":0,"featured_media":194742,"comment_status":"open","ping_status":"open","sticky":false,"template":"","format":"standard","meta":{"footnotes":""},"categories":[7],"tags":[],"class_list":["post-194741","post","type-post","status-publish","format-standard","has-post-thumbnail","hentry","category-sociedad"],"featured_image_urls":{"full":["https:\/\/radiofenix.com.ar\/2023\/wp-content\/uploads\/wp-header-logo.png",0,0,false],"thumbnail":["https:\/\/radiofenix.com.ar\/2023\/wp-content\/uploads\/wp-header-logo.png",1,1,false],"medium":["https:\/\/radiofenix.com.ar\/2023\/wp-content\/uploads\/wp-header-logo.png",1,1,false],"medium_large":["https:\/\/radiofenix.com.ar\/2023\/wp-content\/uploads\/wp-header-logo.png",1,1,false],"large":["https:\/\/radiofenix.com.ar\/2023\/wp-content\/uploads\/wp-header-logo.png",1,1,false],"1536x1536":["https:\/\/radiofenix.com.ar\/2023\/wp-content\/uploads\/wp-header-logo.png",1,1,false],"2048x2048":["https:\/\/radiofenix.com.ar\/2023\/wp-content\/uploads\/wp-header-logo.png",1,1,false],"newsium-slider-full":["https:\/\/radiofenix.com.ar\/2023\/wp-content\/uploads\/wp-header-logo.png",1,1,false],"newsium-featured":["https:\/\/radiofenix.com.ar\/2023\/wp-content\/uploads\/wp-header-logo.png",1,1,false],"newsium-medium":["https:\/\/radiofenix.com.ar\/2023\/wp-content\/uploads\/wp-header-logo.png",1,1,false]},"author_info":{"info":[""]},"category_info":"<a href=\"https:\/\/radiofenix.com.ar\/2023\/category\/sociedad\/\" rel=\"category tag\">Sociedad<\/a>","tag_info":"Sociedad","comment_count":"0","_links":{"self":[{"href":"https:\/\/radiofenix.com.ar\/2023\/wp-json\/wp\/v2\/posts\/194741","targetHints":{"allow":["GET"]}}],"collection":[{"href":"https:\/\/radiofenix.com.ar\/2023\/wp-json\/wp\/v2\/posts"}],"about":[{"href":"https:\/\/radiofenix.com.ar\/2023\/wp-json\/wp\/v2\/types\/post"}],"replies":[{"embeddable":true,"href":"https:\/\/radiofenix.com.ar\/2023\/wp-json\/wp\/v2\/comments?post=194741"}],"version-history":[{"count":0,"href":"https:\/\/radiofenix.com.ar\/2023\/wp-json\/wp\/v2\/posts\/194741\/revisions"}],"wp:featuredmedia":[{"embeddable":true,"href":"https:\/\/radiofenix.com.ar\/2023\/wp-json\/wp\/v2\/media\/194742"}],"wp:attachment":[{"href":"https:\/\/radiofenix.com.ar\/2023\/wp-json\/wp\/v2\/media?parent=194741"}],"wp:term":[{"taxonomy":"category","embeddable":true,"href":"https:\/\/radiofenix.com.ar\/2023\/wp-json\/wp\/v2\/categories?post=194741"},{"taxonomy":"post_tag","embeddable":true,"href":"https:\/\/radiofenix.com.ar\/2023\/wp-json\/wp\/v2\/tags?post=194741"}],"curies":[{"name":"wp","href":"https:\/\/api.w.org\/{rel}","templated":true}]}}