{"id":194747,"date":"2024-08-29T08:57:15","date_gmt":"2024-08-29T08:57:15","guid":{"rendered":"https:\/\/radiofenix.com.ar\/2023\/nicolas-gil-lavedra-se-hizo-evidente-la-necesidad-de-seguir-hablando-de-esto\/"},"modified":"2024-08-29T08:57:15","modified_gmt":"2024-08-29T08:57:15","slug":"nicolas-gil-lavedra-se-hizo-evidente-la-necesidad-de-seguir-hablando-de-esto","status":"publish","type":"post","link":"https:\/\/radiofenix.com.ar\/2023\/nicolas-gil-lavedra-se-hizo-evidente-la-necesidad-de-seguir-hablando-de-esto\/","title":{"rendered":"Nicol\u00e1s Gil Lavedra: &quot;Se hizo evidente la necesidad de seguir hablando de esto&quot;"},"content":{"rendered":"<p>El director cuenta el minucioso trabajo realizado para el documental que reconstruye una de tantas atrocidades de la \u00faltima dictadura. La pel\u00edcula, que cuenta con apoyo del Grupo Octubre, se ver\u00e1 solo por dos semanas desde el 6 de septiembre.<br \/><a href=\"https:\/\/www.pagina12.com.ar\/762956-nicolas-gil-lavedra-se-hizo-evidente-la-necesidad-de-seguir-\">source<\/a><\/p>\n","protected":false},"excerpt":{"rendered":"<p>El director cuenta el minucioso trabajo realizado para el documental que reconstruye una de tantas&#8230;<\/p>\n","protected":false},"author":0,"featured_media":194748,"comment_status":"open","ping_status":"open","sticky":false,"template":"","format":"standard","meta":{"footnotes":""},"categories":[4],"tags":[],"class_list":["post-194747","post","type-post","status-publish","format-standard","has-post-thumbnail","hentry","category-espectaculos"],"featured_image_urls":{"full":["https:\/\/radiofenix.com.ar\/2023\/wp-content\/uploads\/wp-header-logo.png",0,0,false],"thumbnail":["https:\/\/radiofenix.com.ar\/2023\/wp-content\/uploads\/wp-header-logo.png",1,1,false],"medium":["https:\/\/radiofenix.com.ar\/2023\/wp-content\/uploads\/wp-header-logo.png",1,1,false],"medium_large":["https:\/\/radiofenix.com.ar\/2023\/wp-content\/uploads\/wp-header-logo.png",1,1,false],"large":["https:\/\/radiofenix.com.ar\/2023\/wp-content\/uploads\/wp-header-logo.png",1,1,false],"1536x1536":["https:\/\/radiofenix.com.ar\/2023\/wp-content\/uploads\/wp-header-logo.png",1,1,false],"2048x2048":["https:\/\/radiofenix.com.ar\/2023\/wp-content\/uploads\/wp-header-logo.png",1,1,false],"newsium-slider-full":["https:\/\/radiofenix.com.ar\/2023\/wp-content\/uploads\/wp-header-logo.png",1,1,false],"newsium-featured":["https:\/\/radiofenix.com.ar\/2023\/wp-content\/uploads\/wp-header-logo.png",1,1,false],"newsium-medium":["https:\/\/radiofenix.com.ar\/2023\/wp-content\/uploads\/wp-header-logo.png",1,1,false]},"author_info":{"info":[""]},"category_info":"<a href=\"https:\/\/radiofenix.com.ar\/2023\/category\/espectaculos\/\" rel=\"category tag\">Espectaculos<\/a>","tag_info":"Espectaculos","comment_count":"0","_links":{"self":[{"href":"https:\/\/radiofenix.com.ar\/2023\/wp-json\/wp\/v2\/posts\/194747","targetHints":{"allow":["GET"]}}],"collection":[{"href":"https:\/\/radiofenix.com.ar\/2023\/wp-json\/wp\/v2\/posts"}],"about":[{"href":"https:\/\/radiofenix.com.ar\/2023\/wp-json\/wp\/v2\/types\/post"}],"replies":[{"embeddable":true,"href":"https:\/\/radiofenix.com.ar\/2023\/wp-json\/wp\/v2\/comments?post=194747"}],"version-history":[{"count":0,"href":"https:\/\/radiofenix.com.ar\/2023\/wp-json\/wp\/v2\/posts\/194747\/revisions"}],"wp:featuredmedia":[{"embeddable":true,"href":"https:\/\/radiofenix.com.ar\/2023\/wp-json\/wp\/v2\/media\/194748"}],"wp:attachment":[{"href":"https:\/\/radiofenix.com.ar\/2023\/wp-json\/wp\/v2\/media?parent=194747"}],"wp:term":[{"taxonomy":"category","embeddable":true,"href":"https:\/\/radiofenix.com.ar\/2023\/wp-json\/wp\/v2\/categories?post=194747"},{"taxonomy":"post_tag","embeddable":true,"href":"https:\/\/radiofenix.com.ar\/2023\/wp-json\/wp\/v2\/tags?post=194747"}],"curies":[{"name":"wp","href":"https:\/\/api.w.org\/{rel}","templated":true}]}}