{"id":195255,"date":"2024-09-28T08:57:52","date_gmt":"2024-09-28T08:57:52","guid":{"rendered":"https:\/\/radiofenix.com.ar\/2023\/la-alegoria-a-la-que-apelo-javier-milei-para-desconocer-las-consecuencias-de-su-ajuste\/"},"modified":"2024-09-28T08:57:52","modified_gmt":"2024-09-28T08:57:52","slug":"la-alegoria-a-la-que-apelo-javier-milei-para-desconocer-las-consecuencias-de-su-ajuste","status":"publish","type":"post","link":"https:\/\/radiofenix.com.ar\/2023\/la-alegoria-a-la-que-apelo-javier-milei-para-desconocer-las-consecuencias-de-su-ajuste\/","title":{"rendered":"La alegor\u00eda a la que apel\u00f3 Javier Milei para desconocer las consecuencias de su ajuste"},"content":{"rendered":"<div id=\"\">\n<p>En ese camino el Presidente apel\u00f3 a una ins\u00f3lita alegor\u00eda para lavarse las manos y descargar en otros el impacto que sus pol\u00edticas est\u00e1n teniendo en los niveles de pobreza.<\/p>\n<div contenteditable=\"false\" class=\"embed_cont type_freetext\" rel=\"freetext\" id=\"embed9936_wrap\" data-provider=\"Twitter\" style=\"opacity:1;height:auto;\">\n<p>Embed &#8211; https:\/\/publish.twitter.com\/oembed?url=https:\/\/twitter.com\/DiegoMac227\/status\/1839636538776342767&amp;partner=&amp;hide_thread=false<span onclick=\"parent.parent.TinyMCETdcuerpo.preview_embed('embed9936')\" class=\"embed_colapse less\" id=\"embed9936_colapse\"\/><span onclick=\"parent.parent.TinyMCETdcuerpo.delete_embed('embed9936')\" class=\"embed_delete less\" id=\"embed9936_delete\"\/><\/p>\n<\/p><\/div>\n<p>Como de costumbre se volc\u00f3 a su cuenta en X y <span class=\"saysCMSEmphasis\" id=\"saysCMSEmphasisn4jp7odh6zp\">destac\u00f3 la \u00abexcelente alegor\u00eda\u00bb<\/span> para intentar sostener el relato oficial contra la contundencia de la evidencia de la calle.<\/p>\n<p>\u00abHab\u00eda una vez un edificio antiguo cuyos cimientos se hab\u00edan ido deteriorando a trav\u00e9s del tiempo por una creciente humedad, la cual se evitaba solucionar para evitar los costos de su reparaci\u00f3n y, por el contrario, se iba disimulando burdamente, cubri\u00e9ndola con revestimientos de Durlock, posters de mal gusto y dem\u00e1s aditamentos baratos que cada vez duraban menos -aunque ten\u00edan muy buen marketing- y que, m\u00e1s pronto que tarde, da\u00f1aban a\u00fan m\u00e1s las deterioradas instalaciones\u00bb, narr\u00f3 el economista <strong>David Mermelstein.<\/strong><\/p>\n<p>Seg\u00fan detalla en la ficci\u00f3n que public\u00f3 en redes, el edificio comenz\u00f3 a deteriorarse, perdiendo capacidad de espacio y \u00abdejando fuera a m\u00e1s del 40% de quienes necesitaron alojarse durante todo 2023\u00bb, en una clara alusi\u00f3n a la pobreza. \u00abPara ese momento se volvi\u00f3 evidente que, de continuar con esa din\u00e1mica, el edificio no ten\u00eda m\u00e1s destino que el derrumbe inminente, es decir, volverse inhabitable por completo\u00bb, destac\u00f3.<\/p>\n<p>\u00abAl fin entonces, se hizo una votaci\u00f3n y se defini\u00f3 llamar a especialistas que no siguieran colocando revestimientos sobre la humedad, sino que abordasen las causas de ra\u00edz como para no llegar al desmoronamiento completo\u00bb, contin\u00fao.<\/p>\n<div contenteditable=\"false\" class=\"embed_cont type_video\" id=\"7985916-2025432890_wrap\">\n<p>adorni pobreza <span onclick=\"parent.parent.TinyMCETdcuerpo.preview_embed('7985916-2025432890')\" class=\"embed_colapse less\" id=\"7985916-2025432890_colapse\"\/>  <span onclick=\"parent.parent.TinyMCETdcuerpo.delete_embed('7985916-2025432890')\" class=\"embed_delete less\" id=\"7985916-2025432890_delete\"\/><\/p>\n<div id=\"7985916-2025432890_epigrafe\" class=\"embed_epigrafe\">\n<p> Manuel Adorni habl\u00f3 sobre pobreza e inflaci\u00f3n en la previa a los datos del INDEC<\/p>\n<\/div><\/div>\n<p>En la misma l\u00ednea, continu\u00f3: \u00abLuego de un diagn\u00f3stico profundo de las aver\u00edas que se fueron multiplicando por d\u00e9cadas, estos se pusieron manos a la obra para quitar todos los parches y revestimientos, dejando dolorosamente expuestas las grietas en cada \u00e1rea del edificio y as\u00ed poder encarar los arreglos\u00bb.<\/p>\n<p>\u00abCon motivo de estos trabajos, a\u00fan m\u00e1s espacios quedaron transitoriamente inhabitables, pasando al 52% en promedio durante la primera mitad de 2024. El drama que se hab\u00eda gestado por d\u00e9cadas, era m\u00e1s doloroso que nunca\u00bb, ejemplific\u00f3 el economista en un claro paralelismo con el \u00edndice de pobreza del primer trimestre de 2024, que alcanz\u00f3 a casi 3,5 millones de argentinos.<\/p>\n<p>Asimismo, y en consonancia con la argumentaci\u00f3n libertaria, explic\u00f3: \u00abPero claro, quienes reflexionaban sobre el asunto, entend\u00edan que nunca se hubiese llegado al 52% si las cosas se hubiesen atendido antes de llegar al 40% y antes del 30%, del 20% y as\u00ed sucesivamente\u00bb.<\/p>\n<p>\u00abEl aliciente para todos quienes necesitan de aquellas es saber que al fin se decidi\u00f3 virar el continuo rumbo hacia el desmoronamiento que se tra\u00eda y que, al menos, se intenta encontrar otro camino que haga posible pensar en un edificio con cimientos saneados, que no solamente no se derrumbe y vuelva a albergar a todos sus habitantes lo m\u00e1s pronto posible, sino que tambi\u00e9n sea capaz de soportar la construcci\u00f3n de nuevos pisos para los que vendr\u00e1n\u00bb, concluy\u00f3.<\/p>\n<div contenteditable=\"false\" class=\"embed_cont type_freetext\" rel=\"freetext\" id=\"embed8_wrap\">\n<p>Embed <span onclick=\"parent.parent.TinyMCETdcuerpo.preview_embed('embed8')\" class=\"embed_colapse less\" id=\"embed8_colapse\"\/>  <span onclick=\"parent.parent.TinyMCETdcuerpo.delete_embed('embed8')\" class=\"embed_delete less\" id=\"embed8_delete\"\/><\/p>\n<div id=\"embed8_content\" class=\"embed_content\">\n<div id=\"embed8_embed\">\n<figure class=\"figure\"><a href=\"https:\/\/t.me\/minutounocom\" target=\"_blank\" rel=\"noopener\"><img decoding=\"async\" src=\"https:\/\/media.minutouno.com\/adjuntos\/150\/banners\/039\/099\/0039099175.jpg\" class=\"figure-img img-fluid\" style=\"width:100%;height:auto;\"\/><\/a><\/figure>\n<\/div>\n<\/div><\/div>\n<\/p><\/div>\n<p><script async src=\"\/\/platform.twitter.com\/widgets.js\" charset=\"utf-8\"><\/script><br \/><a href=\"https:\/\/www.minutouno.com\/politica\/la-alegoria-la-que-apelo-javier-milei-desconocer-las-consecuencias-su-ajuste-n6064590\">source<\/a><\/p>\n","protected":false},"excerpt":{"rendered":"<p>En ese camino el Presidente apel\u00f3 a una ins\u00f3lita alegor\u00eda para lavarse las manos y&#8230;<\/p>\n","protected":false},"author":0,"featured_media":195256,"comment_status":"open","ping_status":"open","sticky":false,"template":"","format":"standard","meta":{"footnotes":""},"categories":[2],"tags":[],"class_list":["post-195255","post","type-post","status-publish","format-standard","has-post-thumbnail","hentry","category-politica"],"featured_image_urls":{"full":["https:\/\/radiofenix.com.ar\/2023\/wp-content\/uploads\/wp-header-logo.png",0,0,false],"thumbnail":["https:\/\/radiofenix.com.ar\/2023\/wp-content\/uploads\/wp-header-logo.png",1,1,false],"medium":["https:\/\/radiofenix.com.ar\/2023\/wp-content\/uploads\/wp-header-logo.png",1,1,false],"medium_large":["https:\/\/radiofenix.com.ar\/2023\/wp-content\/uploads\/wp-header-logo.png",1,1,false],"large":["https:\/\/radiofenix.com.ar\/2023\/wp-content\/uploads\/wp-header-logo.png",1,1,false],"1536x1536":["https:\/\/radiofenix.com.ar\/2023\/wp-content\/uploads\/wp-header-logo.png",1,1,false],"2048x2048":["https:\/\/radiofenix.com.ar\/2023\/wp-content\/uploads\/wp-header-logo.png",1,1,false],"newsium-slider-full":["https:\/\/radiofenix.com.ar\/2023\/wp-content\/uploads\/wp-header-logo.png",1,1,false],"newsium-featured":["https:\/\/radiofenix.com.ar\/2023\/wp-content\/uploads\/wp-header-logo.png",1,1,false],"newsium-medium":["https:\/\/radiofenix.com.ar\/2023\/wp-content\/uploads\/wp-header-logo.png",1,1,false]},"author_info":{"info":[""]},"category_info":"<a href=\"https:\/\/radiofenix.com.ar\/2023\/category\/politica\/\" rel=\"category tag\">Pol\u00edtica<\/a>","tag_info":"Pol\u00edtica","comment_count":"0","_links":{"self":[{"href":"https:\/\/radiofenix.com.ar\/2023\/wp-json\/wp\/v2\/posts\/195255","targetHints":{"allow":["GET"]}}],"collection":[{"href":"https:\/\/radiofenix.com.ar\/2023\/wp-json\/wp\/v2\/posts"}],"about":[{"href":"https:\/\/radiofenix.com.ar\/2023\/wp-json\/wp\/v2\/types\/post"}],"replies":[{"embeddable":true,"href":"https:\/\/radiofenix.com.ar\/2023\/wp-json\/wp\/v2\/comments?post=195255"}],"version-history":[{"count":0,"href":"https:\/\/radiofenix.com.ar\/2023\/wp-json\/wp\/v2\/posts\/195255\/revisions"}],"wp:featuredmedia":[{"embeddable":true,"href":"https:\/\/radiofenix.com.ar\/2023\/wp-json\/wp\/v2\/media\/195256"}],"wp:attachment":[{"href":"https:\/\/radiofenix.com.ar\/2023\/wp-json\/wp\/v2\/media?parent=195255"}],"wp:term":[{"taxonomy":"category","embeddable":true,"href":"https:\/\/radiofenix.com.ar\/2023\/wp-json\/wp\/v2\/categories?post=195255"},{"taxonomy":"post_tag","embeddable":true,"href":"https:\/\/radiofenix.com.ar\/2023\/wp-json\/wp\/v2\/tags?post=195255"}],"curies":[{"name":"wp","href":"https:\/\/api.w.org\/{rel}","templated":true}]}}