{"id":195261,"date":"2024-09-29T08:57:20","date_gmt":"2024-09-29T08:57:20","guid":{"rendered":"https:\/\/radiofenix.com.ar\/2023\/efemerides-de-hoy-que-paso-un-29-de-septiembre\/"},"modified":"2024-09-29T08:57:20","modified_gmt":"2024-09-29T08:57:20","slug":"efemerides-de-hoy-que-paso-un-29-de-septiembre","status":"publish","type":"post","link":"https:\/\/radiofenix.com.ar\/2023\/efemerides-de-hoy-que-paso-un-29-de-septiembre\/","title":{"rendered":"Efem\u00e9rides de hoy: qu\u00e9 pas\u00f3 un 29 de septiembre"},"content":{"rendered":"<div>\n<p>En las <b>efem\u00e9rides del 29 de septiembre<\/b> sobresalen estos hechos que ocurrieron un d\u00eda como hoy en la Argentina y el mundo:<\/p>\n<h2>1820.<br \/>\nLa Rep\u00fablica de Entre R\u00edos<\/h2>\n<p><b>El caudillo Francisco Ram\u00edrez funda la Rep\u00fablica de Entre R\u00edos<\/b>. Se trata de un estado independiente dentro de las Provincias Unidas del R\u00edo de la Plata.<b> Ram\u00edrez muri\u00f3 en julio de 1821 a manos de las tropas de Estanislao L\u00f3pez <\/b>y al poco tiempo Entre R\u00edos volvi\u00f3 a ser una provincia.<\/p>\n<p><iframe style=\"border: 0px; position: absolute; top: 0px; left: 0px; height: 100%;\" allowfullscreen=\"\" frameborder=\"0\" src=\"https:\/\/www.youtube.com\/embed\/z-pISFMhZZM\"><\/iframe><\/p>\n<h2>1899.<br \/>\nNace Ladislao Biro<\/h2>\n<p>En Budapest nace <b>Ladislao Biro<\/b>. Inventor y periodista, se radic\u00f3 en la Argentina, donde muri\u00f3 en 1985. Su invento m\u00e1s famoso es la birome. En su honor, en la Argentina, el 29 de septiembre es el <b>D\u00eda del Inventor<\/b>.<\/p>\n<p><iframe style=\"border: 0px; position: absolute; top: 0px; left: 0px; height: 100%;\" allowfullscreen=\"\" frameborder=\"0\" src=\"https:\/\/www.youtube.com\/embed\/PmdR1SLaIFg\"><\/iframe><\/p>\n<h2>1902.<br \/>\nMuere \u00c9mile Zola<\/h2>\n<p><b>Muere asfixiado con mon\u00f3xido de carbono el escritor franc\u00e9s \u00c9mile Zola<\/b>, tras taparse la chimenea de una estufa. Aun hoy se discute si fue asesinado.<b> Exponente de la literatura naturalista<\/b>, el autor de <i>Germinal<\/i> y <i>Nana<\/i> era, con su carta p\u00fablica <i>Yo acuso<\/i>, la cara visible entre quienes denunciaban<a href=\"https:\/\/www.pagina12.com.ar\/513385-el-caso-dreyfus-la-conspiracion-antisemita-que-dividio-a-fra\"> la falsedad del proceso judicial contra el capit\u00e1n Alfred Dreyfus<\/a>, acusado de espionaje en un proceso con connotaciones antisemitas.<\/p>\n<p><iframe style=\"border: 0px; position: absolute; top: 0px; left: 0px; height: 100%;\" allowfullscreen=\"\" frameborder=\"0\" src=\"https:\/\/www.youtube.com\/embed\/bTStzVavGpo\"><\/iframe><\/p>\n<h2>1912.<br \/>\nEl nacimiento de Michelangelo Antonioni<\/h2>\n<p>En Ferrara nace <b>Michelangelo Antonioni<\/b>, uno de los principales directores del cine italiano. T\u00edtulos como <i>La noche<\/i>, <i><a href=\"https:\/\/www.pagina12.com.ar\/diario\/suplementos\/radar\/subnotas\/6405-1184-2010-08-22.html\">La aventura<\/a> <\/i>y <i>El desierto rojo<\/i>, le dieron fama mundial. Su pel\u00edcula m\u00e1s conocida es <i><a href=\"https:\/\/www.pagina12.com.ar\/69231-la-foto-de-un-adios\">Blow Up<\/a><\/i>, basada en el cuento \u201cLas babas del diablo\u201d, de Julio Cort\u00e1zar. Recibi\u00f3 un Oscar honorario en 1995. <a href=\"https:\/\/www.pagina12.com.ar\/diario\/suplementos\/radar\/9-4018-2007-08-05.html\">Muri\u00f3 en 2007<\/a> en Roma.<\/p>\n<p><iframe style=\"border: 0px; position: absolute; top: 0px; left: 0px; height: 100%;\" allowfullscreen=\"\" frameborder=\"0\" src=\"https:\/\/www.youtube.com\/embed\/EW1-zJbsf-k\"><\/iframe><\/p>\n<h2>1951.<br \/>\nNace Michelle Bachelet<\/h2>\n<p>En Santiago nace <b>Michelle Bachelet<\/b>, la primera mujer presidenta de Chile. Hija de un oficial de la Fuerza A\u00e9rea, sufri\u00f3 el asesinato de su padre tras el golpe, adem\u00e1s de ser torturada en un centro clandestino.<b> Parti\u00f3 al exilio a Alemania del Este<\/b>. Fue ministra de Defensa antes de ser electa presidenta en 2005. Dej\u00f3 el cargo cuatro m\u00e1s tarde y en 2013 logr\u00f3 un segundo mandato. Se desempe\u00f1\u00f3 como <b><a href=\"https:\/\/www.pagina12.com.ar\/258696-despiadado-diagnostico-de-bachelet-sobre-los-efectos-de-la-p\">Alta Comisionada de las Naciones Unidas para los Derechos Humanos <\/a><\/b>entre 2018 y 2022.<\/p>\n<p><iframe style=\"border: 0px; position: absolute; top: 0px; left: 0px; height: 100%;\" allowfullscreen=\"\" frameborder=\"0\" src=\"https:\/\/www.youtube.com\/embed\/u5ZgT92z57w\"><\/iframe><\/p>\n<h2>1964.<br \/>\nAparece <i>Mafalda<\/i><\/h2>\n<p>La revista <i>Primera Plana<\/i> presenta en sociedad una tira c\u00f3mica a cargo de Quino, seud\u00f3nimo de Joaqu\u00edn Salvador Lavado: <b><i>Mafalda<\/i><\/b>. <a href=\"https:\/\/www.pagina12.com.ar\/129488-quino-contra-la-mafalda-de-panuelo-celeste\">La peque\u00f1a de ideas progresistas<\/a> y sus amigos ser\u00e1n un s\u00edmbolo de los a\u00f1os 60 en la Argentina y <b>su fama llegar\u00e1 a todo el mundo iberoamericano<\/b>.<\/p>\n<p><iframe style=\"border: 0px; position: absolute; top: 0px; left: 0px; height: 100%;\" allowfullscreen=\"\" frameborder=\"0\" src=\"https:\/\/www.youtube.com\/embed\/kDm5tKNK50E\"><\/iframe><\/p>\n<h2>2012.<br \/>\nMuere el contralmirante B\u00fcsser<\/h2>\n<p>Fallece a los 84 a\u00f1os el contralmirante <b>Carlos B\u00fcsser<\/b>, m\u00e1ximo jefe militar del desembarco del 2 de abril de 1982 en las islas Malvinas. Llevaba tres a\u00f1os de detenci\u00f3n domiciliaria, a la espera de un juicio por <b><a href=\"https:\/\/www.pagina12.com.ar\/diario\/elpais\/1-141376-2010-03-04.html\">cr\u00edmenes de lesa humanidad<\/a><\/b>.<\/p>\n<p><iframe style=\"border: 0px; position: absolute; top: 0px; left: 0px; height: 100%;\" allowfullscreen=\"\" frameborder=\"0\" src=\"https:\/\/www.youtube.com\/embed\/ULGVfOT3Zys\"><\/iframe><\/p>\n<p>Adem\u00e1s, a instancias de la Organizaci\u00f3n Mundial de la Salud, es el<b> D\u00eda Mundial del Coraz\u00f3n<\/b>, para concientizar sobre los problemas card\u00edacos. Y es el <b>D\u00eda Internacional de Concientizaci\u00f3n sobre la P\u00e9rdida y el Desperdicio de Alimentos<\/b>, dispuesto por la Asamblea General de la ONU.<\/p>\n<h2\/>\n<h2><\/h2>\n<\/div>\n<p><a href=\"https:\/\/www.pagina12.com.ar\/770936-efemerides-de-hoy-que-paso-un-29-de-septiembre\">source<\/a><\/p>\n","protected":false},"excerpt":{"rendered":"<p>En las efem\u00e9rides del 29 de septiembre sobresalen estos hechos que ocurrieron un d\u00eda como&#8230;<\/p>\n","protected":false},"author":0,"featured_media":195262,"comment_status":"open","ping_status":"open","sticky":false,"template":"","format":"standard","meta":{"footnotes":""},"categories":[7],"tags":[],"class_list":["post-195261","post","type-post","status-publish","format-standard","has-post-thumbnail","hentry","category-sociedad"],"featured_image_urls":{"full":["https:\/\/radiofenix.com.ar\/2023\/wp-content\/uploads\/wp-header-logo.png",0,0,false],"thumbnail":["https:\/\/radiofenix.com.ar\/2023\/wp-content\/uploads\/wp-header-logo.png",1,1,false],"medium":["https:\/\/radiofenix.com.ar\/2023\/wp-content\/uploads\/wp-header-logo.png",1,1,false],"medium_large":["https:\/\/radiofenix.com.ar\/2023\/wp-content\/uploads\/wp-header-logo.png",1,1,false],"large":["https:\/\/radiofenix.com.ar\/2023\/wp-content\/uploads\/wp-header-logo.png",1,1,false],"1536x1536":["https:\/\/radiofenix.com.ar\/2023\/wp-content\/uploads\/wp-header-logo.png",1,1,false],"2048x2048":["https:\/\/radiofenix.com.ar\/2023\/wp-content\/uploads\/wp-header-logo.png",1,1,false],"newsium-slider-full":["https:\/\/radiofenix.com.ar\/2023\/wp-content\/uploads\/wp-header-logo.png",1,1,false],"newsium-featured":["https:\/\/radiofenix.com.ar\/2023\/wp-content\/uploads\/wp-header-logo.png",1,1,false],"newsium-medium":["https:\/\/radiofenix.com.ar\/2023\/wp-content\/uploads\/wp-header-logo.png",1,1,false]},"author_info":{"info":[""]},"category_info":"<a href=\"https:\/\/radiofenix.com.ar\/2023\/category\/sociedad\/\" rel=\"category tag\">Sociedad<\/a>","tag_info":"Sociedad","comment_count":"0","_links":{"self":[{"href":"https:\/\/radiofenix.com.ar\/2023\/wp-json\/wp\/v2\/posts\/195261","targetHints":{"allow":["GET"]}}],"collection":[{"href":"https:\/\/radiofenix.com.ar\/2023\/wp-json\/wp\/v2\/posts"}],"about":[{"href":"https:\/\/radiofenix.com.ar\/2023\/wp-json\/wp\/v2\/types\/post"}],"replies":[{"embeddable":true,"href":"https:\/\/radiofenix.com.ar\/2023\/wp-json\/wp\/v2\/comments?post=195261"}],"version-history":[{"count":0,"href":"https:\/\/radiofenix.com.ar\/2023\/wp-json\/wp\/v2\/posts\/195261\/revisions"}],"wp:featuredmedia":[{"embeddable":true,"href":"https:\/\/radiofenix.com.ar\/2023\/wp-json\/wp\/v2\/media\/195262"}],"wp:attachment":[{"href":"https:\/\/radiofenix.com.ar\/2023\/wp-json\/wp\/v2\/media?parent=195261"}],"wp:term":[{"taxonomy":"category","embeddable":true,"href":"https:\/\/radiofenix.com.ar\/2023\/wp-json\/wp\/v2\/categories?post=195261"},{"taxonomy":"post_tag","embeddable":true,"href":"https:\/\/radiofenix.com.ar\/2023\/wp-json\/wp\/v2\/tags?post=195261"}],"curies":[{"name":"wp","href":"https:\/\/api.w.org\/{rel}","templated":true}]}}